{"id":6084,"date":"2022-07-15T08:00:43","date_gmt":"2022-07-15T06:00:43","guid":{"rendered":"http:\/\/mukom.mondragon.edu\/mondragonfp\/?p=6084"},"modified":"2023-02-24T12:14:23","modified_gmt":"2023-02-24T11:14:23","slug":"testimonio-de-asier-leibar-alumno-dual-de-ciclo-formativo-de-grado-superior-de-asir-de-mgep","status":"publish","type":"post","link":"https:\/\/mukom.mondragon.edu\/mondragonfp\/es\/2022\/07\/15\/testimonio-de-asier-leibar-alumno-dual-de-ciclo-formativo-de-grado-superior-de-asir-de-mgep\/","title":{"rendered":"Testimonio de Asier Leibar, alumno DUAL de Ciclo Formativo de Grado Superior de ASIR de MGEP"},"content":{"rendered":"<p>Asier Leibar Garc\u00eda (Arrasate), es alumno del <a href=\"https:\/\/www.mondragon.edu\/es\/formacion-profesional-administracion-sistemas-informaticos-red\">CFGS de Administraci\u00f3n de Sistemas Inform\u00e1ticos en Red<\/a> de <a href=\"https:\/\/www.mondragon.edu\/es\/escuela-politecnica-superior\">MGEP<\/a>. Adem\u00e1s mientras ha estudiado a formado parte de la formaci\u00f3n <a href=\"https:\/\/www.mondragon.edu\/es\/formacion-profesional-administracion-sistemas-informaticos-red\/formacion-dual-regimen-alternancia\">DUAL <\/a>y \u00e9ste es su testimonio:<\/p>\n<p><strong>\u00bfPor qu\u00e9 decidiste estudiar\u00a0<a href=\"https:\/\/www.mondragon.edu\/es\/formacion-profesional-administracion-sistemas-informaticos-red\">ASIR<\/a>?<\/strong><\/p>\n<p>Anteriormente hab\u00eda estudiado el ciclo medio de Sistemas microinform\u00e1ticos y redes en Arizmendi Ikastola. Para m\u00ed\u00a0ha sido un itinerario natural. Habiendo estudiado el ciclo de grado medio y gust\u00e1ndome esta \u00e1rea, sobre todo cacharrear con los ordenadores, ha sido una decisi\u00f3n sencilla, natural. Quer\u00eda dar un salto m\u00e1s , y el ciclo de grado superior me lo ofrec\u00eda. y\u00a0adem\u00e1s tengo que decir que el ciclo de Microinform\u00e1tica me ha ayudado mucho para no empezar de cero.<\/p>\n<p><strong>\u00bfPor qu\u00e9 <a href=\"https:\/\/www.mondragon.edu\/es\/escuela-politecnica-superior\">MGEP<\/a>?<\/strong><\/p>\n<p>Como dec\u00eda estudiar en <a href=\"https:\/\/www.mondragon.edu\/es\/escuela-politecnica-superior\">MGEP <\/a>fue una decisi\u00f3n f\u00e1cil. Soy de Arrasate. Ahora, mirando hacia atr\u00e1s, dir\u00eda que es un itinerario bonito, donde se aprenden muchas cosas nuevas y se hacen nuevos amigo\/as.<\/p>\n<p><strong>En este ciclo formativo trabaj\u00e1is con la<a href=\"https:\/\/www.mondragon.edu\/es\/formacion-profesional-administracion-sistemas-informaticos-red\/aprender-haciendo\">\u00a0metodolog\u00eda activa ETHAZI<\/a>, es decir, trabajando las funciones profesionales a trav\u00e9s de retos\u00a0realizados\u00a0en equipo. \u00bfC\u00f3mo ha sido para ti esta experiencia?<\/strong><\/p>\n<p>En ASIR llevamos a cabo varios <a href=\"https:\/\/www.mondragon.edu\/es\/formacion-profesional-administracion-sistemas-informaticos-red\/aprender-haciendo\">retos<\/a>, tanto en el primer curso como en el segundo. Es una buena experiencia donde se trabaja el trabajo en equipo y aprendemos a organizar el trabajo y las tareas, y nos exigenentregas y presentaciones profesionales.<\/p>\n<p><strong>\u00bfPor qu\u00e9 decidiste hacer la formaci\u00f3n\u00a0<a href=\"https:\/\/www.mondragon.edu\/es\/formacion-profesional-administracion-sistemas-informaticos-red\/formacion-dual-regimen-alternancia\">DUAL<\/a>?<\/strong><\/p>\n<p>A la hora de decidir las pr\u00e1cticas, <a href=\"https:\/\/www.mondragon.edu\/es\/formacion-profesional-administracion-sistemas-informaticos-red\/formacion-dual-regimen-alternancia\">DUAL<\/a>, FCT, ERASMUS, lo tuve claro, mi apuesta fue por la <a href=\"https:\/\/www.mondragon.edu\/es\/formacion-profesional-administracion-sistemas-informaticos-red\/formacion-dual-regimen-alternancia\">DUAL<\/a>. Trabajar en la empresa es una opci\u00f3n muy buena. Se aprende mucho, por un lado obtienes nuevos conocimientos, por otro pones en pr\u00e1ctica cosas que has aprendido en el ciclo. Te enfrentas tambi\u00e9n a situaciones nuevas, y vas ganando poco a poco en soltura, autonom\u00eda.<\/p>\n<p><strong>\u00bfEn qu\u00e9 empresa est\u00e1s? \u00bfQu\u00e9 trabajos realizas?<\/strong><\/p>\n<p>Ahora mismo estoy haciendo <a href=\"https:\/\/www.mondragon.edu\/es\/formacion-profesional-administracion-sistemas-informaticos-red\/formacion-dual-regimen-alternancia\">DUAL <\/a>en la empresa\u00a0Hijos de Juan de Garay (O\u00f1ati). Estoy trabajando en el departamente de Sistemas de Informaci\u00f3n. Suelo preparar ordenadores, gestiono el\u00a0TeamViewer Management de los usuarios y gestiono grupos, instalo aplicaciones, cambio de piezas, documentaci\u00f3n, montaje de equipos en planta, etc. Adem\u00e1s por lo que me han comentado estoy siendo de ayuda en la empresa y est\u00e1n contentos con mi rendimiento. Eso me hace sentir\u00a0 orgulloso del trabajo que estoy realizando y la verdad, es muy motivador.<\/p>\n<div style=\"text-align: center\"><img loading=\"lazy\" class=\"alignnone size-medium\" src=\"https:\/\/live.staticflickr.com\/65535\/51909646879_24250cda49_4k.jpg\" width=\"3776\" height=\"2630\" \/><\/div>\n<p><strong>\u00bfA parte de las clases que m\u00e1s has aprendido en la empresa?<\/strong><\/p>\n<p>A parte de cosas t\u00e9cnicas, he aprendido a ser aut\u00f3nomo, a trabajar en equipo y a organizar el trabajo. Al decir verdad, estoy aprendiendo mucho dentro de la empresa.<\/p>\n<p>Es una experiencia muy bonita. Espero seguir aprendiendo mucho y mantenerme esta din\u00e1mica positiva.<\/p>\n<p><strong>\u00bfC\u00f3mo ha sido estudiar y trabajar al mismo tiempo?<\/strong><\/p>\n<p>Hasta ahora he estado estudiando por las ma\u00f1ana en MGEP durante 5 horas y despu\u00e9s 3 horas de <a href=\"https:\/\/www.mondragon.edu\/es\/formacion-profesional-administracion-sistemas-informaticos-red\/formacion-dual-regimen-alternancia\">DUAL <\/a>en la empresa. Si te organizas bien, puedes compaginar ambas cosas. En mi caso por ejemplo despu\u00e9s de trabajar, suelo ir al gimnasio. Suelo tener tiempo por las tardes para dedic\u00e1rmelos a m\u00ed mismo, a mis aficiones. Y en primavera ya me incorporar\u00e9 a jornada completa.<\/p>\n<p>Por lo tanto, la <a href=\"https:\/\/www.mondragon.edu\/es\/formacion-profesional-administracion-sistemas-informaticos-red\/formacion-dual-regimen-alternancia\">DUAL <\/a>me parece totalmente recomendable, y adem\u00e1s, te da m\u00e1s confianza para buscar trabajo tambi\u00e9n para cuando finalice los estudios. De momento seguir\u00e9 una buena temporada en Hijos de Juan de Garay.<\/p>\n<div style=\"text-align: center\"><img loading=\"lazy\" class=\"alignnone size-medium\" src=\"https:\/\/live.staticflickr.com\/65535\/51983914036_e0582c274b_o.jpg\" width=\"1099\" height=\"1518\" \/><\/div>\n","protected":false},"excerpt":{"rendered":"<p>Asier Leibar Garc\u00eda (Arrasate), es alumno del CFGS de Administraci\u00f3n de Sistemas Inform\u00e1ticos en Red de MGEP. Adem\u00e1s mientras ha estudiado a formado parte de la formaci\u00f3n DUAL y \u00e9ste es su testimonio: \u00bfPor qu\u00e9 decidiste estudiar\u00a0ASIR? Anteriormente hab\u00eda estudiado el ciclo medio de Sistemas microinform\u00e1ticos y redes en Arizmendi Ikastola. Para m\u00ed\u00a0ha sido un itinerario natural. Habiendo estudiado el ciclo de grado medio y gust\u00e1ndome esta \u00e1rea, sobre todo cacharrear con los ordenadores, ha sido una decisi\u00f3n sencilla, natural. Quer\u00eda dar un salto m\u00e1s , y el ciclo de grado superior me lo ofrec\u00eda. y\u00a0adem\u00e1s tengo que decir que el ciclo de Microinform\u00e1tica me ha ayudado mucho para no empezar de cero. \u00bfPor qu\u00e9 MGEP? Como dec\u00eda estudiar en MGEP fue una decisi\u00f3n f\u00e1cil. Soy de Arrasate. Ahora, mirando hacia atr\u00e1s, dir\u00eda que es un itinerario bonito, donde se&#8230;<\/p>\n","protected":false},"author":289,"featured_media":-1,"comment_status":"open","ping_status":"open","sticky":false,"template":"","format":"standard","meta":[],"categories":[142,171,144,114],"tags":[],"amp_enabled":true,"_links":{"self":[{"href":"https:\/\/mukom.mondragon.edu\/mondragonfp\/wp-json\/wp\/v2\/posts\/6084"}],"collection":[{"href":"https:\/\/mukom.mondragon.edu\/mondragonfp\/wp-json\/wp\/v2\/posts"}],"about":[{"href":"https:\/\/mukom.mondragon.edu\/mondragonfp\/wp-json\/wp\/v2\/types\/post"}],"author":[{"embeddable":true,"href":"https:\/\/mukom.mondragon.edu\/mondragonfp\/wp-json\/wp\/v2\/users\/289"}],"replies":[{"embeddable":true,"href":"https:\/\/mukom.mondragon.edu\/mondragonfp\/wp-json\/wp\/v2\/comments?post=6084"}],"version-history":[{"count":14,"href":"https:\/\/mukom.mondragon.edu\/mondragonfp\/wp-json\/wp\/v2\/posts\/6084\/revisions"}],"predecessor-version":[{"id":6601,"href":"https:\/\/mukom.mondragon.edu\/mondragonfp\/wp-json\/wp\/v2\/posts\/6084\/revisions\/6601"}],"wp:featuredmedia":[{"embeddable":true,"href":"https:\/\/mukom.mondragon.edu\/mondragonfp\/wp-json\/"}],"wp:attachment":[{"href":"https:\/\/mukom.mondragon.edu\/mondragonfp\/wp-json\/wp\/v2\/media?parent=6084"}],"wp:term":[{"taxonomy":"category","embeddable":true,"href":"https:\/\/mukom.mondragon.edu\/mondragonfp\/wp-json\/wp\/v2\/categories?post=6084"},{"taxonomy":"post_tag","embeddable":true,"href":"https:\/\/mukom.mondragon.edu\/mondragonfp\/wp-json\/wp\/v2\/tags?post=6084"}],"curies":[{"name":"wp","href":"https:\/\/api.w.org\/{rel}","templated":true}]}}