{"id":6171,"date":"2022-12-15T09:00:42","date_gmt":"2022-12-15T08:00:42","guid":{"rendered":"http:\/\/mukom.mondragon.edu\/mondragonfp\/?p=6171"},"modified":"2022-10-28T10:02:49","modified_gmt":"2022-10-28T08:02:49","slug":"testimonio-de-un-alumno-dual-de-2-curso-de-fp-mecatronica-industrial-de-mgep","status":"publish","type":"post","link":"https:\/\/mukom.mondragon.edu\/mondragonfp\/es\/2022\/12\/15\/testimonio-de-un-alumno-dual-de-2-curso-de-fp-mecatronica-industrial-de-mgep\/","title":{"rendered":"Testimonio de un alumno DUAL de 2. curso de FP Mecatr\u00f3nica Industrial de MGEP"},"content":{"rendered":"<p>Jon Ander Zabaleta Korta es alumno de 2. curso del Ciclo\u00a0 Superior de Formaci\u00f3n Profesional <a href=\"https:\/\/www.mondragon.edu\/es\/escuela-politecnica-superior\">CFGS <\/a>en <a href=\"https:\/\/www.mondragon.edu\/es\/formacion-profesional-mecatronica-industrial\">Mecatr\u00f3nica Industrial<\/a> de Mondragon Goi Eskola Politeknikoa <a href=\"https:\/\/www.mondragon.edu\/eu\/hasiera\">MGEP<\/a>. Adem\u00e1s Jon Ander ha realizado sus pr\u00e1cticas\u00a0 durante todo el a\u00f1o en el curso 2021-22 en empresa a trav\u00e9s del programa\u00a0 <a href=\"https:\/\/www.mondragon.edu\/es\/formacion-profesional-mecatronica-industrial\/formacion-dual-regimen-alternancia\">DUAL <\/a>y aqu\u00ed os dejamos la entrevista que le hemos realizado para que nos informe sobre su experiencia:<\/p>\n<p><strong>\u00bfC\u00f3mo te animaste a estudiar <a href=\"https:\/\/www.mondragon.edu\/es\/formacion-profesional-mecatronica-industrial\">Mecatr\u00f3nica Industrial<\/a>?<\/strong><\/p>\n<p>Eleg\u00ed el ciclo de <a href=\"https:\/\/www.mondragon.edu\/es\/formacion-profesional-mecatronica-industrial\">Mecatr\u00f3nica Industrial<\/a> por las salidas laborales que tiene. El perfil profesional es muy vers\u00e1til desde mi punto de vista. Tambi\u00e9n tengo que decir, que llevaba tiempo trabajando y ve\u00eda que era tambi\u00e9n el momento de cambiar, y qu\u00e9 mejor forma que estudiando nuevas materias, con idea de ampliar mis competencias y habilidades t\u00e9cnicas. Ten\u00eda claro que deb\u00eda ser de forma muy pr\u00e1ctica que es lo que ofrece los Ciclos formativos. Ped\u00ed una excedencia en el trabajo y empec\u00e9 a estudiar en busca de un futuro mejor.<\/p>\n<p><strong>\u00bfPor qu\u00e9 <a href=\"https:\/\/www.mondragon.edu\/es\/escuela-politecnica-superior\">MGEP<\/a>?<\/strong><\/p>\n<p>Para optar a la mejor opci\u00f3n\u00a0particip\u00e9 em\u00a0 jornadas de puertas abiertas, uno de ellos fue <a href=\"https:\/\/www.mondragon.edu\/es\/escuela-politecnica-superior\">MGEP <\/a>y me llev\u00e9 una muy buena impresi\u00f3n, tanto por las instalaciones como por el dise\u00f1o de los estudios fuertemente basado en retos y la metodolog\u00eda formativa ETHAZI.\u00a0\u00a0Por otro lado, mis padres hab\u00edan\u00a0 estudiado en <a href=\"https:\/\/www.mondragon.edu\/es\/escuela-politecnica-superior\">MGEP <\/a>y ten\u00edan muy buena opini\u00f3n. Todos estos factores hicieron que me decantara fnalmente por MGEP.<\/p>\n<p>He estado muy a gusto. He aprendido mucho. Los \u00a0retos\u00a0los he aprovechado al m\u00e1ximo y tengo la sensaci\u00f3n que gracias a ellos se puede aprender mucho m\u00e1s. Ha sido una experiencia muy positiva y creo que he llegado preparado a la <a href=\"https:\/\/www.mondragon.edu\/es\/formacion-profesional-mecatronica-industrial\/formacion-dual-regimen-alternancia\">DUAL <\/a>y aun teniendo mucho que aprender, soy m\u00e1s consciente a\u00fan de que tengo una buena base.<\/p>\n<p><strong>\u00bfQu\u00e9 puedes decir a cerca de la <a href=\"https:\/\/www.mondragon.edu\/es\/formacion-profesional-mecatronica-industrial\/formacion-dual-regimen-alternancia\">DUAL<\/a>?<\/strong><\/p>\n<p>Sobre la DUAL debo decir que \u00e9stas son mi segunda experiencia\u00a0\u00a0<a href=\"https:\/\/www.mondragon.edu\/es\/formacion-profesional-mecatronica-industrial\/formacion-dual-regimen-alternancia\">DUAL<\/a>. En el ciclo anterior tuve la opci\u00f3n de estar en este programa y sin duda es una experiencia para vivirla. Gracias a la DUAL profundizas mejor lo aprendido, trabajando tambi\u00e9n se aprende y adem\u00e1s con personas adultas, profesionales , tanto del mismo \u00e1mbito que t\u00fa est\u00e1s form\u00e1ndote como de otros,\u00a0 consigues otra perspectiva del propio perfil profesional, de tu puesto de trabajo y de la empresa. Las pr\u00e1cticas\u00a0 son muy cortas y la DUAL te da la oportunidad de trabajar durante todo el a\u00f1o. En las pr\u00e1cticas para cuando coges el ritmo ya se acaban y con la DUAL alargas esta experiencia y tienes m\u00e1s tiempo y por tanto m\u00e1s oportunidades para seguir aprendiendo.<\/p>\n<p><img loading=\"lazy\" class=\"alignnone size-medium\" src=\"https:\/\/live.staticflickr.com\/65535\/51884364122_0e45d3056d_o.jpg\" width=\"882\" height=\"1134\" \/><\/p>\n<p><strong>\u00bfD\u00f3nde has estado haciendo la <a href=\"https:\/\/www.mondragon.edu\/es\/formacion-profesional-mecatronica-industrial\/formacion-dual-regimen-alternancia\">DUAL<\/a>?<\/strong><\/p>\n<p>He estado en la empresa Mondragon Assembly. Esta empresa tiene diferentes departamentos y yo he trabajado en la rama de m\u00e1quinas especiales. Montamos m\u00e1quinas de muchos tipos, desde m\u00e1quinas del \u00e1mbito de la medicina a m\u00e1quinas para pegar pegatinas en ruedas. Nuestros clientes suelen ser empresas que no pueden producir estas m\u00e1quinas, ellos suelen dise\u00f1ar la m\u00e1quina y nosotros nos encargamos de montarlo tras proponer mejoras si se ven oportunidades.<\/p>\n<p>Mi trabajo es montar m\u00e1quinas entre otras cosas. Al fin y al cabo, para montar una m\u00e1quina hace falta una preparaci\u00f3n. Me tengo que asegurar de que han llegado todas las piezas, que coinciden con el plano, repartir el subconjunto, y hay que hacer bastante papeleo en las m\u00e1quinas que tienen que ver con medicina o comida, por el nivel de exigencia y el control que requieren Al supervisar todo, hay que seguir unas pautas.<\/p>\n<p>He estado muy a gusto y he aprendido mucho. Desde el primer d\u00eda los y las compa\u00f1eras de trabajo me trataron como uno mas y me han ense\u00f1ado much\u00edsimo a parte de responder a todas mis dudas y preguntas. Los primeros d\u00edas tuve mucha ayuda, estuve con un compa\u00f1ero haciendo todos los trabajos para entender todas las mec\u00e1nicas y poco a poco he ido cogiendo autonom\u00eda.<\/p>\n<p>Nuestra rama de la empresa se divide en varios grupos, cada grupo se encarga de sacar una m\u00e1quina. Mi instructor es el jefe de uno de esos grupos, organiza el grupo a diario y tiene contacto estrecho con el cliente. Reparte los trabajos en las reuniones que tenemos a diario y luego trabaja en lo necesario para sacar la m\u00e1quina adelante. El instructor no suele estar a mi lado, pero tampoco es necesario, en el caso de tener alguna duda o problema puedo contar con \u00e9l o con cualquier compa\u00f1ero. Aun as\u00ed, suele acercarse a nosotros con frecuencia para ver qu\u00e9 tal va la m\u00e1quina.<\/p>\n<p>No hay tiempo para aburrirse, hay mucho trabajo y la m\u00e1quina hay que entregarla a tiempo, una vez se termina el trabajo planificado , tenemos el compromiso de avisar de nuestra disponibilidad, y seguro que hay qu\u00e9 hacer. En el caso de que el instructor no tenga trabajo en ese momento, ayudas a otro compa\u00f1ero, incluso ver lo que hacen te ayuda a seguir aprendiendo. Una vez, los instructores y compa\u00f1eros de trabajo se encontraban fuera en una reuni\u00f3n, y yo hab\u00eda terminado mi trabajo media hora antes de acabar la jornada laboral, con lo cual, cog\u00ed la escoba y limpi\u00e9 nuestra zona, siempre hay algo que hacer.<\/p>\n<p><strong>\u00bfHas puesto en pr\u00e1ctica en Mondragon Assembly lo aprendido en clase?<\/strong><\/p>\n<p>S\u00ed, por supuesto, \u00a0he practicado mucho, por ejemplo la interpretaci\u00f3n de planos, designaci\u00f3n de tornillos, c\u00f3mo realizar agujeros depurados, poner conectores a cables, completar circuitos neum\u00e1ticos muchos trabajos mec\u00e1nicos. No\u00a0me ha tocado poner\u00a0en pr\u00e1ctica todo lo aprendido, pero s\u00ed mucho, al trabajar en montaje mec\u00e1nico por ejemplo no he utilizado la programaci\u00f3n de PLC, que es otra disciplina en la que hemos trabajado en el t\u00edtulo de mecatr\u00f3nica<\/p>\n<p><strong>\u00bfC\u00f3mo ha sido estudiar y trabajar a la vez?<\/strong><\/p>\n<p>Hay tiempo de sobra si lo aprovechas, el primer curso saqu\u00e9 el t\u00edtulo de C1 y 4 veces a la semana hac\u00eda deporte en el pueblo de al lado. En casa tambi\u00e9n hay que trabajar pero nada excesivo. El segundo curso hay menos trabajo para hacer en casa ya que es todo m\u00e1s pr\u00e1ctico pero aprovechando el tiempo en clase pr\u00e1cticamente no tienes que hacer nada en casa. Al volver del trabajo tienes tiempo para ti.<\/p>\n<p>Por lo tanto, recomiendo la formaci\u00f3n DUAL totalmente.<\/p>\n<p><strong>\u00bfQu\u00e9 intenci\u00f3n tienes para el futuro?<\/strong><\/p>\n<p>Quiero seguir trabajando en mi desarrollo profesional en una empresa puntera.<\/p>\n<p>Eskerrik asko Jon Ander por compartir con nosotros tu experiencia. Zorte on!<\/p>\n<p><img loading=\"lazy\" class=\"alignnone size-medium\" src=\"https:\/\/live.staticflickr.com\/65535\/51982903342_0268ca5618_o.jpg\" width=\"1666\" height=\"1961\" \/><\/p>\n<div><\/div>\n","protected":false},"excerpt":{"rendered":"<p>Jon Ander Zabaleta Korta es alumno de 2. curso del Ciclo\u00a0 Superior de Formaci\u00f3n Profesional CFGS en Mecatr\u00f3nica Industrial de Mondragon Goi Eskola Politeknikoa MGEP. Adem\u00e1s Jon Ander ha realizado sus pr\u00e1cticas\u00a0 durante todo el a\u00f1o en el curso 2021-22 en empresa a trav\u00e9s del programa\u00a0 DUAL y aqu\u00ed os dejamos la entrevista que le hemos realizado para que nos informe sobre su experiencia: \u00bfC\u00f3mo te animaste a estudiar Mecatr\u00f3nica Industrial? Eleg\u00ed el ciclo de Mecatr\u00f3nica Industrial por las salidas laborales que tiene. El perfil profesional es muy vers\u00e1til desde mi punto de vista. Tambi\u00e9n tengo que decir, que llevaba tiempo trabajando y ve\u00eda que era tambi\u00e9n el momento de cambiar, y qu\u00e9 mejor forma que estudiando nuevas materias, con idea de ampliar mis competencias y habilidades t\u00e9cnicas. Ten\u00eda claro que deb\u00eda ser de forma muy pr\u00e1ctica que es lo&#8230;<\/p>\n","protected":false},"author":289,"featured_media":-1,"comment_status":"open","ping_status":"open","sticky":false,"template":"","format":"standard","meta":[],"categories":[171,144,223,114],"tags":[],"amp_enabled":true,"_links":{"self":[{"href":"https:\/\/mukom.mondragon.edu\/mondragonfp\/wp-json\/wp\/v2\/posts\/6171"}],"collection":[{"href":"https:\/\/mukom.mondragon.edu\/mondragonfp\/wp-json\/wp\/v2\/posts"}],"about":[{"href":"https:\/\/mukom.mondragon.edu\/mondragonfp\/wp-json\/wp\/v2\/types\/post"}],"author":[{"embeddable":true,"href":"https:\/\/mukom.mondragon.edu\/mondragonfp\/wp-json\/wp\/v2\/users\/289"}],"replies":[{"embeddable":true,"href":"https:\/\/mukom.mondragon.edu\/mondragonfp\/wp-json\/wp\/v2\/comments?post=6171"}],"version-history":[{"count":29,"href":"https:\/\/mukom.mondragon.edu\/mondragonfp\/wp-json\/wp\/v2\/posts\/6171\/revisions"}],"predecessor-version":[{"id":6448,"href":"https:\/\/mukom.mondragon.edu\/mondragonfp\/wp-json\/wp\/v2\/posts\/6171\/revisions\/6448"}],"wp:featuredmedia":[{"embeddable":true,"href":"https:\/\/mukom.mondragon.edu\/mondragonfp\/wp-json\/"}],"wp:attachment":[{"href":"https:\/\/mukom.mondragon.edu\/mondragonfp\/wp-json\/wp\/v2\/media?parent=6171"}],"wp:term":[{"taxonomy":"category","embeddable":true,"href":"https:\/\/mukom.mondragon.edu\/mondragonfp\/wp-json\/wp\/v2\/categories?post=6171"},{"taxonomy":"post_tag","embeddable":true,"href":"https:\/\/mukom.mondragon.edu\/mondragonfp\/wp-json\/wp\/v2\/tags?post=6171"}],"curies":[{"name":"wp","href":"https:\/\/api.w.org\/{rel}","templated":true}]}}