{"id":649,"date":"2018-03-28T10:44:20","date_gmt":"2018-03-28T08:44:20","guid":{"rendered":"http:\/\/mukom.mondragon.edu\/mondragonfp\/?p=649"},"modified":"2023-03-14T14:11:42","modified_gmt":"2023-03-14T13:11:42","slug":"presentacion-dual-de-fagor-arrasate-a-alumnos-de-mecatronica-en-mgep","status":"publish","type":"post","link":"https:\/\/mukom.mondragon.edu\/mondragonfp\/es\/2018\/03\/28\/presentacion-dual-de-fagor-arrasate-a-alumnos-de-mecatronica-en-mgep\/","title":{"rendered":"Presentaci\u00f3n Dual de Fagor Arrasate a alumnos de Mecatr\u00f3nica en MGEP"},"content":{"rendered":"<p style=\"text-align: justify\">La ma\u00f1ana del 7 de Marzo, Aitziber Urcelay, T\u00e9cnico de \u00e1rea de persona, y Arkaitz Urretxa, T\u00e9cnico de Formaci\u00f3n, han venido a <a href=\"https:\/\/www.mondragon.edu\/es\/escuela-politecnica-superior\">MGEP<\/a> en representaci\u00f3n de <a href=\"http:\/\/www.fagorarrasate.com\/es\/index.aspx\">Fagor Arrasate<\/a> para dar a conocer sus necesidades en cuanto a formaci\u00f3n <a href=\"https:\/\/www.mondragon.edu\/es\/formacion-profesional-mecatronica-industrial\/formacion-dual-regimen-alternancia\">DUAL<\/a> a los alumnos del ciclo de <a href=\"https:\/\/www.mondragon.edu\/es\/formacion-profesional-mecatronica-industrial\">Mecatr\u00f3nica<\/a>.<\/p>\n<p style=\"text-align: justify\">Ha sido una hora donde han presentado la propia empresa de <a href=\"http:\/\/www.fagorarrasate.com\/es\/index.aspx\">F. Arrasate<\/a> y donde se localizan las necesidades de montadores. Tienen definido un proceso de formaci\u00f3n de 4 a\u00f1os m\u00e1s el a\u00f1o de <a href=\"https:\/\/www.mondragon.edu\/es\/formacion-profesional-mecatronica-industrial\/formacion-dual-regimen-alternancia\">DUAL<\/a>, para formar a Responsables de Montadores. Empezando con la formaci\u00f3n <a href=\"https:\/\/www.mondragon.edu\/es\/formacion-profesional-mecatronica-industrial\/formacion-dual-regimen-alternancia\">DUAL<\/a>, formaci\u00f3n en la t\u00e9cnica de montaje de sus productos y luego una plan de formaci\u00f3n t\u00e9cnico\/personal quieren conseguir gente que sea Jefe de un grupo de Montadores. Que planifique todo lo referente a la gesti\u00f3n del montaje del producto que ofrece <a href=\"http:\/\/www.fagorarrasate.com\/es\/index.aspx\">Fagor\u00a0 Arrasate<\/a> al cliente.<\/p>\n<p><img loading=\"lazy\" class=\"alignnone\" src=\"https:\/\/farm5.staticflickr.com\/4776\/38957074470_2da00f5dcb_b.jpg\" width=\"910\" height=\"644\" \/><\/p>\n<p style=\"text-align: justify\">Los alumnos han estado atentos a sus explicaciones donde se han dado cuenta de que la formaci\u00f3n en lengua extranjera y tener vocaci\u00f3n al trabajo es lo que piden en este caso.<\/p>\n","protected":false},"excerpt":{"rendered":"<p>La ma\u00f1ana del 7 de Marzo, Aitziber Urcelay, T\u00e9cnico de \u00e1rea de persona, y Arkaitz Urretxa, T\u00e9cnico de Formaci\u00f3n, han venido a MGEP en representaci\u00f3n de Fagor Arrasate para dar a conocer sus necesidades en cuanto a formaci\u00f3n DUAL a los alumnos del ciclo de Mecatr\u00f3nica. Ha sido una hora donde han presentado la propia empresa de F. Arrasate y donde se localizan las necesidades de montadores. Tienen definido un proceso de formaci\u00f3n de 4 a\u00f1os m\u00e1s el a\u00f1o de DUAL, para formar a Responsables de Montadores. Empezando con la formaci\u00f3n DUAL, formaci\u00f3n en la t\u00e9cnica de montaje de sus productos y luego una plan de formaci\u00f3n t\u00e9cnico\/personal quieren conseguir gente que sea Jefe de un grupo de Montadores. Que planifique todo lo referente a la gesti\u00f3n del montaje del producto que ofrece Fagor\u00a0 Arrasate al cliente. Los alumnos han&#8230;<\/p>\n","protected":false},"author":289,"featured_media":-1,"comment_status":"open","ping_status":"open","sticky":false,"template":"","format":"standard","meta":[],"categories":[144,164,114],"tags":[166],"amp_enabled":true,"_links":{"self":[{"href":"https:\/\/mukom.mondragon.edu\/mondragonfp\/wp-json\/wp\/v2\/posts\/649"}],"collection":[{"href":"https:\/\/mukom.mondragon.edu\/mondragonfp\/wp-json\/wp\/v2\/posts"}],"about":[{"href":"https:\/\/mukom.mondragon.edu\/mondragonfp\/wp-json\/wp\/v2\/types\/post"}],"author":[{"embeddable":true,"href":"https:\/\/mukom.mondragon.edu\/mondragonfp\/wp-json\/wp\/v2\/users\/289"}],"replies":[{"embeddable":true,"href":"https:\/\/mukom.mondragon.edu\/mondragonfp\/wp-json\/wp\/v2\/comments?post=649"}],"version-history":[{"count":5,"href":"https:\/\/mukom.mondragon.edu\/mondragonfp\/wp-json\/wp\/v2\/posts\/649\/revisions"}],"predecessor-version":[{"id":704,"href":"https:\/\/mukom.mondragon.edu\/mondragonfp\/wp-json\/wp\/v2\/posts\/649\/revisions\/704"}],"wp:featuredmedia":[{"embeddable":true,"href":"https:\/\/mukom.mondragon.edu\/mondragonfp\/wp-json\/"}],"wp:attachment":[{"href":"https:\/\/mukom.mondragon.edu\/mondragonfp\/wp-json\/wp\/v2\/media?parent=649"}],"wp:term":[{"taxonomy":"category","embeddable":true,"href":"https:\/\/mukom.mondragon.edu\/mondragonfp\/wp-json\/wp\/v2\/categories?post=649"},{"taxonomy":"post_tag","embeddable":true,"href":"https:\/\/mukom.mondragon.edu\/mondragonfp\/wp-json\/wp\/v2\/tags?post=649"}],"curies":[{"name":"wp","href":"https:\/\/api.w.org\/{rel}","templated":true}]}}