{"id":6543,"date":"2023-01-31T10:53:33","date_gmt":"2023-01-31T09:53:33","guid":{"rendered":"https:\/\/mukom.mondragon.edu\/mondragonfp\/?p=6543"},"modified":"2023-01-31T10:53:33","modified_gmt":"2023-01-31T09:53:33","slug":"informe-hetel-2022-de-empleabilidad-ciclos-de-grado-superior-de-fp-a-806-y-modalidad-dual-83-6-meses-tras-graduacion","status":"publish","type":"post","link":"https:\/\/mukom.mondragon.edu\/mondragonfp\/es\/2023\/01\/31\/informe-hetel-2022-de-empleabilidad-ciclos-de-grado-superior-de-fp-a-806-y-modalidad-dual-83-6-meses-tras-graduacion\/","title":{"rendered":"Informe  HETEL 2022 de empleabilidad: Ciclos de grado superior de FP a 80,6 y modalidad DUAL 83 % 6 meses tras graduaci\u00f3n"},"content":{"rendered":"<p>HETEL presenta en una rueda de prensa con los resultados de un informe m\u00e1s actualizado de empleabilidad sobre FP vasca (m\u00e1s de 3000 consultas). <strong>\u00abSituaci\u00f3n laboral en los ciclos formativos de los centros HETEL 2022\u00bb<\/strong>, estudio realizado por la asociaci\u00f3n con informaci\u00f3n de 28 de sus centros de Euskadi (9 de Gipuzkoa , entre ellos <strong><a href=\"https:\/\/www.mondragon.edu\/es\/ciclos-formativos-grado-superior\/oferta-formacion-profesional\">Mondragon Goi Eskola Politeknikoa<\/a><\/strong>,\u00a0 \u00a0 1 de \u00c1lava, y 17 de\u00a0 Bizkaia) y abarcan 19 familias profesionales.<\/p>\n<h2>Empleabilidad FP y empleabilidad en la modalidad DUAL<\/h2>\n<p>La<strong> inserci\u00f3n laboral<\/strong> del alumnado que ha cursado FP , alcanza <strong>m\u00e1s del80,6% de empleo al cabo de 6 meses.<\/strong><\/p>\n<p>La<strong> inserci\u00f3n laboral<\/strong> del alumnado que ha cursado FP en la modalidad Dual, alcanza <strong>m\u00e1s del 83% de empleo al cabo de 6 meses.<\/strong><\/p>\n<p>Un dato muy importante es que <strong>a mayor cualificaci\u00f3n, mayor empleabilidad.<\/strong><\/p>\n<p>Hace 2 a\u00f1os, en plena pandemia, HETEL (la Asociaci\u00f3n de Centros Abantean de Formaci\u00f3n Profesional de Euskadi) presentaba su Informe Anual de Empleabilidad, que arrojaba un dato muy positivo para la Formaci\u00f3n Profesional Vasca dada la situaci\u00f3n pand\u00e9mica el 66% de su alumnado consegu\u00eda empleo seis meses despu\u00e9s de concluir sus estudios<strong>.<\/strong> Y ese % ha ido creciendo , 75% en el a\u00f1o 2021\u00a0 y sobre todo en los <a href=\"https:\/\/www.mondragon.edu\/es\/ciclos-formativos-grado-superior\/oferta-formacion-profesional\">t\u00edtulos de \u00a0Grado Superior<\/a>, nivel que ofrece <a href=\"https:\/\/www.mondragon.edu\/es\/ciclos-formativos-grado-superior\/oferta-formacion-profesional\">MGEP<\/a>.<\/p>\n<h2 class=\"articleSubtitle\">Mujeres<\/h2>\n<h3 class=\"articleSubtitle\"><strong>La asignatura pendiente continua siendo la falta de mujeres en los ciclos tecnol\u00f3gicos\u00a0 e industriales.<\/strong><\/h3>\n<p>&nbsp;<\/p>\n<p>El informe ha tenido mucho eco.\u00a0 Esta es una muestra de\u00a0 las noticias publicadas en los diferentes medios:<\/p>\n<p><a href=\"https:\/\/www.elcorreo.com\/bizkaia\/formacion-profesional-euskadi-20230130120400-nt.html\">El Correo<\/a><\/p>\n<p><a href=\"https:\/\/www.diariovasco.com\/sociedad\/educacion\/alumnos-euskadi-trabajan-20230131080823-nt.html\">Diario Vasco<\/a><\/p>\n<p><a href=\"https:\/\/www.ondavasca.com\/el-75-del-alumnado-de-fp-encuentra-trabajo-a-los-seis-meses\/\">OndaVasca<\/a><\/p>\n<p>Eitb:\u00a0<a href=\"https:\/\/www.eitb.eus\/es\/noticias\/economia\/videos\/detalle\/9092602\/video-el-75-de-estudiantes-de-formacion-profesional-consiguen-trabajo\/\">V\u00eddeo:\u00a0<\/a><\/p>\n<p><a href=\"https:\/\/www.ondacero.es\/emisoras\/pais-vasco\/noticias\/solo-14-mujeres-optan-ciclos-industriales-tecnologicos_2023013063d7b1b9d3521e0001607320.html\">Onda Cero\u00a0<\/a><\/p>\n<p><a href=\"https:\/\/www.europapress.es\/euskadi\/noticia-80-personas-egresadas-fp-superior-hetel-trabaja-seis-meses-despues-finalizar-estudios-20230130120619.html\">Europa Press<\/a><\/p>\n<p><a href=\"https:\/\/www.noticiasdegipuzkoa.eus\/sociedad\/2023\/01\/31\/75-alumnado-fp-encuentra-trabajo-6385607.html\">Noticias de Gipuzkoa<\/a><\/p>\n<p><a href=\"https:\/\/www.eleconomista.es\/empleo\/noticias\/12127971\/01\/23\/El-80-de-las-personas-egresadas-de-FP-Superior-de-HETEL-trabaja-seis-meses-despues-de-finalizar-sus-estudios.html\">El Economista<\/a><\/p>\n<p><img src=\"https:\/\/live.staticflickr.com\/65535\/51856658669_5f37b4dcda_b.jpg\" \/><\/p>\n","protected":false},"excerpt":{"rendered":"<p>HETEL presenta en una rueda de prensa con los resultados de un informe m\u00e1s actualizado de empleabilidad sobre FP vasca (m\u00e1s de 3000 consultas). \u00abSituaci\u00f3n laboral en los ciclos formativos de los centros HETEL 2022\u00bb, estudio realizado por la asociaci\u00f3n con informaci\u00f3n de 28 de sus centros de Euskadi (9 de Gipuzkoa , entre ellos Mondragon Goi Eskola Politeknikoa,\u00a0 \u00a0 1 de \u00c1lava, y 17 de\u00a0 Bizkaia) y abarcan 19 familias profesionales. Empleabilidad FP y empleabilidad en la modalidad DUAL La inserci\u00f3n laboral del alumnado que ha cursado FP , alcanza m\u00e1s del80,6% de empleo al cabo de 6 meses. La inserci\u00f3n laboral del alumnado que ha cursado FP en la modalidad Dual, alcanza m\u00e1s del 83% de empleo al cabo de 6 meses. Un dato muy importante es que a mayor cualificaci\u00f3n, mayor empleabilidad. Hace 2 a\u00f1os, en plena&#8230;<\/p>\n","protected":false},"author":141,"featured_media":-1,"comment_status":"open","ping_status":"open","sticky":false,"template":"","format":"standard","meta":[],"categories":[97],"tags":[],"amp_enabled":true,"_links":{"self":[{"href":"https:\/\/mukom.mondragon.edu\/mondragonfp\/wp-json\/wp\/v2\/posts\/6543"}],"collection":[{"href":"https:\/\/mukom.mondragon.edu\/mondragonfp\/wp-json\/wp\/v2\/posts"}],"about":[{"href":"https:\/\/mukom.mondragon.edu\/mondragonfp\/wp-json\/wp\/v2\/types\/post"}],"author":[{"embeddable":true,"href":"https:\/\/mukom.mondragon.edu\/mondragonfp\/wp-json\/wp\/v2\/users\/141"}],"replies":[{"embeddable":true,"href":"https:\/\/mukom.mondragon.edu\/mondragonfp\/wp-json\/wp\/v2\/comments?post=6543"}],"version-history":[{"count":3,"href":"https:\/\/mukom.mondragon.edu\/mondragonfp\/wp-json\/wp\/v2\/posts\/6543\/revisions"}],"predecessor-version":[{"id":6546,"href":"https:\/\/mukom.mondragon.edu\/mondragonfp\/wp-json\/wp\/v2\/posts\/6543\/revisions\/6546"}],"wp:featuredmedia":[{"embeddable":true,"href":"https:\/\/mukom.mondragon.edu\/mondragonfp\/wp-json\/"}],"wp:attachment":[{"href":"https:\/\/mukom.mondragon.edu\/mondragonfp\/wp-json\/wp\/v2\/media?parent=6543"}],"wp:term":[{"taxonomy":"category","embeddable":true,"href":"https:\/\/mukom.mondragon.edu\/mondragonfp\/wp-json\/wp\/v2\/categories?post=6543"},{"taxonomy":"post_tag","embeddable":true,"href":"https:\/\/mukom.mondragon.edu\/mondragonfp\/wp-json\/wp\/v2\/tags?post=6543"}],"curies":[{"name":"wp","href":"https:\/\/api.w.org\/{rel}","templated":true}]}}