{"id":7204,"date":"2023-07-30T14:48:20","date_gmt":"2023-07-30T12:48:20","guid":{"rendered":"https:\/\/mukom.mondragon.edu\/mondragonfp\/?p=7204"},"modified":"2023-08-16T13:45:53","modified_gmt":"2023-08-16T11:45:53","slug":"mgep-bienestar-emocional-en-formacion-profesional","status":"publish","type":"post","link":"https:\/\/mukom.mondragon.edu\/mondragonfp\/es\/2023\/07\/30\/mgep-bienestar-emocional-en-formacion-profesional\/","title":{"rendered":"MGEP bienestar emocional en Formaci\u00f3n Profesional"},"content":{"rendered":"<p style=\"font-weight: 400\"><span class=\"interactive\">Queremos dar <\/span><span class=\"interactive\">a<\/span>\u00a0<span class=\"interactive\">conocer<\/span>\u00a0<span class=\"interactive\">el<\/span>\u00a0<span class=\"interactive\">proyecto<\/span>\u00a0 Ongizate emozionala Lanbide Heziketan o \u00a0<strong><span class=\"interactive\">Bienestar<\/span>\u00a0<span class=\"interactive\">emocional<\/span>\u00a0<span class=\"interactive\">en<\/span>\u00a0<span class=\"interactive\">la<\/span>\u00a0<span class=\"interactive\">Formaci\u00f3n<\/span>\u00a0<\/strong><span class=\"interactive\"><strong>Profesional.<\/strong> Un proyecto totalmente alineado con una preocupaci\u00f3n de MGEP y con la <\/span>\u00a0<span class=\"interactive\">puesto<\/span>\u00a0<span class=\"interactive\">en<\/span>\u00a0<span class=\"interactive\">marcha<\/span>\u00a0\u00a0<span class=\"interactive\">en<\/span>\u00a0<span class=\"interactive\">el<\/span>\u00a0<span class=\"interactive\">curso<\/span>\u00a0<span class=\"interactive\">22-23 <\/span>d<span class=\"interactive\">el<\/span>\u00a0<span class=\"interactive\">Servicio<\/span>\u00a0<span class=\"interactive\">de<\/span>\u00a0<span class=\"interactive\">Atenci\u00f3n<\/span>\u00a0<span class=\"interactive\">Psicol\u00f3gica<\/span>\u00a0<span class=\"interactive\">de<\/span>\u00a0<span class=\"interactive\">MGEP<\/span> (APZ &#8211; Atentzio Psikologiko Zerbitzua).<\/p>\n<p style=\"font-weight: 400\">Este proyecto Ongizate emozionala naci\u00f3 en 2020 de la mano de Tolosako Inmakulada Lanbide Ikastola (TILI) y EASO Politeknikoa, con el apoyo de Tknika.<\/p>\n<p style=\"font-weight: 400\"><span id=\"tgt_sent_0\">Compartimos la p<span class=\"interactive\">\u00e1gina<\/span>\u00a0<span class=\"interactive\">web, <\/span>\u00a0<span class=\"interactive\">que<\/span>\u00a0<span class=\"interactive\">ha<\/span>\u00a0<span class=\"interactive\">sido<\/span>\u00a0<span class=\"interactive\">una<\/span>\u00a0<span class=\"interactive\">de<\/span>\u00a0<span class=\"interactive\">las<\/span>\u00a0<span class=\"interactive\">actividades<\/span>\u00a0<span class=\"interactive\">del<\/span>\u00a0<span class=\"interactive\">proyecto.<\/span><\/span><\/p>\n<p style=\"font-weight: 400\"><span id=\"tgt_sent_1\"><span class=\"interactive\">En<\/span>\u00a0<span class=\"interactive\">ella<\/span>\u00a0<span class=\"interactive\">pod\u00e9is<\/span>\u00a0<span class=\"interactive\">ver<\/span>\u00a0<span class=\"interactive\">el<\/span>\u00a0<span class=\"interactive\">material<\/span>\u00a0<span class=\"interactive\">elaborado,<\/span>\u00a0<span class=\"interactive\">los<\/span>\u00a0<span class=\"interactive\">v\u00eddeos<\/span>\u00a0<span class=\"interactive\">realizados<\/span>\u00a0<span class=\"interactive\">y<\/span>\u00a0<span class=\"interactive\">todas<\/span>\u00a0<span class=\"interactive\">las<\/span>\u00a0<span class=\"interactive\">herramientas<\/span>\u00a0<span class=\"interactive\">y<\/span>\u00a0<span class=\"interactive\">contenidos<\/span>\u00a0<span class=\"interactive\">educativos,<\/span>\u00a0<span class=\"interactive\">tanto<\/span>\u00a0<span class=\"interactive\">en<\/span>\u00a0<span class=\"interactive\">euskera<\/span>\u00a0<span class=\"interactive\">como<\/span>\u00a0<span class=\"interactive\">en<\/span>\u00a0<span class=\"interactive\">castellano.<\/span><\/span><\/p>\n<p style=\"font-weight: 400;text-align: center\"><strong><a href=\"https:\/\/ongizate-emozionala.eus\/\" data-saferedirecturl=\"https:\/\/www.google.com\/url?q=https:\/\/ongizate-emozionala.eus\/&amp;source=gmail&amp;ust=1688817603761000&amp;usg=AOvVaw3ah7_iSEQhHkXzip03FTYo\">https:\/\/ongizate-emozionala.eus\/es\/guias<\/a><\/strong><\/p>\n<p><img loading=\"lazy\" class=\"aligncenter \" src=\"https:\/\/live.staticflickr.com\/65535\/53029036516_dc4e3bd408_n.jpg\" width=\"683\" height=\"384\" \/><\/p>\n<p><span class=\"interactive\">Los<\/span>\u00a0<span class=\"interactive\">temas<\/span>\u00a0<span class=\"interactive\">tratados<\/span>\u00a0<span class=\"interactive\">en<\/span>\u00a0<span class=\"interactive\">la<\/span>\u00a0<span class=\"interactive\">web<\/span>\u00a0<span class=\"interactive\">son<\/span>\u00a0<span class=\"interactive\">los<\/span>\u00a0<span class=\"interactive\">siguientes<\/span>\u00a0<span class=\"interactive\">y<\/span>\u00a0<span class=\"interactive\">merece<\/span>\u00a0<span class=\"interactive\">la<\/span>\u00a0<span class=\"interactive\">pena<\/span>\u00a0<span class=\"interactive\">analizarlos,<\/span>\u00a0<span class=\"interactive\">ya<\/span>\u00a0<span class=\"interactive\">que<\/span>\u00a0<span class=\"interactive\">est\u00e1n<\/span>\u00a0<span class=\"interactive\">hechos<\/span>\u00a0<span class=\"interactive\">con<\/span>\u00a0<span class=\"interactive\">mucho<\/span>\u00a0<span class=\"interactive\">cari\u00f1o<\/span>\u00a0<span class=\"interactive\">y<\/span>\u00a0<span class=\"interactive\">profesionalidad:<\/span><\/p>\n<ul>\n<li><b>Prevenci\u00f3n del suicidio<\/b><\/li>\n<li><strong>Prevenci\u00f3n de traanstornos alimentarios<\/strong><\/li>\n<li><strong>Prevenci\u00f3n de la ansiedad<\/strong><\/li>\n<li><strong>Prevenci\u00f3n de las alteraciones del sue\u00f1o<\/strong><\/li>\n<li><strong>Prevenci\u00f3n de la depresi\u00f3n<\/strong><\/li>\n<li><strong>Prevenci\u00f3n de la drogodependencia<\/strong><\/li>\n<\/ul>\n<p style=\"font-weight: 400\"><span id=\"tgt_sent_0\"><span class=\"interactive\">Este<\/span>\u00a0<span class=\"interactive\">proyecto<\/span>\u00a0<span class=\"interactive\">ha<\/span>\u00a0<span class=\"interactive\">sido<\/span>\u00a0<span class=\"interactive\">creado<\/span>\u00a0<span class=\"interactive\">en<\/span> el marco de <span class=\"interactive\">la<\/span>\u00a0<span class=\"interactive\">Formaci\u00f3n<\/span>\u00a0<span class=\"interactive\">Profesional<\/span>\u00a0<span class=\"interactive\">del<\/span>\u00a0<span class=\"interactive\">Pa\u00eds<\/span>\u00a0<span class=\"interactive\">Vasco<\/span>\u00a0<\/span><\/p>\n<p style=\"font-weight: 400\"><span id=\"tgt_sent_0\"><span class=\"interactive\">y<\/span>\u00a0<span class=\"interactive\">ha<\/span>\u00a0<span class=\"interactive\">sido recientemente <\/span>\u00a0<span class=\"interactive\">galardonado<\/span>\u00a0<span class=\"interactive\">con<\/span>\u00a0<span class=\"interactive\">el<\/span>\u00a0<span class=\"interactive\">primer<\/span>\u00a0<span class=\"interactive\">premio<\/span> a nivel nacional, compitiendo con otro \u00a0<span class=\"interactive\">300<\/span>\u00a0<span class=\"interactive\">proyectos de todo el esado<\/span><span class=\"interactive\">.<\/span><\/span>\u00a0<span id=\"tgt_sent_1\"><span class=\"interactive\">\u00a1Enhorabuena<\/span>\u00a0<span class=\"interactive\">al<\/span>\u00a0<span class=\"interactive\">equipo<\/span>\u00a0<span class=\"interactive\">de<\/span>\u00a0<span class=\"interactive\">trabajo<\/span>\u00a0<span class=\"interactive\">desde<\/span>\u00a0<span class=\"interactive\">aqu\u00ed!<\/span><\/span>\u00a0<span id=\"tgt_sent_2\"><span class=\"interactive\">!<\/span><\/span><\/p>\n<p style=\"font-weight: 400\">Contactos que pueden ser de ayuda:<\/p>\n<p><strong>BADABIDEBAT.<\/strong> Tlf 900840335 (DOAKOA)<br \/>\nwww.badabidebat.eus (online txat-a)<br \/>\nWhatsapp 747421720<br \/>\n<strong>&#8220;TEL\u00c9FONO DE LA ESPERANZA&#8221;<\/strong><br \/>\nKrisi egoeretarako Tlf 717003717<br \/>\n<strong>OSAKIDETZA. SALUD MENTAL<\/strong><br \/>\nhttps:\/\/www.osakidetza.euskadi.eus\/salud-mental\/-\/enfermedades-mentales\/<br \/>\n<strong>AGIFES<\/strong> Tlf 943474337<br \/>\n<strong>AVIFES<\/strong> Tlf 944456256<br \/>\n<strong>ASAFES<\/strong> Tlf 945288648<\/p>\n","protected":false},"excerpt":{"rendered":"<p>Queremos dar a\u00a0conocer\u00a0el\u00a0proyecto\u00a0 Ongizate emozionala Lanbide Heziketan o \u00a0Bienestar\u00a0emocional\u00a0en\u00a0la\u00a0Formaci\u00f3n\u00a0Profesional. Un proyecto totalmente alineado con una preocupaci\u00f3n de MGEP y con la \u00a0puesto\u00a0en\u00a0marcha\u00a0\u00a0en\u00a0el\u00a0curso\u00a022-23 del\u00a0Servicio\u00a0de\u00a0Atenci\u00f3n\u00a0Psicol\u00f3gica\u00a0de\u00a0MGEP (APZ &#8211; Atentzio Psikologiko Zerbitzua). Este proyecto Ongizate emozionala naci\u00f3 en 2020 de la mano de Tolosako Inmakulada Lanbide Ikastola (TILI) y EASO Politeknikoa, con el apoyo de Tknika. Compartimos la p\u00e1gina\u00a0web, \u00a0que\u00a0ha\u00a0sido\u00a0una\u00a0de\u00a0las\u00a0actividades\u00a0del\u00a0proyecto. En\u00a0ella\u00a0pod\u00e9is\u00a0ver\u00a0el\u00a0material\u00a0elaborado,\u00a0los\u00a0v\u00eddeos\u00a0realizados\u00a0y\u00a0todas\u00a0las\u00a0herramientas\u00a0y\u00a0contenidos\u00a0educativos,\u00a0tanto\u00a0en\u00a0euskera\u00a0como\u00a0en\u00a0castellano. https:\/\/ongizate-emozionala.eus\/es\/guias Los\u00a0temas\u00a0tratados\u00a0en\u00a0la\u00a0web\u00a0son\u00a0los\u00a0siguientes\u00a0y\u00a0merece\u00a0la\u00a0pena\u00a0analizarlos,\u00a0ya\u00a0que\u00a0est\u00e1n\u00a0hechos\u00a0con\u00a0mucho\u00a0cari\u00f1o\u00a0y\u00a0profesionalidad: Prevenci\u00f3n del suicidio Prevenci\u00f3n de traanstornos alimentarios Prevenci\u00f3n de la ansiedad Prevenci\u00f3n de las alteraciones del sue\u00f1o Prevenci\u00f3n de la depresi\u00f3n Prevenci\u00f3n de la drogodependencia Este\u00a0proyecto\u00a0ha\u00a0sido\u00a0creado\u00a0en el marco de la\u00a0Formaci\u00f3n\u00a0Profesional\u00a0del\u00a0Pa\u00eds\u00a0Vasco\u00a0 y\u00a0ha\u00a0sido recientemente \u00a0galardonado\u00a0con\u00a0el\u00a0primer\u00a0premio a nivel nacional, compitiendo con otro \u00a0300\u00a0proyectos de todo el esado.\u00a0\u00a1Enhorabuena\u00a0al\u00a0equipo\u00a0de\u00a0trabajo\u00a0desde\u00a0aqu\u00ed!\u00a0! Contactos que pueden ser de ayuda: BADABIDEBAT. Tlf 900840335 (DOAKOA) www.badabidebat.eus (online txat-a) Whatsapp 747421720 &#8220;TEL\u00c9FONO DE LA ESPERANZA&#8221; Krisi egoeretarako Tlf 717003717 OSAKIDETZA. SALUD MENTAL https:\/\/www.osakidetza.euskadi.eus\/salud-mental\/-\/enfermedades-mentales\/ AGIFES Tlf 943474337 AVIFES Tlf 944456256 ASAFES Tlf 945288648<\/p>\n","protected":false},"author":141,"featured_media":-1,"comment_status":"open","ping_status":"open","sticky":false,"template":"","format":"standard","meta":[],"categories":[171],"tags":[],"amp_enabled":true,"_links":{"self":[{"href":"https:\/\/mukom.mondragon.edu\/mondragonfp\/wp-json\/wp\/v2\/posts\/7204"}],"collection":[{"href":"https:\/\/mukom.mondragon.edu\/mondragonfp\/wp-json\/wp\/v2\/posts"}],"about":[{"href":"https:\/\/mukom.mondragon.edu\/mondragonfp\/wp-json\/wp\/v2\/types\/post"}],"author":[{"embeddable":true,"href":"https:\/\/mukom.mondragon.edu\/mondragonfp\/wp-json\/wp\/v2\/users\/141"}],"replies":[{"embeddable":true,"href":"https:\/\/mukom.mondragon.edu\/mondragonfp\/wp-json\/wp\/v2\/comments?post=7204"}],"version-history":[{"count":3,"href":"https:\/\/mukom.mondragon.edu\/mondragonfp\/wp-json\/wp\/v2\/posts\/7204\/revisions"}],"predecessor-version":[{"id":7227,"href":"https:\/\/mukom.mondragon.edu\/mondragonfp\/wp-json\/wp\/v2\/posts\/7204\/revisions\/7227"}],"wp:featuredmedia":[{"embeddable":true,"href":"https:\/\/mukom.mondragon.edu\/mondragonfp\/wp-json\/"}],"wp:attachment":[{"href":"https:\/\/mukom.mondragon.edu\/mondragonfp\/wp-json\/wp\/v2\/media?parent=7204"}],"wp:term":[{"taxonomy":"category","embeddable":true,"href":"https:\/\/mukom.mondragon.edu\/mondragonfp\/wp-json\/wp\/v2\/categories?post=7204"},{"taxonomy":"post_tag","embeddable":true,"href":"https:\/\/mukom.mondragon.edu\/mondragonfp\/wp-json\/wp\/v2\/tags?post=7204"}],"curies":[{"name":"wp","href":"https:\/\/api.w.org\/{rel}","templated":true}]}}