{"id":7387,"date":"2023-12-13T08:00:16","date_gmt":"2023-12-13T07:00:16","guid":{"rendered":"https:\/\/mukom.mondragon.edu\/mondragonfp\/?p=7387"},"modified":"2023-12-11T11:05:35","modified_gmt":"2023-12-11T10:05:35","slug":"ibon-perez-markuleta-alumno-dual-en-mgep-cfgs-mecatronica-en-la-empresa-hjg","status":"publish","type":"post","link":"https:\/\/mukom.mondragon.edu\/mondragonfp\/es\/2023\/12\/13\/ibon-perez-markuleta-alumno-dual-en-mgep-cfgs-mecatronica-en-la-empresa-hjg\/","title":{"rendered":"Ibon Perez Markuleta, alumno DUAL en MGEP-CFGS Mecatr\u00f3nica industrial en la empresa HJG"},"content":{"rendered":"<p>Hoy hemos estado con Ibon P\u00e9rez Markuleta, alumno de 2\u00ba de <a href=\"https:\/\/www.mondragon.edu\/es\/formacion-profesional-mecatronica-industrial\">Mecatr\u00f3nica Industrial<\/a> del <a href=\"https:\/\/www.mondragon.edu\/es\/ciclos-formativos-grado-superior\/oferta-formacion-profesional\">ciclo formativo de grado superior<\/a> (<a href=\"https:\/\/www.mondragon.edu\/es\/ciclos-formativos-grado-superior\/oferta-formacion-profesional\">CFGS<\/a>) en MGEP\u00a0 <a href=\"https:\/\/www.mondragon.edu\/es\">Mondragon Goi Eskola Politeknikoa<\/a>.<\/p>\n<p><strong>1.\u00bfPor qu\u00e9 decidiste realizar este Ciclo Formativo de Grado Superior? \u00bfY por qu\u00e9 en MGEP?<\/strong><\/p>\n<p>Al principio empec\u00e9 un grado de ingenier\u00eda, en otro centro, y no me convenci\u00f3, buscaba algo m\u00e1s pr\u00e1ctico. Por eso eleg\u00ed hacer este ciclo de grado superior. Adem\u00e1s\u00a0 vi\u00a0 la <a href=\"https:\/\/www.mondragon.edu\/es\/formacion-profesional-mecatronica-industrial\">Mecatr\u00f3nica industrial<\/a> como\u00a0 un ciclo formativo que puede tener muchas salidas, y al ser o\u00f1atiarra decid\u00ed hacerlo en Arrasate.<\/p>\n<p><strong>2. \u00bfQu\u00e9 ha supuesto para ti estudiar el ciclo? \u00bfQu\u00e9 aspectos del ciclo destacar\u00eda?<\/strong><\/p>\n<p>Los conocimientos del ciclo, me han parecido mucho m\u00e1s directos, m\u00e1s pr\u00e1cticos. Creo que est\u00e1n bien dirigidos al mundo laboral. Destacar\u00eda las horas de taller o los periodos de pr\u00e1cticas, que se me han hecho las m\u00e1s entretenidas.<\/p>\n<p><strong>3. \u00bfQu\u00e9 puedes decirnos de tu experiencia DUAL?<\/strong><\/p>\n<p>Empec\u00e9 el dual en junio de 2023, y lo acabar\u00e9 en junio del a\u00f1o siguiente, 2024. Tengo dos instructores que me hacen el seguimiento, el que es tutor de la empresa, Egoitz Urruzola, y el de MGEP, Josu Urkiola. En cuanto a la empresa, estoy en <strong>Hijos de Juan de Garay (HJG), de O\u00f1ati.<\/strong> \u00c9ste tiene 3 divisiones y yo estoy en el departamento de producci\u00f3n de tubos, destinado a la automoci\u00f3n. Con respecto a mi puesto, mi labor ser\u00eda de <strong>t\u00e9cnico de mantenimiento.<\/strong><\/p>\n<p><img loading=\"lazy\" class=\"aligncenter size-medium\" src=\"https:\/\/live.staticflickr.com\/65535\/53368037891_8c908cf42e_n.jpg\" width=\"275\" height=\"320\" \/><\/p>\n<p><strong>4. \u00bfQu\u00e9 tipo de tareas realiza en el DUAL? \u00bfEst\u00e1n alineados con lo aprendido? \u00bfQu\u00e9 responsabilidades ha tenido que asumir?<\/strong><\/p>\n<p>Fundamentalmente estoy realiando trabajo de oficina. El objetivo principal es avanzar en la<strong> digitalizaci\u00f3n del mantenimiento<\/strong>, y para ello he estado trabajando en la definici\u00f3n de la estructura del pabell\u00f3n, las diferentes gamas de trabajos preventivos, trabajos para la lista de sustitutos, etc.\u00a0 las labores que estoy llevando a cabo est\u00e1n totalmente alineadas con uno de los m\u00f3dulos de t\u00edtulo de mecatr\u00f3nica industrial, y con respecto al resto de los m\u00f3dulos, quiz\u00e1s no est\u00e9n tan directamente alineados, pero me est\u00e1n resultando de gran ayuda. Y es que el trabajo est\u00e1 ligado principalmente a la <strong>gesti\u00f3n del mantenimiento<\/strong>. No obstante, tambi\u00e9n es imprescindible saber de mec\u00e1nica. No me ha tocado a\u00fan trabajar mucho pero por ejemplo he hecho una estructura de todas las m\u00e1quinas del pabell\u00f3n.<\/p>\n<p>&nbsp;<\/p>\n<p><img loading=\"lazy\" class=\"aligncenter size-medium\" src=\"https:\/\/live.staticflickr.com\/65535\/53368351569_cc8dceedda_n.jpg\" width=\"297\" height=\"320\" \/><\/p>\n<p><strong>5.\u00bfQu\u00e9 te ha ofrecido hacer dual en la EMPRESA tanto desde el \u00e1mbito personal como t\u00e9cnico-profesional?<\/strong><\/p>\n<p>Se aprende a trabajar con gente diferente,\u00a0 de diferentes edades, lugares o puestos. Para el grupo de trabajo se tratan diferentes valores. Desde el \u00e1mbito t\u00e9cnico-profesional, creo que\u00a0 los conocimientos previos los estopy pudiendo ampliar de una manera mucho m\u00e1s profunda y creo que eso es lo bueno del DUAL. Lo que se aprende en el trabajo, muchas veces no se aprende en clase. En el centro se dan conocimientos generales, pero realmente se aprende a trabajar.<\/p>\n<p><strong>6. \u00bfVolver\u00edas a hacer el DUAL?<\/strong><\/p>\n<p>Lo volver\u00eda a hacer, sin duda. La experiencia es \u00fatil y te alimenta adem\u00e1s de las \u00e1reas t\u00e9cnicas como persona y como una experiencia vital m\u00e1s. Considero que las condiciones tambi\u00e9n son buenas.<\/p>\n<p><strong>7. \u00bfQu\u00e9 recomendaci\u00f3n le dar\u00eda a alguien que ahora estudia? \u00bfO a alguien que est\u00e9 pensando en estudiar ciclo o no?<\/strong><\/p>\n<p>Le animar\u00eda sin duda. En clase suele haber un buen ambiente, recibimos conocimientos \u00fatiles y que puede ser un curso con bastantes salidas. Y la opci\u00f3n de la DUAL es tambi\u00e9n muy recomendable.<\/p>\n<p><strong>8. \u00bfCu\u00e1les son tus planes de futuro?<\/strong><\/p>\n<p>La verdad es que todav\u00eda no lo tengo muy claro, es posible que haga alg\u00fan curso de especializaci\u00f3n de un a\u00f1o. Pero tambi\u00e9n me gustar\u00eda comentar eso con la empresa, porque la verdad es que estoy muy a gusto aqu\u00ed.<\/p>\n<p>Gracias Ibon por compartir con nosotros tu experiencia DUAL,<\/p>\n","protected":false},"excerpt":{"rendered":"<p>Hoy hemos estado con Ibon P\u00e9rez Markuleta, alumno de 2\u00ba de Mecatr\u00f3nica Industrial del ciclo formativo de grado superior (CFGS) en MGEP\u00a0 Mondragon Goi Eskola Politeknikoa. 1.\u00bfPor qu\u00e9 decidiste realizar este Ciclo Formativo de Grado Superior? \u00bfY por qu\u00e9 en MGEP? Al principio empec\u00e9 un grado de ingenier\u00eda, en otro centro, y no me convenci\u00f3, buscaba algo m\u00e1s pr\u00e1ctico. Por eso eleg\u00ed hacer este ciclo de grado superior. Adem\u00e1s\u00a0 vi\u00a0 la Mecatr\u00f3nica industrial como\u00a0 un ciclo formativo que puede tener muchas salidas, y al ser o\u00f1atiarra decid\u00ed hacerlo en Arrasate. 2. \u00bfQu\u00e9 ha supuesto para ti estudiar el ciclo? \u00bfQu\u00e9 aspectos del ciclo destacar\u00eda? Los conocimientos del ciclo, me han parecido mucho m\u00e1s directos, m\u00e1s pr\u00e1cticos. Creo que est\u00e1n bien dirigidos al mundo laboral. Destacar\u00eda las horas de taller o los periodos de pr\u00e1cticas, que se me han hecho las&#8230;<\/p>\n","protected":false},"author":289,"featured_media":-1,"comment_status":"open","ping_status":"open","sticky":false,"template":"","format":"standard","meta":[],"categories":[144,223,114],"tags":[],"amp_enabled":true,"_links":{"self":[{"href":"https:\/\/mukom.mondragon.edu\/mondragonfp\/wp-json\/wp\/v2\/posts\/7387"}],"collection":[{"href":"https:\/\/mukom.mondragon.edu\/mondragonfp\/wp-json\/wp\/v2\/posts"}],"about":[{"href":"https:\/\/mukom.mondragon.edu\/mondragonfp\/wp-json\/wp\/v2\/types\/post"}],"author":[{"embeddable":true,"href":"https:\/\/mukom.mondragon.edu\/mondragonfp\/wp-json\/wp\/v2\/users\/289"}],"replies":[{"embeddable":true,"href":"https:\/\/mukom.mondragon.edu\/mondragonfp\/wp-json\/wp\/v2\/comments?post=7387"}],"version-history":[{"count":4,"href":"https:\/\/mukom.mondragon.edu\/mondragonfp\/wp-json\/wp\/v2\/posts\/7387\/revisions"}],"predecessor-version":[{"id":7392,"href":"https:\/\/mukom.mondragon.edu\/mondragonfp\/wp-json\/wp\/v2\/posts\/7387\/revisions\/7392"}],"wp:featuredmedia":[{"embeddable":true,"href":"https:\/\/mukom.mondragon.edu\/mondragonfp\/wp-json\/"}],"wp:attachment":[{"href":"https:\/\/mukom.mondragon.edu\/mondragonfp\/wp-json\/wp\/v2\/media?parent=7387"}],"wp:term":[{"taxonomy":"category","embeddable":true,"href":"https:\/\/mukom.mondragon.edu\/mondragonfp\/wp-json\/wp\/v2\/categories?post=7387"},{"taxonomy":"post_tag","embeddable":true,"href":"https:\/\/mukom.mondragon.edu\/mondragonfp\/wp-json\/wp\/v2\/tags?post=7387"}],"curies":[{"name":"wp","href":"https:\/\/api.w.org\/{rel}","templated":true}]}}