{"id":7422,"date":"2024-03-01T08:00:26","date_gmt":"2024-03-01T07:00:26","guid":{"rendered":"https:\/\/mukom.mondragon.edu\/mondragonfp\/?p=7422"},"modified":"2024-02-26T18:11:22","modified_gmt":"2024-02-26T17:11:22","slug":"ander-errasti-alumno-de-mgep-cfgs-mecatronica-industrial-dual-en-copreci","status":"publish","type":"post","link":"https:\/\/mukom.mondragon.edu\/mondragonfp\/es\/2024\/03\/01\/ander-errasti-alumno-de-mgep-cfgs-mecatronica-industrial-dual-en-copreci\/","title":{"rendered":"Ander Errasti, alumno de MGEP CFGS Mecatr\u00f3nica industrial DUAL en COPRECI"},"content":{"rendered":"<p><strong>Testionio de Ander Errasti, alumno de <a href=\"https:\/\/www.mondragon.edu\/es\">MGEP<\/a> <a href=\"https:\/\/www.mondragon.edu\/es\/ciclos-formativos-grado-superior\/oferta-formacion-profesional\">CFGS<\/a> <a href=\"https:\/\/www.mondragon.edu\/es\/formacion-profesional-mecatronica-industrial\">Mecatr\u00f3nica industrial<\/a> DUAL en la empresa COPRECI<\/strong><\/p>\n<p><strong><em>\u00bfC\u00f3mo fue que decidiste hacer el ciclo de grado superior de<\/em> <a href=\"https:\/\/www.mondragon.edu\/es\/formacion-profesional-mecatronica-industrial\">Mecatr\u00f3nica industrial<\/a>?<\/strong><\/p>\n<p>Porque ya me llamaba la atenci\u00f3n todo lo relacionado con el mundo industrial\u00a0 y me pareci\u00f3 un ciclo completo. Y decid\u00ed\u00a0 cursarlo en <a href=\"https:\/\/www.mondragon.edu\/es\">MGEP<\/a> porque me lo han recomendado conocidos.<br \/>\nAhora mirando hacia atr\u00e1s me han gustado todas las pr\u00e1cticas que hemos realizado\u00a0 a lo largo del Ciclo, y estudiar me ha resultado tan pr\u00e1ctico como atractivo.<\/p>\n<p>&nbsp;<\/p>\n<p><img loading=\"lazy\" class=\"aligncenter \" src=\"https:\/\/live.staticflickr.com\/65535\/53444156396_3ebfe62f39_n.jpg\" width=\"518\" height=\"733\" \/><\/p>\n<p>En general, la materia trabajada\u00a0 en ambos cursos me ha resultado muy interesante, muy motivadora, y muy alineada con el mundo industrial, que es lo que m\u00e1s me interesaba.<\/p>\n<p>Por otro, tambi\u00e9n apost\u00e9 por el DUAL. Y estar\u00e9 en la empresa\u00a0 COPRECI desde junio de 2023 hasta junio de 2024. Mi instructor es Oscar Madina<\/p>\n<p>La empresa COPRECI <strong>desarrolla\u00a0 y suministra\u00a0 electrodom\u00e9sticos<\/strong> en estrecha colaboraci\u00f3n con los fabricantes, buscando la optimizaci\u00f3n y fiabilidad de la aplicaci\u00f3n final, desde 1963.<br \/>\nY mi secci\u00f3n o grupo de trabajo tiene como \u00e1mbito de trabajo la <strong>secci\u00f3n de cocci\u00f3n de gas<\/strong>, que es el campo de montaje.<br \/>\nMi trabajo consiste en ayudar a un maquinista (operario) con la producci\u00f3n de v\u00e1lvulas. Realizar correctamente trabajos visuales (unitarios) en la producci\u00f3n de piezas<br \/>\ntener mucho en cuenta&#8230;<\/p>\n<p>Copreci me ha permitido <strong>ganar experiencia laboral<\/strong> y estoy muy agadecido.<\/p>\n<p>A m\u00ed me ha gustado mucho el <strong>DUAL,<\/strong> no tengo ninguna duda de que si volviera a estudiar, har\u00eda en formato DUAL. Recomendar\u00eda a los alumnos de 1\u00ba que se animen a hacer la DUAL y claro, para ello, que <strong>se esfuercen en sacar buenas notas en el primer a\u00f1o de mecatr\u00f3nica para poder garantizar que encontrar\u00e1 una empresa a su gusto.<\/strong><\/p>\n<p>&nbsp;<\/p>\n<p>&nbsp;<\/p>\n","protected":false},"excerpt":{"rendered":"<p>Testionio de Ander Errasti, alumno de MGEP CFGS Mecatr\u00f3nica industrial DUAL en la empresa COPRECI \u00bfC\u00f3mo fue que decidiste hacer el ciclo de grado superior de Mecatr\u00f3nica industrial? Porque ya me llamaba la atenci\u00f3n todo lo relacionado con el mundo industrial\u00a0 y me pareci\u00f3 un ciclo completo. Y decid\u00ed\u00a0 cursarlo en MGEP porque me lo han recomendado conocidos. Ahora mirando hacia atr\u00e1s me han gustado todas las pr\u00e1cticas que hemos realizado\u00a0 a lo largo del Ciclo, y estudiar me ha resultado tan pr\u00e1ctico como atractivo. &nbsp; En general, la materia trabajada\u00a0 en ambos cursos me ha resultado muy interesante, muy motivadora, y muy alineada con el mundo industrial, que es lo que m\u00e1s me interesaba. Por otro, tambi\u00e9n apost\u00e9 por el DUAL. Y estar\u00e9 en la empresa\u00a0 COPRECI desde junio de 2023 hasta junio de 2024. Mi instructor es Oscar&#8230;<\/p>\n","protected":false},"author":289,"featured_media":-1,"comment_status":"open","ping_status":"open","sticky":false,"template":"","format":"standard","meta":[],"categories":[171,144,223],"tags":[],"amp_enabled":true,"_links":{"self":[{"href":"https:\/\/mukom.mondragon.edu\/mondragonfp\/wp-json\/wp\/v2\/posts\/7422"}],"collection":[{"href":"https:\/\/mukom.mondragon.edu\/mondragonfp\/wp-json\/wp\/v2\/posts"}],"about":[{"href":"https:\/\/mukom.mondragon.edu\/mondragonfp\/wp-json\/wp\/v2\/types\/post"}],"author":[{"embeddable":true,"href":"https:\/\/mukom.mondragon.edu\/mondragonfp\/wp-json\/wp\/v2\/users\/289"}],"replies":[{"embeddable":true,"href":"https:\/\/mukom.mondragon.edu\/mondragonfp\/wp-json\/wp\/v2\/comments?post=7422"}],"version-history":[{"count":2,"href":"https:\/\/mukom.mondragon.edu\/mondragonfp\/wp-json\/wp\/v2\/posts\/7422\/revisions"}],"predecessor-version":[{"id":7444,"href":"https:\/\/mukom.mondragon.edu\/mondragonfp\/wp-json\/wp\/v2\/posts\/7422\/revisions\/7444"}],"wp:featuredmedia":[{"embeddable":true,"href":"https:\/\/mukom.mondragon.edu\/mondragonfp\/wp-json\/"}],"wp:attachment":[{"href":"https:\/\/mukom.mondragon.edu\/mondragonfp\/wp-json\/wp\/v2\/media?parent=7422"}],"wp:term":[{"taxonomy":"category","embeddable":true,"href":"https:\/\/mukom.mondragon.edu\/mondragonfp\/wp-json\/wp\/v2\/categories?post=7422"},{"taxonomy":"post_tag","embeddable":true,"href":"https:\/\/mukom.mondragon.edu\/mondragonfp\/wp-json\/wp\/v2\/tags?post=7422"}],"curies":[{"name":"wp","href":"https:\/\/api.w.org\/{rel}","templated":true}]}}