{"id":7424,"date":"2024-01-17T08:00:31","date_gmt":"2024-01-17T07:00:31","guid":{"rendered":"https:\/\/mukom.mondragon.edu\/mondragonfp\/?p=7424"},"modified":"2024-01-11T18:05:48","modified_gmt":"2024-01-11T17:05:48","slug":"maider-valdezate-alumna-mgep-cfgs-asir-monitora-en-el-camp-tecnologico-de-navidad","status":"publish","type":"post","link":"https:\/\/mukom.mondragon.edu\/mondragonfp\/es\/2024\/01\/17\/maider-valdezate-alumna-mgep-cfgs-asir-monitora-en-el-camp-tecnologico-de-navidad\/","title":{"rendered":"Maider Valdezate, alumna MGEP CFGS ASIR monitora en el Camp tecnol\u00f3gico de Navidad"},"content":{"rendered":"<p>Los d\u00edas 3, 4 y 5 de enero de 2024, 14 j\u00f3venes participaron en el Campamento Tecnol\u00f3gico de la Escuela Polit\u00e9cnica Superior de Mondragon (MGEP) para aprender y disfrutar de la Rob\u00f3tica y la Programaci\u00f3n.Esta iniciativa se ofrece con la colaboraci\u00f3n de Arizmendi Ikastola y la empresa CampTecnologico, aprovechando las vacaciones navide\u00f1as y pascuas desde el a\u00f1o 2011.<\/p>\n<p>Maider Valdezate, alumna de 1\u00ba de <a href=\"https:\/\/www.mondragon.edu\/es\/formacion-profesional-administracion-sistemas-informaticos-red\">Administraci\u00f3n de Sistemas Inform\u00e1ticos en Red<\/a> (<a href=\"https:\/\/www.mondragon.edu\/es\/formacion-profesional-administracion-sistemas-informaticos-red\">ASIR<\/a>) del Ciclo Formativo de Grado Superior (CFGS) de la Escuela Polit\u00e9cnica Superior (MGEP), ha ejercido de monitora y hemos querido recopilar su experiencia.<\/p>\n<div class=\"gmail_default\"><\/div>\n<div><\/div>\n<div class=\"amp-wp-7023da7\" data-amp-original-style=\"text-align: center\"><img loading=\"lazy\" class=\"aligncenter \" src=\"https:\/\/live.staticflickr.com\/65535\/53444357758_8b883be9b3_n.jpg\" width=\"591\" height=\"364\" \/><\/div>\n<div class=\"gmail_default amp-wp-7023da7\" style=\"text-align: center\" data-amp-original-style=\"text-align: center\"><em>Maider Valdezate en el aula del camp tecnol\u00f3gico de MU en Garaia<\/em><\/div>\n<div data-amp-original-style=\"text-align: center\"><\/div>\n<div class=\"gmail_default amp-wp-6599cf4\" data-amp-original-style=\"text-align: left\">\n<p>\u2013<em> \u00bfQu\u00e9 le ha motivado a participar\u00a0 como monitora en los Campamentos Tecnol\u00f3gicos?<\/em> Tengo que decir que me ha motivado el deseo de vivir una nueva experiencia. Hasta ahora no me ha tocado trabajar con ni\u00f1os y ni\u00f1as y ten\u00eda ganas de participar en algo as\u00ed, sobre todo para estar con ell@s y ayudarles en el proceso de aprendizaje. Este a\u00f1o hemos estado con 14 ni\u00f1@s, entre 6\/8 a\u00f1os. Por otro lado, hemos estado dos monitores: Mikel Telleria, estudiante de Ingenier\u00eda, y yo, alumna de 1\u00ba de <a href=\"https:\/\/www.mondragon.edu\/es\/formacion-profesional-administracion-sistemas-informaticos-red\">ASIR<\/a>, y esto tambi\u00e9n ha sido enriquecedor.<\/p>\n<p>\u2013 <em>\u00bfC\u00f3mo ha visto a l@s ni\u00f1@s? \u00bfQu\u00e9 tal se las han arreglado?<\/em> Se\u00a0 han adaptado bastante bien a las tecnolog\u00edas que les hemos ense\u00f1ado. Much@s de ell@s las conoc\u00edan de antes, entonces ha sido mucho m\u00e1s f\u00e1cil seguir el ritmo de las clases. A l@s m\u00e1s peque\u00f1@s les ha costado un poco m\u00e1s, pero a\u00fan as\u00ed no han perdido el inter\u00e9s, y han trabajado como los dem\u00e1s. Ha sido bastante gratificante ver c\u00f3mo terminaban los retos que nos propon\u00edamos y la ilusi\u00f3n que les hac\u00eda.<\/p>\n<p>\u00a1Gracias Maider por compartir tu experiencia con nosotr@s!<\/p>\n<\/div>\n","protected":false},"excerpt":{"rendered":"<p>Los d\u00edas 3, 4 y 5 de enero de 2024, 14 j\u00f3venes participaron en el Campamento Tecnol\u00f3gico de la Escuela Polit\u00e9cnica Superior de Mondragon (MGEP) para aprender y disfrutar de la Rob\u00f3tica y la Programaci\u00f3n.Esta iniciativa se ofrece con la colaboraci\u00f3n de Arizmendi Ikastola y la empresa CampTecnologico, aprovechando las vacaciones navide\u00f1as y pascuas desde el a\u00f1o 2011. Maider Valdezate, alumna de 1\u00ba de Administraci\u00f3n de Sistemas Inform\u00e1ticos en Red (ASIR) del Ciclo Formativo de Grado Superior (CFGS) de la Escuela Polit\u00e9cnica Superior (MGEP), ha ejercido de monitora y hemos querido recopilar su experiencia. Maider Valdezate en el aula del camp tecnol\u00f3gico de MU en Garaia \u2013 \u00bfQu\u00e9 le ha motivado a participar\u00a0 como monitora en los Campamentos Tecnol\u00f3gicos? Tengo que decir que me ha motivado el deseo de vivir una nueva experiencia. Hasta ahora no me ha tocado trabajar&#8230;<\/p>\n","protected":false},"author":289,"featured_media":-1,"comment_status":"open","ping_status":"open","sticky":false,"template":"","format":"standard","meta":[],"categories":[142,114],"tags":[],"amp_enabled":true,"_links":{"self":[{"href":"https:\/\/mukom.mondragon.edu\/mondragonfp\/wp-json\/wp\/v2\/posts\/7424"}],"collection":[{"href":"https:\/\/mukom.mondragon.edu\/mondragonfp\/wp-json\/wp\/v2\/posts"}],"about":[{"href":"https:\/\/mukom.mondragon.edu\/mondragonfp\/wp-json\/wp\/v2\/types\/post"}],"author":[{"embeddable":true,"href":"https:\/\/mukom.mondragon.edu\/mondragonfp\/wp-json\/wp\/v2\/users\/289"}],"replies":[{"embeddable":true,"href":"https:\/\/mukom.mondragon.edu\/mondragonfp\/wp-json\/wp\/v2\/comments?post=7424"}],"version-history":[{"count":2,"href":"https:\/\/mukom.mondragon.edu\/mondragonfp\/wp-json\/wp\/v2\/posts\/7424\/revisions"}],"predecessor-version":[{"id":7443,"href":"https:\/\/mukom.mondragon.edu\/mondragonfp\/wp-json\/wp\/v2\/posts\/7424\/revisions\/7443"}],"wp:featuredmedia":[{"embeddable":true,"href":"https:\/\/mukom.mondragon.edu\/mondragonfp\/wp-json\/"}],"wp:attachment":[{"href":"https:\/\/mukom.mondragon.edu\/mondragonfp\/wp-json\/wp\/v2\/media?parent=7424"}],"wp:term":[{"taxonomy":"category","embeddable":true,"href":"https:\/\/mukom.mondragon.edu\/mondragonfp\/wp-json\/wp\/v2\/categories?post=7424"},{"taxonomy":"post_tag","embeddable":true,"href":"https:\/\/mukom.mondragon.edu\/mondragonfp\/wp-json\/wp\/v2\/tags?post=7424"}],"curies":[{"name":"wp","href":"https:\/\/api.w.org\/{rel}","templated":true}]}}