{"id":7475,"date":"2024-02-14T08:00:24","date_gmt":"2024-02-14T07:00:24","guid":{"rendered":"https:\/\/mukom.mondragon.edu\/mondragonfp\/?p=7475"},"modified":"2024-02-14T08:57:53","modified_gmt":"2024-02-14T07:57:53","slug":"presentacion-de-fagor-ederlan-al-alumnado-de-cfgs-de-mgep-previo-al-arranque-del-periodo-de-practicas-dual","status":"publish","type":"post","link":"https:\/\/mukom.mondragon.edu\/mondragonfp\/es\/2024\/02\/14\/presentacion-de-fagor-ederlan-al-alumnado-de-cfgs-de-mgep-previo-al-arranque-del-periodo-de-practicas-dual\/","title":{"rendered":"Presentaci\u00f3n de Fagor Ederlan al alumnado de CFGS de MGEP previo al arranque del periodo de pr\u00e1cticas DUAL (video)"},"content":{"rendered":"<p>Como proceso de comunicaci\u00f3n y orientaci\u00f3n del <a href=\"https:\/\/www.mondragon.edu\/es\/formacion-profesional-automatizacion-robotica-industrial\/practicas-empresa\">Programa DUAL<\/a>, la <a href=\"https:\/\/www.mondragon.edu\/es\/ciclos-formativos-grado-superior\/oferta-formacion-profesional\">Formaci\u00f3n Profesional de Ciclo Superior<\/a>\u00a0de\u00a0<a href=\"https:\/\/www.mondragon.edu\/es\/ciclos-formativos-grado-superior\/oferta-formacion-profesional\">MGEP<\/a> realiza una serie de actividades vinculadas a empresa con el alumnado.\u00a0 \u00a0Esta vez tuvimos como representantes de empresa a Rakel Belategi y Asier Sanchez , t\u00e9cnicos de gesti\u00f3n social de Fagor Ederlan Group, que aprovecharon la ocasi\u00f3n para trasladar a los alumnos y alumnas\u00a0\u00a0de 1. curso de <a href=\"https:\/\/www.mondragon.edu\/es\/ciclos-formativos-grado-superior\/oferta-formacion-profesional\">Formaci\u00f3n Profesional de Ciclo Superior<\/a> la oferta de pr\u00e1cticas de Fagor Ederlan Group.<\/p>\n<p>Los alumnos y alumnas que han participado han sido, los grupos de 1\u00ba curso de estas especialidades:<\/p>\n<ul>\n<li><strong>ROB\u00d3TICA<\/strong>,\u00a0<a href=\"https:\/\/www.mondragon.edu\/es\/formacion-profesional-automatizacion-robotica-industrial\">Automatizaci\u00f3n y Rob\u00f3tica Industrial<\/a>.<\/li>\n<li><strong>MECATR\u00d3NICA<\/strong>,\u00a0<a href=\"https:\/\/www.mondragon.edu\/es\/formacion-profesional-mecatronica-industrial\">Mecatr\u00f3nica Industrial.<\/a><\/li>\n<li><strong>MECANIZADO<\/strong>,\u00a0<a href=\"https:\/\/www.mondragon.edu\/es\/formacion-profesional-programacion-produccion-fabricacion-mecanica\">Programaci\u00f3n de la Producci\u00f3n en Fabricaci\u00f3n Mec\u00e1nica<\/a>.<\/li>\n<li><strong>DISE\u00d1O<\/strong>,\u00a0<a href=\"https:\/\/www.mondragon.edu\/es\/formacion-profesional-diseno-fabricacion-mecanica\">Dise\u00f1o en\u00a0 Fabricaci\u00f3n Mec\u00e1nica<\/a>.<\/li>\n<\/ul>\n<p>Asir Sanchez ha <strong>presentado los negocios de Fagor Ederlan,<\/strong>\u00a0las plantas que tienen alrededor del mundo, sus clientes, diferentes tipos (Oems o ensambladores y Tier 1), ha mostrado unos datos econ\u00f3micos\u00a0 y ha explicado las diferencias\u00a0 de ser una cooperativa.<\/p>\n<p>Despu\u00e9s, con Rakel Belategi,\u00a0 han entrado directamente en temas vinculados a Talento, perfil de personas que buscan y la singularidad de su gobernanza y valores de\u00a0 responsabilidad social que ofrecen, adem\u00e1s de su proyecto DUAL.<\/p>\n<p>Veamos a continuaci\u00f3n unas fotos del evento.<\/p>\n<p><img loading=\"lazy\" class=\"aligncenter \" src=\"https:\/\/live.staticflickr.com\/65535\/53525172020_36ab197e77_n.jpg\" width=\"493\" height=\"313\" \/><\/p>\n<p>&nbsp;<\/p>\n<p><img loading=\"lazy\" class=\"aligncenter \" src=\"https:\/\/live.staticflickr.com\/65535\/53524740016_a376dcd3f5_n.jpg\" width=\"633\" height=\"435\" \/><\/p>\n<ul>\n<li><\/li>\n<\/ul>\n<p><img loading=\"lazy\" class=\"aligncenter \" src=\"https:\/\/live.staticflickr.com\/65535\/53524915028_9ccbfa0dd5_n.jpg\" width=\"614\" height=\"399\" \/><\/p>\n<p>Al finalizar la sesi\u00f3n Rakel y Asier fueron entrevistados, y os mostramos <a href=\"https:\/\/www.youtube.com\/watch?v=nEOgKJyvRig\">el resultado en VIDEO<\/a>.<\/p>\n<p><img loading=\"lazy\" class=\"aligncenter \" src=\"https:\/\/live.staticflickr.com\/65535\/53525056224_a5f7336904_n.jpg\" width=\"587\" height=\"425\" \/><\/p>\n","protected":false},"excerpt":{"rendered":"<p>Como proceso de comunicaci\u00f3n y orientaci\u00f3n del Programa DUAL, la Formaci\u00f3n Profesional de Ciclo Superior\u00a0de\u00a0MGEP realiza una serie de actividades vinculadas a empresa con el alumnado.\u00a0 \u00a0Esta vez tuvimos como representantes de empresa a Rakel Belategi y Asier Sanchez , t\u00e9cnicos de gesti\u00f3n social de Fagor Ederlan Group, que aprovecharon la ocasi\u00f3n para trasladar a los alumnos y alumnas\u00a0\u00a0de 1. curso de Formaci\u00f3n Profesional de Ciclo Superior la oferta de pr\u00e1cticas de Fagor Ederlan Group. Los alumnos y alumnas que han participado han sido, los grupos de 1\u00ba curso de estas especialidades: ROB\u00d3TICA,\u00a0Automatizaci\u00f3n y Rob\u00f3tica Industrial. MECATR\u00d3NICA,\u00a0Mecatr\u00f3nica Industrial. MECANIZADO,\u00a0Programaci\u00f3n de la Producci\u00f3n en Fabricaci\u00f3n Mec\u00e1nica. DISE\u00d1O,\u00a0Dise\u00f1o en\u00a0 Fabricaci\u00f3n Mec\u00e1nica. Asir Sanchez ha presentado los negocios de Fagor Ederlan,\u00a0las plantas que tienen alrededor del mundo, sus clientes, diferentes tipos (Oems o ensambladores y Tier 1), ha mostrado unos datos econ\u00f3micos\u00a0 y&#8230;<\/p>\n","protected":false},"author":289,"featured_media":-1,"comment_status":"open","ping_status":"open","sticky":false,"template":"","format":"standard","meta":[],"categories":[171,272,144],"tags":[],"amp_enabled":true,"_links":{"self":[{"href":"https:\/\/mukom.mondragon.edu\/mondragonfp\/wp-json\/wp\/v2\/posts\/7475"}],"collection":[{"href":"https:\/\/mukom.mondragon.edu\/mondragonfp\/wp-json\/wp\/v2\/posts"}],"about":[{"href":"https:\/\/mukom.mondragon.edu\/mondragonfp\/wp-json\/wp\/v2\/types\/post"}],"author":[{"embeddable":true,"href":"https:\/\/mukom.mondragon.edu\/mondragonfp\/wp-json\/wp\/v2\/users\/289"}],"replies":[{"embeddable":true,"href":"https:\/\/mukom.mondragon.edu\/mondragonfp\/wp-json\/wp\/v2\/comments?post=7475"}],"version-history":[{"count":5,"href":"https:\/\/mukom.mondragon.edu\/mondragonfp\/wp-json\/wp\/v2\/posts\/7475\/revisions"}],"predecessor-version":[{"id":7499,"href":"https:\/\/mukom.mondragon.edu\/mondragonfp\/wp-json\/wp\/v2\/posts\/7475\/revisions\/7499"}],"wp:featuredmedia":[{"embeddable":true,"href":"https:\/\/mukom.mondragon.edu\/mondragonfp\/wp-json\/"}],"wp:attachment":[{"href":"https:\/\/mukom.mondragon.edu\/mondragonfp\/wp-json\/wp\/v2\/media?parent=7475"}],"wp:term":[{"taxonomy":"category","embeddable":true,"href":"https:\/\/mukom.mondragon.edu\/mondragonfp\/wp-json\/wp\/v2\/categories?post=7475"},{"taxonomy":"post_tag","embeddable":true,"href":"https:\/\/mukom.mondragon.edu\/mondragonfp\/wp-json\/wp\/v2\/tags?post=7475"}],"curies":[{"name":"wp","href":"https:\/\/api.w.org\/{rel}","templated":true}]}}