{"id":7512,"date":"2024-02-19T08:00:53","date_gmt":"2024-02-19T07:00:53","guid":{"rendered":"https:\/\/mukom.mondragon.edu\/mondragonfp\/?p=7512"},"modified":"2024-02-19T09:00:52","modified_gmt":"2024-02-19T08:00:52","slug":"amazon-apuesta-por-mgep-para-formar-a-empleados-en-ciclos-formativos-de-grado-superior-en-mecatronicos-industrial-video","status":"publish","type":"post","link":"https:\/\/mukom.mondragon.edu\/mondragonfp\/es\/2024\/02\/19\/amazon-apuesta-por-mgep-para-formar-a-empleados-en-ciclos-formativos-de-grado-superior-en-mecatronicos-industrial-video\/","title":{"rendered":"AMAZON apuesta por MGEP para formar a empleados en Ciclos formativos de grado superior en Mecatr\u00f3nicos industrial (video)"},"content":{"rendered":"<p><strong>MONDRAGON GOI ESKOLA POLITEKNIKOA (MGEP) FORMAR\u00c1 A EMPLEADOS DE AMAZON EN CICLOS FORMATIVOS DE GRADO SUPERIOS (CFGS) MECATR\u00d3NICA INDUSTRIAL DENTRO DEL PROGRAMA DE CUALIFICACI\u00d3N PROFESIONAL \u2018APRENDICES\u2019 DE AMAZON (<a href=\"https:\/\/youtu.be\/DtYJ8JeVkQ4?si=6akJZACBlE1ckP6I\">VIDEO<\/a>)<\/strong><\/p>\n<p>Amazon y Mondragon Goi Eskola Politeknikoa se han unido para ofrecer la cualificaci\u00f3n profesional de las personas empleadas de Amazon a trav\u00e9s del programa formativo que Amazon tiene en marcha, denominado \u2018Aprendices\u2019. La formaci\u00f3n se materializar\u00e1 a trav\u00e9s del programa de <strong><a href=\"https:\/\/www.mondragon.edu\/es\/ciclos-formativos-grado-superior\/oferta-formacion-profesional\">ciclo formativo de grado superior<\/a> en <a href=\"https:\/\/www.mondragon.edu\/es\/formacion-profesional-mecatronica-industrial\">Mecatr\u00f3nica Industrial<\/a><\/strong> donde alternar\u00e1n formaci\u00f3n y empleo.<\/p>\n<p>La primera edici\u00f3n del curso comenz\u00f3 en noviembre de 2023 y se prolongar\u00e1 durante 2 a\u00f1os. Durante el mismo, los y las empleadas de Amazon compaginar\u00e1n por periodos alternos de 4-6 semanas las clases te\u00f3ricas en las instalaciones que Mondragon Goi Eskola Politeknikoa tiene en Arrasate, y la parte dual pr\u00e1ctica en sus centros de trabajo en Amazon de Madrid, Toledo, Sevilla, Valencia y Murcia.<\/p>\n<p>Se trata de un programa dise\u00f1ado exclusivamente por el <a href=\"https:\/\/www.mondragon.edu\/es\/ciclos-formativos-grado-superior\/oferta-formacion-profesional\">centro de formaci\u00f3n profesional\u00a0 \u00a0MGEP<\/a> para Amazon y que responde a las necesidades concretas de la empresa en cuanto a la cualificaci\u00f3n de sus empleados y empleadas. \u2018Aprendices\u2019 es un programa de formaci\u00f3n profesional en alternancia, cuyo objetivo es crear una cantera de profesionales para sus departamentos de mantenimiento mediante un modelo mixto de formaci\u00f3n y empleo. Amazon puso en marcha este programa hace 3 a\u00f1os y ahora da un salto cuantitativo de la mano del centro de formaci\u00f3n de Mondrag\u00f3n, que ser\u00e1 el centro formativo de referencia para este programa de Amazon de todo el estado.<\/p>\n<p>El acuerdo se ha materializado el 14 de febrero de 2024,\u00a0 en un acto institucional que se ha organizado para presentar el <strong>programa \u2018Aprendices\u2019 con Mondragon Goi Eskola Politeknikoa<\/strong>. La cita ha contado con la bienvenida de Carlos Garc\u00eda, coordinador general de Mondragon Goi Eskola Politeknikoa; Jon Guinea, responsable de pol\u00edticas p\u00fablicas para temas de Educaci\u00f3n en Amazon, y la intervenci\u00f3n de Jokin Bildarratz, consejero de Educaci\u00f3n del Gobierno Vasco. Tambi\u00e9n han tomado la palabra Gorka Aretxaga, coordinador de Formaci\u00f3n Profesional en el centro; Marta Casasayas, responsable del programa Aprendices en Amazon Espa\u00f1a; Jon Guinea: public policy manager de Amazon; varios estudiantes del programa \u2018Aprendices\u2019, y Oriol Homs, soci\u00f3logo, docente universitario y experto en formaci\u00f3n profesional y de los participantes en el programa. A la jornada tambi\u00e9n han asistido Nicol\u00e1s Sagarzazu, director de Planificaci\u00f3n y Organizaci\u00f3n del Gobierno Vasco, y Julen Elgeta, presidente de HETEL.<\/p>\n<p>\u201cDesde Amazon creemos en el talento joven y queremos apoyar su desarrollo profesional en las especialidades tecnol\u00f3gicas a trav\u00e9s del programa \u2018Aprendices\u2019. Para nosotros es importante que nuestras personas empleadas en periodo de formaci\u00f3n puedan adquirir los conocimientos reglados en mecatr\u00f3nica de la mano de un centro de referencia como Mondragon Goi Eskola Politeknikoa y, posteriormente, tener una experiencia pr\u00e1ctica completa de la mano de profesionales de la compa\u00f1\u00eda\u201d, afirma Marta Casasayas, responsable del programa \u2018Aprendices\u2019 de la compa\u00f1\u00eda.<\/p>\n<p>Por su parte, Carlos Garc\u00eda, coordinador general de <a href=\"https:\/\/www.mondragon.edu\/es\/ciclos-formativos-grado-superior\/oferta-formacion-profesional\">Mondragon Goi Eskola Politeknikoa<\/a> comenta: \u201cLos centros educativos tenemos la capacidad y la responsabilidad de acompa\u00f1ar a las empresas en los procesos de cualificaci\u00f3n de sus trabajadores, especialmente en casos tan singulares como el presente, en el que la empresa, Amazon, muestra una determinaci\u00f3n fuera de lo com\u00fan por contar con los mejores profesionales, realizando una apuesta muy importante, tanto por la dimensi\u00f3n y alcance de la iniciativa como por el esfuerzo econ\u00f3mico y de tiempo que ello supone. Los centros de conocimiento, y en concreto los centros de FP, somos un agente determinante en el futuro del talento de las empresas y, por tanto, de nuestra sociedad. Formamos de manera pautada, reglada, con metodolog\u00eda y pedagog\u00eda, con el objeto de facilitar que el alumnado adquiera las bases de los conocimientos que utilizar\u00e1n m\u00e1s tarde de manera pr\u00e1ctica. Es obvio que acuerdos como el de \u2018Aprendices\u2019 de Amazon son fundamentales para garantizar una formaci\u00f3n acorde a las necesidades de la empresa y que proporcionar\u00e1 a sus trabajadores m\u00e1s y mejores oportunidades de desarrollo personal y profesional. Esta iniciativa pionera es, adem\u00e1s, un excelente ejemplo para mostrar caminos posibles a otras empresas industriales, de otros sectores, pero con necesidades similares\u201d.<\/p>\n<p>&nbsp;<\/p>\n<p><img loading=\"lazy\" class=\"aligncenter \" src=\"https:\/\/live.staticflickr.com\/65535\/53529132240_6269f9a07b_n.jpg\" width=\"521\" height=\"348\" \/><\/p>\n<p style=\"text-align: center\"><em>Nicol\u00e1s Sagarzazu, Gorka Aretxaga, Jokin Bildarratz, Carlos Garc\u00eda, y <\/em><\/p>\n<p style=\"text-align: center\"><em>2 representantes de AMAZON, Marta Casasayas, responsable del programa Aprendices en Amazon Espa\u00f1a;\u00a0<\/em><\/p>\n<p><img loading=\"lazy\" class=\"aligncenter \" src=\"https:\/\/live.staticflickr.com\/65535\/53529131840_02ae0c7c40_n.jpg\" width=\"473\" height=\"316\" \/><\/p>\n<p style=\"text-align: center\"><em>Marta Casasayas, responsable del programa Aprendices en Amazon Espa\u00f1a, con 2 de las estudiantes del curso.<\/em><\/p>\n<p><img loading=\"lazy\" class=\"aligncenter \" src=\"https:\/\/live.staticflickr.com\/65535\/53528700086_5f51b50ec5_n.jpg\" width=\"428\" height=\"286\" \/><\/p>\n<p style=\"text-align: center\">Or<em>iol Homs, soci\u00f3logo, docente universitario y experto en formaci\u00f3n profesional y de los participantes en el programa<\/em><\/p>\n<p><img loading=\"lazy\" class=\"aligncenter \" src=\"https:\/\/live.staticflickr.com\/65535\/53529015084_51f6415920_n.jpg\" width=\"509\" height=\"340\" \/><\/p>\n<p style=\"text-align: center\"><em>AMAZONeko Espa\u00f1ako\u00a0 zuzendari<\/em><\/p>\n<p>&nbsp;<\/p>\n<p><img loading=\"lazy\" class=\"aligncenter \" src=\"https:\/\/live.staticflickr.com\/65535\/53528700636_2d4ea3accd_n.jpg\" width=\"523\" height=\"349\" \/><\/p>\n<p style=\"text-align: center\"><em>Gorka Aretxaga (cooridnador de CFGS de MGEP) con Nicol\u00e1s Sagarzazu y al fondo, Julen Elgeta con Jokin Bildarratz<\/em><\/p>\n<p>&nbsp;<\/p>\n<p>Noticias en <a href=\"https:\/\/www.mondragon.edu\/es\/-\/mgep-formara-empleados-amazon-mecatronica-industrial-programa-cualificacion-profesional-aprendices\">Mondragon Unibertsitatea,<\/a>\u00a0 \u00a0MONDRAGON GOI ESKOLA POLITEKNIKOA FORMAR\u00c1 A EMPLEADOS DE AMAZON EN MECATR\u00d3NICA INDUSTRIAL DENTRO DEL PROGRAMA DE CUALIFICACI\u00d3N PROFESIONAL \u2018APRENDICES\u2019 DE AMAZON<\/p>\n<p><a href=\"https:\/\/www.diariovasco.com\/alto-deba\/arrasate\/amazon-talento-mondragon-20240214132740-nt.html\">Diario Vasco:<\/a> \u00a0\u00a0 <strong><a title=\"Amazon busca talento en Mondragon\" href=\"https:\/\/www.diariovasco.com\/alto-deba\/arrasate\/amazon-talento-mondragon-20240214132740-nt.html\" data-mrf-link=\"https:\/\/www.diariovasco.com\/alto-deba\/arrasate\/amazon-talento-mondragon-20240214132740-nt.html\">Amazon busca talento en Mondragon;<\/a><\/strong><\/p>\n<p><a href=\"https:\/\/www.noticiasdegipuzkoa.eus\/sociedad\/2024\/02\/14\/aprendices-mecatronica-amazon-podran-formarse-7873672.html\">Noticias de Gipuzkoa<\/a>:\u00a0 <strong>\u00a0Arrasate: Aprendices de mecatr\u00f3nica de Amazon podr\u00e1n formarse en la Escuela Polit\u00e9cnica Mondragon<\/strong><\/p>\n","protected":false},"excerpt":{"rendered":"<p>MONDRAGON GOI ESKOLA POLITEKNIKOA (MGEP) FORMAR\u00c1 A EMPLEADOS DE AMAZON EN CICLOS FORMATIVOS DE GRADO SUPERIOS (CFGS) MECATR\u00d3NICA INDUSTRIAL DENTRO DEL PROGRAMA DE CUALIFICACI\u00d3N PROFESIONAL \u2018APRENDICES\u2019 DE AMAZON (VIDEO) Amazon y Mondragon Goi Eskola Politeknikoa se han unido para ofrecer la cualificaci\u00f3n profesional de las personas empleadas de Amazon a trav\u00e9s del programa formativo que Amazon tiene en marcha, denominado \u2018Aprendices\u2019. La formaci\u00f3n se materializar\u00e1 a trav\u00e9s del programa de ciclo formativo de grado superior en Mecatr\u00f3nica Industrial donde alternar\u00e1n formaci\u00f3n y empleo. La primera edici\u00f3n del curso comenz\u00f3 en noviembre de 2023 y se prolongar\u00e1 durante 2 a\u00f1os. Durante el mismo, los y las empleadas de Amazon compaginar\u00e1n por periodos alternos de 4-6 semanas las clases te\u00f3ricas en las instalaciones que Mondragon Goi Eskola Politeknikoa tiene en Arrasate, y la parte dual pr\u00e1ctica en sus centros de trabajo en&#8230;<\/p>\n","protected":false},"author":289,"featured_media":-1,"comment_status":"open","ping_status":"open","sticky":false,"template":"","format":"standard","meta":[],"categories":[237,171,144,223],"tags":[],"amp_enabled":true,"_links":{"self":[{"href":"https:\/\/mukom.mondragon.edu\/mondragonfp\/wp-json\/wp\/v2\/posts\/7512"}],"collection":[{"href":"https:\/\/mukom.mondragon.edu\/mondragonfp\/wp-json\/wp\/v2\/posts"}],"about":[{"href":"https:\/\/mukom.mondragon.edu\/mondragonfp\/wp-json\/wp\/v2\/types\/post"}],"author":[{"embeddable":true,"href":"https:\/\/mukom.mondragon.edu\/mondragonfp\/wp-json\/wp\/v2\/users\/289"}],"replies":[{"embeddable":true,"href":"https:\/\/mukom.mondragon.edu\/mondragonfp\/wp-json\/wp\/v2\/comments?post=7512"}],"version-history":[{"count":6,"href":"https:\/\/mukom.mondragon.edu\/mondragonfp\/wp-json\/wp\/v2\/posts\/7512\/revisions"}],"predecessor-version":[{"id":7523,"href":"https:\/\/mukom.mondragon.edu\/mondragonfp\/wp-json\/wp\/v2\/posts\/7512\/revisions\/7523"}],"wp:featuredmedia":[{"embeddable":true,"href":"https:\/\/mukom.mondragon.edu\/mondragonfp\/wp-json\/"}],"wp:attachment":[{"href":"https:\/\/mukom.mondragon.edu\/mondragonfp\/wp-json\/wp\/v2\/media?parent=7512"}],"wp:term":[{"taxonomy":"category","embeddable":true,"href":"https:\/\/mukom.mondragon.edu\/mondragonfp\/wp-json\/wp\/v2\/categories?post=7512"},{"taxonomy":"post_tag","embeddable":true,"href":"https:\/\/mukom.mondragon.edu\/mondragonfp\/wp-json\/wp\/v2\/tags?post=7512"}],"curies":[{"name":"wp","href":"https:\/\/api.w.org\/{rel}","templated":true}]}}