{"id":7584,"date":"2024-03-15T08:00:36","date_gmt":"2024-03-15T07:00:36","guid":{"rendered":"https:\/\/mukom.mondragon.edu\/mondragonfp\/?p=7584"},"modified":"2024-03-14T16:58:19","modified_gmt":"2024-03-14T15:58:19","slug":"aitor-pereda-alumno-de-programacion-de-la-produccion-en-fabricacion-mecanica-mgep-dual-en-la-empresa-fagor-automation","status":"publish","type":"post","link":"https:\/\/mukom.mondragon.edu\/mondragonfp\/es\/2024\/03\/15\/aitor-pereda-alumno-de-programacion-de-la-produccion-en-fabricacion-mecanica-mgep-dual-en-la-empresa-fagor-automation\/","title":{"rendered":"Aitor Pereda alumno de Programaci\u00f3n de la producci\u00f3n en Fabricaci\u00f3n Mec\u00e1nica MGEP DUAL en la empresa Fagor Automation"},"content":{"rendered":"<p id=\"tw-target-text\" class=\"tw-data-text tw-text-large tw-ta\" dir=\"ltr\" data-placeholder=\"Traducci\u00f3n\" data-ved=\"2ahUKEwiF7oj1sOyEAxXxAvsDHUExD80Q3ewLegQIBRAU\"><strong><span class=\"Y2IQFc\" lang=\"es\">Aitor pereda, alumno donostiarra del ciclo formativo de grado supeior (CFGS)\u00a0 de Mondragon Goi Eskola Politeknikoa (MGEP) de <a href=\"https:\/\/www.mondragon.edu\/es\/formacion-profesional-programacion-produccion-fabricacion-mecanica\">Programaci\u00f3n de la Producci\u00f3n en Fabricaci\u00f3n Mec\u00e1nica (PPFM)<\/a> en MGEP y alumno DUAL en la empresa FAGOR AUTOMATION.<\/span><\/strong><\/p>\n<p><img loading=\"lazy\" class=\"aligncenter size-medium\" src=\"https:\/\/live.staticflickr.com\/65535\/53579266574_5c39b8e898_n.jpg\" width=\"294\" height=\"320\" \/><\/p>\n<p>&nbsp;<\/p>\n<p><span class=\"Y2IQFc\" lang=\"es\">Me llamo Aitor Pereda Loubet, soy de Donostia y tengo 22 a\u00f1os. Despu\u00e9s de terminar el bachillerato tecnol\u00f3gico decid\u00ed realizar un<a href=\"https:\/\/www.mondragon.edu\/es\/ciclos-formativos-grado-superior\/oferta-formacion-profesional\"> ciclo formativo de grado supeior (CFGS)<\/a>\u00a0 y lo que me anim\u00f3 fue el hecho de que todo lo que vas aprendiendo lo pones <strong>en pr\u00e1ctica<\/strong> en seguida,\u00a0 desde el principio y lo vi como<strong> la mejor forma de aprendizaje.<\/strong><\/span><\/p>\n<p id=\"tw-target-text\" class=\"tw-data-text tw-text-large tw-ta\" dir=\"ltr\" data-placeholder=\"Traducci\u00f3n\" data-ved=\"2ahUKEwiF7oj1sOyEAxXxAvsDHUExD80Q3ewLegQIBRAU\"><span class=\"Y2IQFc\" lang=\"es\">Despu\u00e9s de mirar diferentes centros de formaci\u00f3n profesional, eleg\u00ed<a href=\"https:\/\/www.mondragon.edu\/es\/ciclos-formativos-grado-superior\/oferta-formacion-profesional\"> Mondragon Goi Eskola Politeknikoa (MGEP)<\/a>\u00a0 porque me gust\u00f3 lo que vi en las<strong> jornadas de puertas abiertas<\/strong>, el <strong>equipamiento disponible, la metodolog\u00eda de formaci\u00f3n, la cantidad de pr\u00e1cticas e incluso la posibilidad de alojamiento en el Colegio mayor.<\/strong><\/span><\/p>\n<p id=\"tw-target-text\" class=\"tw-data-text tw-text-large tw-ta\" dir=\"ltr\" data-placeholder=\"Traducci\u00f3n\" data-ved=\"2ahUKEwiF7oj1sOyEAxXxAvsDHUExD80Q3ewLegQIBRAU\"><span class=\"Y2IQFc\" lang=\"es\">Me atrajo el ciclo formativo de grado superior (CFGS) <a href=\"https:\/\/www.mondragon.edu\/es\/formacion-profesional-diseno-fabricacion-mecanica\">Dise\u00f1o de fabricaci\u00f3n mec\u00e1nica<\/a> de MGEP. Luego de completar el ciclo de dise\u00f1o, decid\u00ed hacer otro 2\u00ba ciclo de grado superior, el de <a href=\"https:\/\/www.mondragon.edu\/es\/formacion-profesional-diseno-fabricacion-mecanica\">Programaci\u00f3n de la Producci\u00f3n en Fabricaci\u00f3n Mec\u00e1nica (PPFM)<\/a>, porque ambos ciclos son complementarios y para conocer en profundidad c\u00f3mo se fabrica un producto tras ser dise\u00f1ado. Si decides hacer dos ciclos, es importante que haya una relaci\u00f3n entre ellos y as\u00ed lo hice yo. Estoy terminando el segundo nivel <strong>en formato DUAL<\/strong>.<\/span><\/p>\n<p id=\"tw-target-text\" class=\"tw-data-text tw-text-large tw-ta\" dir=\"ltr\" data-placeholder=\"Traducci\u00f3n\" data-ved=\"2ahUKEwiF7oj1sOyEAxXxAvsDHUExD80Q3ewLegQIBRAU\"><span class=\"Y2IQFc\" lang=\"es\">Durante la semana me quedo en el Colegio mayor de\u00a0 MGEP y es muy c\u00f3modo por la cercan\u00eda, pero tambi\u00e9n por las actividades que organizan, los peque\u00f1os retos\u00a0 y el estar con otros estudiantes. El ambiente de clase tambi\u00e9n es muy bueno, es un grupo reducido y tengo compa\u00f1eros de diferentes procedencias y los y las profesoras tambi\u00e9n est\u00e1n pendientes de nosotros.<\/span><\/p>\n<p id=\"tw-target-text\" class=\"tw-data-text tw-text-large tw-ta\" dir=\"ltr\" data-placeholder=\"Traducci\u00f3n\" data-ved=\"2ahUKEwiF7oj1sOyEAxXxAvsDHUExD80Q3ewLegQIBRAU\"><span class=\"Y2IQFc\" lang=\"es\">Como hemos comentado, el <strong>proceso de aprendizaje es muy pr\u00e1ctico.<\/strong> Hemos utilizado equipos de alto nivel tanto en el taller como en los laboratorios. Durante estos dos cursos hemos realizado diferentes retos, muy parecido a los que\u00a0 tendremos que llevar a cabo m\u00e1s adelante en empresas. Por ejemplo, en un reto de primer nivel. trabajamos en clase un producto de una empresa de Aretxabaleta, luego lo presentamos en la empresa en la que trabajamos, y al final tuvimos la oportunidad de ver c\u00f3mo se fabricaba el producto. Estuvo muy bien.<\/span><\/p>\n<p id=\"tw-target-text\" class=\"tw-data-text tw-text-large tw-ta\" dir=\"ltr\" data-placeholder=\"Traducci\u00f3n\" data-ved=\"2ahUKEwiF7oj1sOyEAxXxAvsDHUExD80Q3ewLegQIBRAU\"><span class=\"Y2IQFc\" lang=\"es\">Tambi\u00e9n hemos visitado otras empresas y nos ha ayudado\u00a0 a entender lo que hemos aprendido. Durante este curso he realizado las pr\u00e1cticas\u00a0 DUAL en la empesa Fagor Automation, concretamente en el <strong>departamento de calidad de entrada<\/strong>. Por nuestra secci\u00f3n pasan muchos elementos que se utilizan en las m\u00e1quinas y tenemos que darles el<strong> visto bueno t\u00e9cnico.<\/strong> La<strong> formaci\u00f3n DUAL<\/strong> que es\u00a0 estudiar y trabajar al mismo tiempo, es una experiencia muy importante, enriquece mucho en el estudio y tambi\u00e9n puedes incluirlo en tu curr\u00edculum como experiencia laboral.<\/span><\/p>\n<p id=\"tw-target-text\" class=\"tw-data-text tw-text-large tw-ta\" dir=\"ltr\" data-placeholder=\"Traducci\u00f3n\" data-ved=\"2ahUKEwiF7oj1sOyEAxXxAvsDHUExD80Q3ewLegQIBRAU\"><span class=\"Y2IQFc\" lang=\"es\">Una vez termine este ciclo de fabricaci\u00f3n, me gustar\u00eda pasarme al mundo laboral de donde vivo, estoy y estoy abierto a cualquier posibilidad. Despu\u00e9s de completar los dos ciclos creo que me va bien y creo que tendr\u00e9 oportunidades laborales.<\/span><\/p>\n<p>&nbsp;<\/p>\n<p>&nbsp;<\/p>\n","protected":false},"excerpt":{"rendered":"<p>Aitor pereda, alumno donostiarra del ciclo formativo de grado supeior (CFGS)\u00a0 de Mondragon Goi Eskola Politeknikoa (MGEP) de Programaci\u00f3n de la Producci\u00f3n en Fabricaci\u00f3n Mec\u00e1nica (PPFM) en MGEP y alumno DUAL en la empresa FAGOR AUTOMATION. &nbsp; Me llamo Aitor Pereda Loubet, soy de Donostia y tengo 22 a\u00f1os. Despu\u00e9s de terminar el bachillerato tecnol\u00f3gico decid\u00ed realizar un ciclo formativo de grado supeior (CFGS)\u00a0 y lo que me anim\u00f3 fue el hecho de que todo lo que vas aprendiendo lo pones en pr\u00e1ctica en seguida,\u00a0 desde el principio y lo vi como la mejor forma de aprendizaje. Despu\u00e9s de mirar diferentes centros de formaci\u00f3n profesional, eleg\u00ed Mondragon Goi Eskola Politeknikoa (MGEP)\u00a0 porque me gust\u00f3 lo que vi en las jornadas de puertas abiertas, el equipamiento disponible, la metodolog\u00eda de formaci\u00f3n, la cantidad de pr\u00e1cticas e incluso la posibilidad de alojamiento&#8230;<\/p>\n","protected":false},"author":289,"featured_media":-1,"comment_status":"open","ping_status":"open","sticky":false,"template":"","format":"standard","meta":[],"categories":[171,144,169],"tags":[],"amp_enabled":true,"_links":{"self":[{"href":"https:\/\/mukom.mondragon.edu\/mondragonfp\/wp-json\/wp\/v2\/posts\/7584"}],"collection":[{"href":"https:\/\/mukom.mondragon.edu\/mondragonfp\/wp-json\/wp\/v2\/posts"}],"about":[{"href":"https:\/\/mukom.mondragon.edu\/mondragonfp\/wp-json\/wp\/v2\/types\/post"}],"author":[{"embeddable":true,"href":"https:\/\/mukom.mondragon.edu\/mondragonfp\/wp-json\/wp\/v2\/users\/289"}],"replies":[{"embeddable":true,"href":"https:\/\/mukom.mondragon.edu\/mondragonfp\/wp-json\/wp\/v2\/comments?post=7584"}],"version-history":[{"count":5,"href":"https:\/\/mukom.mondragon.edu\/mondragonfp\/wp-json\/wp\/v2\/posts\/7584\/revisions"}],"predecessor-version":[{"id":7612,"href":"https:\/\/mukom.mondragon.edu\/mondragonfp\/wp-json\/wp\/v2\/posts\/7584\/revisions\/7612"}],"wp:featuredmedia":[{"embeddable":true,"href":"https:\/\/mukom.mondragon.edu\/mondragonfp\/wp-json\/"}],"wp:attachment":[{"href":"https:\/\/mukom.mondragon.edu\/mondragonfp\/wp-json\/wp\/v2\/media?parent=7584"}],"wp:term":[{"taxonomy":"category","embeddable":true,"href":"https:\/\/mukom.mondragon.edu\/mondragonfp\/wp-json\/wp\/v2\/categories?post=7584"},{"taxonomy":"post_tag","embeddable":true,"href":"https:\/\/mukom.mondragon.edu\/mondragonfp\/wp-json\/wp\/v2\/tags?post=7584"}],"curies":[{"name":"wp","href":"https:\/\/api.w.org\/{rel}","templated":true}]}}