{"id":7700,"date":"2024-04-17T08:00:11","date_gmt":"2024-04-17T06:00:11","guid":{"rendered":"https:\/\/mukom.mondragon.edu\/mondragonfp\/?p=7700"},"modified":"2024-04-24T08:41:42","modified_gmt":"2024-04-24T06:41:42","slug":"mgep-goiaz-azoka-presentando-su-oferta-de-ciclos-formativos-de-grado-superior-y-participando-en-el-evento-dual-organizado-para-las-empresas","status":"publish","type":"post","link":"https:\/\/mukom.mondragon.edu\/mondragonfp\/es\/2024\/04\/17\/mgep-goiaz-azoka-presentando-su-oferta-de-ciclos-formativos-de-grado-superior-y-participando-en-el-evento-dual-organizado-para-las-empresas\/","title":{"rendered":"MGEP en GOIAZ AZOKA presentando su oferta de Ciclos formativos de grado superior y participando en el evento DUAL organizado para las empresas"},"content":{"rendered":"<p>Los <a href=\"https:\/\/www.mondragon.edu\/eu\/goi-mailako-heziketa-zikloak\/heziketa-zikloetako-eskaintza\">Ciclos formativos de grado superior\u00a0<\/a>(<a href=\"https:\/\/www.mondragon.edu\/eu\/goi-mailako-heziketa-zikloak\/heziketa-zikloetako-eskaintza\">CFGS<\/a>)\u00a0 de <a href=\"https:\/\/www.mondragon.edu\/eu\/hasiera\">Mondragon Goi Eskola Politeknikoa<\/a>\u00a0 (<a href=\"https:\/\/www.mondragon.edu\/eu\/hasiera\">MGEP)<\/a> han participado en la nueva edici\u00f3n de 2024 de GOIAZ AZOKA, feria de presentacion de la oferta de Ciclos Formativos de Debagoiena organizada por la Agencia de Desarrollo de la Mancomunidad de Debagoiena los d\u00edas 21 y 22 de marzo en Kulturate, Mondrag\u00f3n.<\/p>\n<div>Cada t\u00edtulo de <a href=\"https:\/\/www.mondragon.edu\/eu\/goi-mailako-heziketa-zikloak\/heziketa-zikloetako-eskaintza\">Ciclos formativos de grado superior\u00a0<\/a>(<a href=\"https:\/\/www.mondragon.edu\/eu\/goi-mailako-heziketa-zikloak\/heziketa-zikloetako-eskaintza\">CFGS<\/a>) ha acudido con materiales y contenidos a presentar y especialmente con ejemplos de\u00a0 <a href=\"https:\/\/www.mondragon.edu\/eu\/heziketa-zikloa-mekatronika-industriala\/eginez-ikasi\">retos y prototipos\u00a0<\/a>desarrollados por el priopio alumnado a lo largo del curso 23-24.<\/div>\n<div><\/div>\n<div>A lo largo del d\u00eda y medio que ha durado la feria alumnado de DBH y bachillerato, as\u00ed como de EPA-HHI, por grupos, y alumnado con sus madres y padres han podido visitar la feria y conocer de cerca la oferta de t\u00edtulos all\u00ed presentada.<\/div>\n<div><\/div>\n<div>Se incluyen algunas fotos donde los profesores de MGEP aparecen participando en las diferentes actividades.<\/div>\n<div style=\"text-align: center\"><\/div>\n<div style=\"text-align: center\"><img loading=\"lazy\" class=\"\" src=\"https:\/\/live.staticflickr.com\/65535\/53646840270_066b791270_n.jpg\" width=\"656\" height=\"492\" \/><\/div>\n<div style=\"text-align: center\"><\/div>\n<div style=\"text-align: center\"><img loading=\"lazy\" class=\"\" src=\"https:\/\/live.staticflickr.com\/65535\/53646840275_24dfceffb7_n.jpg\" width=\"688\" height=\"419\" \/><\/div>\n<div style=\"text-align: center\"><\/div>\n<div style=\"text-align: center\"><img loading=\"lazy\" class=\"\" src=\"https:\/\/live.staticflickr.com\/65535\/53646840235_be52cbac77_n.jpg\" width=\"638\" height=\"343\" \/><\/div>\n<div style=\"text-align: center\"><img loading=\"lazy\" class=\"\" src=\"https:\/\/live.staticflickr.com\/65535\/53646840265_f326dfbf26_n.jpg\" width=\"580\" height=\"404\" \/><\/div>\n<div style=\"text-align: center\">https:\/\/live.staticflickr.com\/65535\/53646597113_93e38c3ddb_n.jpg<\/div>\n<div><img loading=\"lazy\" class=\"aligncenter\" src=\"https:\/\/live.staticflickr.com\/65535\/53646597113_93e38c3ddb_n.jpg\" width=\"559\" height=\"324\" \/><\/div>\n<div>\n<div style=\"text-align: center\"><\/div>\n<div style=\"text-align: center\">\n<div><em>Profesores de los t\u00edtulos de <a href=\"https:\/\/www.mondragon.edu\/eu\/hasiera\">Mondragon Goi Eskola Politeknikoko<\/a> <a href=\"https:\/\/www.mondragon.edu\/eu\/goi-mailako-heziketa-zikloak\/heziketa-zikloetako-eskaintza\">Ciclos formativos de grado superior\u00a0<\/a>(<a href=\"https:\/\/www.mondragon.edu\/eu\/goi-mailako-heziketa-zikloak\/heziketa-zikloetako-eskaintza\">CFGS<\/a>) atendiendo al alumnado y a los medios<\/em><\/div>\n<\/div>\n<div style=\"text-align: center\"><\/div>\n<\/div>\n<div style=\"text-align: left\">\n<p>Gurasoentzat adibiez hitzaldi bat antolatu da, eta enpresantzat ere<strong>, DUAL eredu berria azaldu eta saltzeko asmoz<\/strong> eta bertan ikasle ohiak ere parte hartu dute. Bertan\u00a0 MGEP\u00a0<a href=\"https:\/\/www.mondragon.edu\/eu\/goi-mailako-heziketa-zikloak\/heziketa-zikloetako-eskaintza\">Goi mailako heziketa zikloko\u00a0<\/a>\u00a0 (<a href=\"https:\/\/www.mondragon.edu\/eu\/goi-mailako-heziketa-zikloak\/heziketa-zikloetako-eskaintza\">GMHZ<\/a>) -ko DUAL koordinatzailea den Osane Lizarraldek parte hartu du,Migel Altunako Alberto Larrea ordekariarekin batera, eta hainbat enpresa eta bertan DUALean dauden hainbat ikasle ere. <strong>ULMA Packaging<\/strong>etik Unai Ega\u00f1a izanda eta <strong>ULMA Packaging<\/strong>en DUALean daude 2 ikasle <a href=\"https:\/\/www.mondragon.edu\/eu\/heziketa-zikloa-mekatronika-industriala\">mekatroniko industrial<\/a>: Xabier Anduaga eta Jon Irazabal. <strong>Tornilleria Deba<\/strong>ko Peio Andrinua ere egon zen eta berarekin DUAL egiten ari den Josu Basterra ikaslea ere, eta azkenik, ALEn automatizazioa ikasten ari den DUAL ikaslea Danel Elorza.\u00a0 Moderatzailea Koldo Azkoitia iza zen (Garapen agentzia, Debagoiena Mankomunitatean).<\/p>\n<p>Se ha organizado una mesa de debate para las empresas con el objetivo de presentar el nuevo modelo DUAL, en el que tambi\u00e9n han participadoalgunas empresas que ya acogen a alumnado DUAL de CFGS. En ella ha participado Osane Lizarralde, coordinadora DUAL de\u00a0 <em><a href=\"https:\/\/www.mondragon.edu\/eu\/goi-mailako-heziketa-zikloak\/heziketa-zikloetako-eskaintza\">Ciclos formativos de grado superior\u00a0<\/a>(<a href=\"https:\/\/www.mondragon.edu\/eu\/goi-mailako-heziketa-zikloak\/heziketa-zikloetako-eskaintza\">CFGS<\/a>) de <a href=\"https:\/\/www.mondragon.edu\/eu\/hasiera\">MGEP<\/a>\u00a0<\/em>, junto con Alberto Larrea, coordinador DUAL de Miguel Altuna, as\u00ed como varias empresas y alumnos DUAL. De la empresa ULMA Packaging ha acudido Unai Ega\u00f1a y\u00a0 2 alumnos mecatr\u00f3nicos industriales DUALes de MGEP: Xabier Anduaga y Jon Irazabal. Tambi\u00e9n estuvo Peio Andrinua de Tornilleria Deba y con \u00e9l el alumno Josu Basterra\u00a0 \u00a0DUA de Miguel Altuna, y por \u00faltimo el estudiante DUAL de ALE, Danel Elorza. El moderador era Koldo Azkoitia (Agencia de Desarrollo, Mancomunidad Alto Deba).<\/p>\n<p>Sepresentaron las pr\u00e1cticas DUAL, y los cambios previstos cara al curso 24-25: DUAL GENERAL\u00a0 1.curso, DUAL GENERAL 2.curso y DUAL INTENSIVA, destacando sobre todo los beneficios tanto para la empresa, que le permite conocer e instruir a los potenciales futuros trabajadores; para los alumnos, por su importancia en su trayectoria formativa y para los centros de Formaci\u00f3n Profesional, por el v\u00ednculo y relaci\u00f3n que se crea con las empresas, que benefician el propio dise\u00f1o curricular y su orientaci\u00f3n a la aplicabilidad real.<\/p>\n<\/div>\n<div style=\"text-align: center\"><\/div>\n<div><\/div>\n<div><img loading=\"lazy\" class=\"aligncenter \" src=\"https:\/\/live.staticflickr.com\/65535\/53646722154_31974c6e62_n.jpg\" width=\"658\" height=\"431\" \/><\/div>\n<div style=\"text-align: center\">\n<div><\/div>\n<div><em>Mesa de debate organizada para las empresa. Preside la mesa como moderador Koldo Azkoitia y se rodea de Osane Lizarralde coordinadora DUAL de <a href=\"https:\/\/www.mondragon.edu\/eu\/goi-mailako-heziketa-zikloak\/heziketa-zikloetako-eskaintza\">CFGS<\/a> <a href=\"https:\/\/www.mondragon.edu\/eu\/hasiera\">MGEP<\/a> y <\/em><\/div>\n<div><em>Alberto Larrea (DUAL Miguel Altuna), y ambos con los representantes de empresa: izquierda Unai Ega\u00f1a de ULMA Packaging\u00a0 y Peio Andrinua de Talleres Deba. <\/em><\/div>\n<div><em>Finalmente a la izquierda, los alumnos DUAL de MGEP en ULMA Packaging: Xabier Anduaga y Jon Irazabal y a la derecha, Josu Basterra\u00a0 Talleres Deba y Danel Elorza (ALE)<\/em><\/div>\n<\/div>\n<div style=\"text-align: center\"><em>\u00a0<\/em><\/div>\n<div>\n<h4>Aqu\u00ed la oferta\u00a0 \u00a0<em><a href=\"https:\/\/www.mondragon.edu\/eu\/goi-mailako-heziketa-zikloak\/heziketa-zikloetako-eskaintza\">CFGS\u00a0<\/a><\/em><a href=\"https:\/\/www.mondragon.edu\/eu\/goi-mailako-heziketa-zikloak\/heziketa-zikloetako-eskaintza\"> presentada por<\/a><em><a href=\"https:\/\/www.mondragon.edu\/eu\/hasiera\">MGEP:<\/a><\/em><\/h4>\n<ul style=\"text-align: justify\">\n<li><a href=\"https:\/\/www.mondragon.edu\/eu\/heziketa-zikloa-automatizazio-robotika-industriala\"><strong>Automatizaci\u00f3n y Rob\u00f3tica Industrial.<\/strong><\/a> En esta titulaci\u00f3n se profundiza en la automatizaci\u00f3n industrial, en la que se basa la tan comentada Industria 4.0. Ya desde el principio los alumnos montan instalaciones autom\u00e1ticas y llegan a ponerlas a punto y a realizar sus ajustes. Es una titulaci\u00f3n apropiada para quien quiera tocar las cosas o le guste la electricidad y la electr\u00f3nica y programar robots y aut\u00f3matas. Tras aprender las caracter\u00edsticas de los robots, se realizan ejercicios simulados, que luego se llevan al robot f\u00edsico.<\/li>\n<li><a href=\"https:\/\/www.mondragon.edu\/es\/formacion-profesional-administracion-sistemas-informaticos-red\"><strong>Administraci\u00f3n de Sistemas Inform\u00e1ticos en Red<\/strong><\/a><a href=\"https:\/\/www.mondragon.edu\/eu\/heziketa-zikloa-sareko-informatika-sistemen-administrazioa\/sareko-informatika-sistemen-administrazioa\"><strong>.<\/strong><\/a> Destinado al trabajo en los servicios inform\u00e1ticos de las empresas; por un lado, configurando, administrando, desarrollando e implantando los sistemas inform\u00e1ticos (ordenadores, servidores, redes), las denominadas Tecnolog\u00edas de Informaci\u00f3n y Telecomunicaci\u00f3n (TICs). Asegurar\u00e1n tambi\u00e9n los recursos del sistema y la funcionalidad de los servicios, implantando las medidas de seguridad e integridad. Es una profesi\u00f3n imprescindible hoy en d\u00eda en empresas peque\u00f1as y grandes. Adem\u00e1s, el titulado habr\u00e1 de ser capaz de mantener una relaci\u00f3n estrecha con los clientes, con los suministradores de TICs, con los usuarios y, en general, con las personas, a fin de entender las necesidades y dar una respuesta apropiada y r\u00e1pida a \u00e9stos.<\/li>\n<\/ul>\n<ul style=\"text-align: justify\">\n<li><a href=\"https:\/\/www.mondragon.edu\/es\/formacion-profesional-diseno-fabricacion-mecanica\"><strong>Dise\u00f1o en Fabricaci\u00f3n Mec\u00e1nica<\/strong><\/a><strong>.<\/strong> Son dise\u00f1adores de utillajes y m\u00e1quinas, y gran parte de su trabajo lo realizan con el ordenador; para que los dise\u00f1os sean adecuados y factibles, tienen que saber un poco de todo: qu\u00e9 proceso utilizar para fabricar piezas seg\u00fan el material y la geometr\u00eda y qu\u00e9 propiedades se obtendr\u00edan en funci\u00f3n del material, la forma y el proceso; dimensionan elementos mec\u00e1nicos a partir de las propiedades del material y de c\u00f3mo trabaja la pieza; saben c\u00f3mo se realiza la automatizaci\u00f3n de un proceso; no son especialistas en ninguno de estos campos, pero aprenden de todo, y han de tener la m\u00e1quina entera en mente para poder convertirla en realidad. Es el ciclo m\u00e1s cercano a una ingenier\u00eda.<\/li>\n<\/ul>\n<ul style=\"text-align: justify\">\n<li><a href=\"https:\/\/www.mondragon.edu\/es\/formacion-profesional-programacion-produccion-fabricacion-mecanica\"><strong>Programaci\u00f3n de la Producci\u00f3n en Fabricaci\u00f3n Mec\u00e1nica<\/strong><\/a><strong>.<\/strong> Podemos distinguir dos aspectos: por un lado, el relacionado con la fabricaci\u00f3n, es decir, es el ciclo apropiado para quienes tienen la inquietud de saber c\u00f3mo se fabrican las piezas y productos que ven en su entorno, para los que adoran estar en el taller, creando cosas nuevas y \u00fatiles, para los ordenados, que gustan tener en mente c\u00f3mo se har\u00eda la pieza: primero forjar, luego mecanizar, tratar y comprobar su calidad. Por otro lado, tambi\u00e9n es un ciclo para los que quieran ser gestores o responsables en el futuro, en cuestiones de gesti\u00f3n y organizaci\u00f3n de secciones industriales de empresas.<\/li>\n<\/ul>\n<ul>\n<li style=\"text-align: justify\"><a href=\"https:\/\/www.mondragon.edu\/eu\/heziketa-zikloa-mekatronika-industriala\"><strong>Mecatr\u00f3nica Industrial.<\/strong><\/a> El perfil com\u00fan de los de Mecatr\u00f3nica es o bien ser montadores mec\u00e1nicos o el\u00e9ctricos\/electr\u00f3nicos, o bien dirigirse a ser t\u00e9cnicos de mantenimiento: saben c\u00f3mo funcionan las m\u00e1quinas, les gusta buscar la raz\u00f3n de las aver\u00edas y c\u00f3mo solucionarlas; trabajan en la intersecci\u00f3n entre la mec\u00e1nica, la electr\u00f3nica y la programaci\u00f3n y automatizaci\u00f3n: tienen un gran conocimiento mec\u00e1nico y conocen el mundo de la automatizaci\u00f3n e integraci\u00f3n de sistemas mecatr\u00f3nicos; suelen ser personas activas, inquietas, siempre en movimiento entre m\u00e1quinas y en el taller a fin de mantener todo en su correcto funcionamiento.<\/li>\n<\/ul>\n<p>Y las <strong>especializaciones, <\/strong>para las cuales se accede desde un ciclo formativo de grado superior:<\/p>\n<ul>\n<li><a href=\"https:\/\/www.mondragon.edu\/es\/formacion-profesional-curso-especializacion-digitalizacion-mantenimiento-industrial\"><b>Digitalizaci\u00f3n del mantenimiento industrial<\/b>:<\/a> 1 a\u00f1o de duraci\u00f3n, oferta en DUAL, en euskera y presencial<\/li>\n<li><strong><a href=\"https:\/\/www.mondragon.edu\/eu\/heziketa-zikloa-eragiketa-teknologien-nguruneetan-zibersegurtasuneko-espezializazio-ikastaroa\">Ciberseguridad en entornos de Tecnolog\u00edas de Operaci\u00f3n-OT)<\/a><\/strong> : 1 a\u00f1o de duraci\u00f3n, oferta en DUAL, en castellano y presencial<\/li>\n<\/ul>\n<\/div>\n","protected":false},"excerpt":{"rendered":"<p>Los Ciclos formativos de grado superior\u00a0(CFGS)\u00a0 de Mondragon Goi Eskola Politeknikoa\u00a0 (MGEP) han participado en la nueva edici\u00f3n de 2024 de GOIAZ AZOKA, feria de presentacion de la oferta de Ciclos Formativos de Debagoiena organizada por la Agencia de Desarrollo de la Mancomunidad de Debagoiena los d\u00edas 21 y 22 de marzo en Kulturate, Mondrag\u00f3n. Cada t\u00edtulo de Ciclos formativos de grado superior\u00a0(CFGS) ha acudido con materiales y contenidos a presentar y especialmente con ejemplos de\u00a0 retos y prototipos\u00a0desarrollados por el priopio alumnado a lo largo del curso 23-24. A lo largo del d\u00eda y medio que ha durado la feria alumnado de DBH y bachillerato, as\u00ed como de EPA-HHI, por grupos, y alumnado con sus madres y padres han podido visitar la feria y conocer de cerca la oferta de t\u00edtulos all\u00ed presentada. Se incluyen algunas fotos donde los&#8230;<\/p>\n","protected":false},"author":289,"featured_media":-1,"comment_status":"open","ping_status":"open","sticky":false,"template":"","format":"standard","meta":[],"categories":[97],"tags":[],"amp_enabled":true,"_links":{"self":[{"href":"https:\/\/mukom.mondragon.edu\/mondragonfp\/wp-json\/wp\/v2\/posts\/7700"}],"collection":[{"href":"https:\/\/mukom.mondragon.edu\/mondragonfp\/wp-json\/wp\/v2\/posts"}],"about":[{"href":"https:\/\/mukom.mondragon.edu\/mondragonfp\/wp-json\/wp\/v2\/types\/post"}],"author":[{"embeddable":true,"href":"https:\/\/mukom.mondragon.edu\/mondragonfp\/wp-json\/wp\/v2\/users\/289"}],"replies":[{"embeddable":true,"href":"https:\/\/mukom.mondragon.edu\/mondragonfp\/wp-json\/wp\/v2\/comments?post=7700"}],"version-history":[{"count":6,"href":"https:\/\/mukom.mondragon.edu\/mondragonfp\/wp-json\/wp\/v2\/posts\/7700\/revisions"}],"predecessor-version":[{"id":7754,"href":"https:\/\/mukom.mondragon.edu\/mondragonfp\/wp-json\/wp\/v2\/posts\/7700\/revisions\/7754"}],"wp:featuredmedia":[{"embeddable":true,"href":"https:\/\/mukom.mondragon.edu\/mondragonfp\/wp-json\/"}],"wp:attachment":[{"href":"https:\/\/mukom.mondragon.edu\/mondragonfp\/wp-json\/wp\/v2\/media?parent=7700"}],"wp:term":[{"taxonomy":"category","embeddable":true,"href":"https:\/\/mukom.mondragon.edu\/mondragonfp\/wp-json\/wp\/v2\/categories?post=7700"},{"taxonomy":"post_tag","embeddable":true,"href":"https:\/\/mukom.mondragon.edu\/mondragonfp\/wp-json\/wp\/v2\/tags?post=7700"}],"curies":[{"name":"wp","href":"https:\/\/api.w.org\/{rel}","templated":true}]}}