{"id":774,"date":"2018-04-10T11:04:45","date_gmt":"2018-04-10T09:04:45","guid":{"rendered":"http:\/\/mukom.mondragon.edu\/mondragonfp\/?p=774"},"modified":"2023-03-14T13:47:47","modified_gmt":"2023-03-14T12:47:47","slug":"ciclos-fp-de-grado-superior-de-pleno-empleo","status":"publish","type":"post","link":"https:\/\/mukom.mondragon.edu\/mondragonfp\/es\/2018\/04\/10\/ciclos-fp-de-grado-superior-de-pleno-empleo\/","title":{"rendered":"Ciclos FP de grado superior  de pleno empleo"},"content":{"rendered":"<div style=\"text-align: justify\">La prensa est\u00e1 publicando estos d\u00edas noticias relativas a la <strong>Formaci\u00f3n Profesional FP<\/strong>, ya que la agrupaci\u00f3n <a href=\"http:\/\/hetel.eus\/index.php\/es\/\">HETEL<\/a> ha hecho este lunes un nuevo llamamiento a todos los agentes sociales, alertando sobre la necesidad de llenar las aulas con alumnado FP, principalmente los <strong>Ciclos FP de grado superior industriales<\/strong>, ya que no se est\u00e1 cubriendo la demanda empresarial.\u00a0 \u00a0 <a href=\"http:\/\/www.elcorreo.com\/sociedad\/estudios-industrial-logran-20180409182625-nt.html\">ver noticia completa de El Correo<\/a><\/div>\n<div style=\"text-align: justify\">\n<div style=\"text-align: center\"><img loading=\"lazy\" class=\"alignnone size-medium\" src=\"https:\/\/live.staticflickr.com\/888\/26489338847_aa9c2a2d90_b.jpg\" width=\"1024\" height=\"576\" \/><\/div>\n<\/div>\n<div style=\"text-align: justify\"><\/div>\n<div style=\"text-align: justify\">Es una realidad que conocemos muy de cerca en\u00a0<a href=\"https:\/\/www.mondragon.edu\/es\">MGEP<\/a>\u00a0, donde se cuenta con la siguiente <a href=\"https:\/\/www.mondragon.edu\/es\/ciclos-formativos-grado-superior\/oferta-formacion-profesional\">Oferta de Ciclos FP de grado Superior.<\/a><\/div>\n<p>&nbsp;<\/p>\n<div style=\"text-align: justify\"><\/div>\n<p style=\"text-align: justify\">Tambi\u00e9n <a href=\"https:\/\/www.naiz.eus\/eu\/hemeroteca\/gara\/editions\/2018-04-03\/hemeroteca_articles\/heziketa-teknikoak-ez-du-emakumeak-erakartzea-lortzen\">Gara ha publicado una noticia en esta l\u00ednea<\/a>, ver la <a href=\"https:\/\/www.naiz.eus\/eu\/hemeroteca\/gara\/editions\/2018-04-03\/hemeroteca_articles\/heziketa-teknikoak-ez-du-emakumeak-erakartzea-lortzen\">noticia<\/a>.\u00a0 Y en \u00e9sta incide en la necesidad de animar a las <strong>mujeres<\/strong> a participar en la <strong>Formaci\u00f3n profesional FP<\/strong>.\u00a0 Entrevistan entre otras a Izaskun Del Fresno, alumna de <a href=\"https:\/\/www.mondragon.edu\/es\">MGEP<\/a> de 1\u00ba del <a href=\"https:\/\/www.mondragon.edu\/es\/formacion-profesional-programacion-produccion-fabricacion-mecanica\">Ciclo FP de Grado Superior de Programaci\u00f3n de la Producci\u00f3n de fabricaci\u00f3n Mec\u00e1nica<\/a>, tal y como aparece en la foto.\u00a0 Ella con 42 a\u00f1os, y madre de 2 ni\u00f1os, ha aceptado el reto, animada por conocidos y amigos de ambos sexos. Su principal motivaci\u00f3n es el conseguir en breve un empleo satisfactorio,y est\u00e1 en ello.\u00a0 Es por eso que anima a las mujeres que est\u00e9n buscando empleo, que den el salto y que se animen a formarse. Ella tampoco lo vio claro al principio pero ahora est\u00e1 contenta con la decisi\u00f3n tomada.<\/p>\n<div style=\"text-align: center\"><img loading=\"lazy\" class=\"alignnone size-medium\" src=\"https:\/\/live.staticflickr.com\/799\/40465399435_6b9f5f2c5d_b.jpg\" width=\"1024\" height=\"576\" \/><\/div>\n<div style=\"text-align: center\"><em>\u00a0Izaskun Del Fresno, <a href=\"https:\/\/www.naiz.eus\/eu\/hemeroteca\/gara\/editions\/2018-04-03\/hemeroteca_articles\/heziketa-teknikoak-ez-du-emakumeak-erakartzea-lortzen\">GARA <\/a>aldizkariak argitaratutako irudian<\/em><\/div>\n<div><\/div>\n","protected":false},"excerpt":{"rendered":"<p>La prensa est\u00e1 publicando estos d\u00edas noticias relativas a la Formaci\u00f3n Profesional FP, ya que la agrupaci\u00f3n HETEL ha hecho este lunes un nuevo llamamiento a todos los agentes sociales, alertando sobre la necesidad de llenar las aulas con alumnado FP, principalmente los Ciclos FP de grado superior industriales, ya que no se est\u00e1 cubriendo la demanda empresarial.\u00a0 \u00a0 ver noticia completa de El Correo Es una realidad que conocemos muy de cerca en\u00a0MGEP\u00a0, donde se cuenta con la siguiente Oferta de Ciclos FP de grado Superior. &nbsp; Tambi\u00e9n Gara ha publicado una noticia en esta l\u00ednea, ver la noticia.\u00a0 Y en \u00e9sta incide en la necesidad de animar a las mujeres a participar en la Formaci\u00f3n profesional FP.\u00a0 Entrevistan entre otras a Izaskun Del Fresno, alumna de MGEP de 1\u00ba del Ciclo FP de Grado Superior de Programaci\u00f3n de&#8230;<\/p>\n","protected":false},"author":141,"featured_media":-1,"comment_status":"open","ping_status":"open","sticky":false,"template":"","format":"standard","meta":[],"categories":[171,177,146,114,169],"tags":[],"amp_enabled":true,"_links":{"self":[{"href":"https:\/\/mukom.mondragon.edu\/mondragonfp\/wp-json\/wp\/v2\/posts\/774"}],"collection":[{"href":"https:\/\/mukom.mondragon.edu\/mondragonfp\/wp-json\/wp\/v2\/posts"}],"about":[{"href":"https:\/\/mukom.mondragon.edu\/mondragonfp\/wp-json\/wp\/v2\/types\/post"}],"author":[{"embeddable":true,"href":"https:\/\/mukom.mondragon.edu\/mondragonfp\/wp-json\/wp\/v2\/users\/141"}],"replies":[{"embeddable":true,"href":"https:\/\/mukom.mondragon.edu\/mondragonfp\/wp-json\/wp\/v2\/comments?post=774"}],"version-history":[{"count":11,"href":"https:\/\/mukom.mondragon.edu\/mondragonfp\/wp-json\/wp\/v2\/posts\/774\/revisions"}],"predecessor-version":[{"id":6785,"href":"https:\/\/mukom.mondragon.edu\/mondragonfp\/wp-json\/wp\/v2\/posts\/774\/revisions\/6785"}],"wp:featuredmedia":[{"embeddable":true,"href":"https:\/\/mukom.mondragon.edu\/mondragonfp\/wp-json\/"}],"wp:attachment":[{"href":"https:\/\/mukom.mondragon.edu\/mondragonfp\/wp-json\/wp\/v2\/media?parent=774"}],"wp:term":[{"taxonomy":"category","embeddable":true,"href":"https:\/\/mukom.mondragon.edu\/mondragonfp\/wp-json\/wp\/v2\/categories?post=774"},{"taxonomy":"post_tag","embeddable":true,"href":"https:\/\/mukom.mondragon.edu\/mondragonfp\/wp-json\/wp\/v2\/tags?post=774"}],"curies":[{"name":"wp","href":"https:\/\/api.w.org\/{rel}","templated":true}]}}