{"id":7841,"date":"2024-05-22T08:00:12","date_gmt":"2024-05-22T06:00:12","guid":{"rendered":"https:\/\/mukom.mondragon.edu\/mondragonfp\/?p=7841"},"modified":"2024-05-17T12:02:35","modified_gmt":"2024-05-17T10:02:35","slug":"reencuentro-del-alumnado-de-ciclos-dual-en-mgep-por-san-pancracio","status":"publish","type":"post","link":"https:\/\/mukom.mondragon.edu\/mondragonfp\/es\/2024\/05\/22\/reencuentro-del-alumnado-de-ciclos-dual-en-mgep-por-san-pancracio\/","title":{"rendered":"Reencuentro del  alumnado de Ciclos DUAL en MGEP por San Pancracio (ver Fotos)"},"content":{"rendered":"<p><strong><a href=\"https:\/\/www.mondragon.edu\/eu\/goi-mailako-heziketa-zikloak\/heziketa-zikloetako-eskaintza\">Reencuentro del alumnado de Ciclos Formativos de Grado Superior\u00a0 DUAL en Mondragon Goi Eskola Politeknikoa (MGEP) por la fiesta de San Pancracio<\/a><\/strong><\/p>\n<p id=\"tw-target-text\" class=\"tw-data-text tw-text-large tw-ta\" dir=\"ltr\" data-placeholder=\"Traducci\u00f3n\" aria-label=\"Texto traducido\" data-ved=\"2ahUKEwjn8OKMgZCGAxWF8QIHHaehAPIQ3ewLegQIDhAU\"><span class=\"Y2IQFc\" lang=\"es\">Reunimos a todos los estudiantes DUAL de los <a href=\"https:\/\/www.mondragon.edu\/eu\/goi-mailako-heziketa-zikloak\/heziketa-zikloetako-eskaintza\">Ciclos formativos de grado superior de\u00a0 MGEP<\/a> el d\u00eda de San Pancracio. Por la ma\u00f1ana han pesentado\u00a0 sus pr\u00e1cticas DUAL frente a todos los profesores y compa\u00f1eros y compa\u00f1eras\u00a0 y ya para el mediod\u00eda para celebrar el d\u00eda de San Pancracio.<\/span><\/p>\n<p>Por un d\u00eda han dejado las pr\u00e1cticas en la empresa y han podido acercarse hasta MGEP en presencial mientras cque el alumnado del programa ERASMUS+ se ha conectado por video conferencia.<\/p>\n<p>Todos han acudido contentos, en parte porque volv\u00edas a reencontrarse con sus compa\u00f1eros y compa\u00f1eras de clase y tambi\u00e9n porque es un d\u00eda completo, donde pueden conoer de primera mano otras empresas, otros puestos de trabajo y las experiencias compartidas de tod@s ell@s.<\/p>\n<p>A continuaci\u00f3n mostramos diferentes im\u00e1genes recogidas durante las sesiones de presentaci\u00f3n de las <strong>pr\u00e1cticas DUAL:<\/strong><\/p>\n<ul style=\"text-align: justify\">\n<li><a href=\"https:\/\/www.mondragon.edu\/es\/formacion-profesional-diseno-fabricacion-mecanica\"><strong>Dise\u00f1o en Fabricaci\u00f3n Mec\u00e1nica<\/strong><\/a><strong>.<\/strong> Son dise\u00f1adores de utillajes y m\u00e1quinas, y gran parte de su trabajo lo realizan con el ordenador; para que los dise\u00f1os sean adecuados y factibles, tienen que saber un poco de todo: qu\u00e9 proceso utilizar para fabricar piezas seg\u00fan el material y la geometr\u00eda y qu\u00e9 propiedades se obtendr\u00edan en funci\u00f3n del material, la forma y el proceso; dimensionan elementos mec\u00e1nicos a partir de las propiedades del material y de c\u00f3mo trabaja la pieza; saben c\u00f3mo se realiza la automatizaci\u00f3n de un proceso; no son especialistas en ninguno de estos campos, pero aprenden de todo, y han de tener la m\u00e1quina entera en mente para poder convertirla en realidad. Es el ciclo m\u00e1s cercano a una ingenier\u00eda.<\/li>\n<\/ul>\n<p><img class=\"aligncenter\" src=\"https:\/\/live.staticflickr.com\/65535\/53723673685_90a874d233_n.jpg\" \/><\/p>\n<ul>\n<li><a href=\"https:\/\/www.mondragon.edu\/es\/formacion-profesional-programacion-produccion-fabricacion-mecanica\"><strong>Programaci\u00f3n de la Producci\u00f3n en Fabricaci\u00f3n Mec\u00e1nica<\/strong><\/a><strong>.<\/strong> Podemos distinguir dos aspectos: por un lado, el relacionado con la fabricaci\u00f3n, es decir, es el ciclo apropiado para quienes tienen la inquietud de saber c\u00f3mo se fabrican las piezas y productos que ven en su entorno, para los que adoran estar en el taller, creando cosas nuevas y \u00fatiles, para los ordenados, que gustan tener en mente c\u00f3mo se har\u00eda la pieza: primero forjar, luego mecanizar, tratar y comprobar su calidad. Por otro lado, tambi\u00e9n es un ciclo para los que quieran ser gestores o responsables en el futuro, en cuestiones de gesti\u00f3n y organizaci\u00f3n de secciones industriales de empresas.<\/li>\n<\/ul>\n<p><img class=\"aligncenter\" src=\"https:\/\/live.staticflickr.com\/65535\/53723673750_c4da1be338_n.jpg\" \/><\/p>\n<p>&nbsp;<\/p>\n<ul>\n<li><a href=\"https:\/\/www.mondragon.edu\/es\/formacion-profesional-administracion-sistemas-informaticos-red\"><strong>Administraci\u00f3n de Sistemas Inform\u00e1ticos en Red<\/strong><\/a><a href=\"https:\/\/www.mondragon.edu\/eu\/heziketa-zikloa-sareko-informatika-sistemen-administrazioa\/sareko-informatika-sistemen-administrazioa\"><strong>.<\/strong><\/a> Destinado al trabajo en los servicios inform\u00e1ticos de las empresas; por un lado, configurando, administrando, desarrollando e implantando los sistemas inform\u00e1ticos (ordenadores, servidores, redes), las denominadas Tecnolog\u00edas de Informaci\u00f3n y Telecomunicaci\u00f3n (TICs). Asegurar\u00e1n tambi\u00e9n los recursos del sistema y la funcionalidad de los servicios, implantando las medidas de seguridad e integridad. Es una profesi\u00f3n imprescindible hoy en d\u00eda en empresas peque\u00f1as y grandes. Adem\u00e1s, el titulado habr\u00e1 de ser capaz de mantener una relaci\u00f3n estrecha con los clientes, con los suministradores de TICs, con los usuarios y, en general, con las personas, a fin de entender las necesidades y dar una respuesta apropiada y r\u00e1pida a \u00e9stos.<\/li>\n<\/ul>\n<p><img class=\"aligncenter\" src=\"https:\/\/live.staticflickr.com\/65535\/53723239346_2b4dbd4ff8_n.jpg\" \/><\/p>\n<p>&nbsp;<\/p>\n<ul>\n<li><a href=\"https:\/\/www.mondragon.edu\/eu\/heziketa-zikloa-mekatronika-industriala\"><strong>Mecatr\u00f3nica Industrial.<\/strong><\/a> El perfil com\u00fan de los de Mecatr\u00f3nica es o bien ser montadores mec\u00e1nicos o el\u00e9ctricos\/electr\u00f3nicos, o bien dirigirse a ser t\u00e9cnicos de mantenimiento: saben c\u00f3mo funcionan las m\u00e1quinas, les gusta buscar la raz\u00f3n de las aver\u00edas y c\u00f3mo solucionarlas; trabajan en la intersecci\u00f3n entre la mec\u00e1nica, la electr\u00f3nica y la programaci\u00f3n y automatizaci\u00f3n: tienen un gran conocimiento mec\u00e1nico y conocen el mundo de la automatizaci\u00f3n e integraci\u00f3n de sistemas mecatr\u00f3nicos; suelen ser personas activas, inquietas, siempre en movimiento entre m\u00e1quinas y en el taller a fin de mantener todo en su correcto funcionamiento.<\/li>\n<\/ul>\n<p><img class=\"aligncenter\" src=\"https:\/\/live.staticflickr.com\/65535\/53723239186_dcea7aa424_n.jpg\" \/><\/p>\n<p>&nbsp;<\/p>\n<p><img loading=\"lazy\" class=\"aligncenter\" src=\"https:\/\/live.staticflickr.com\/65535\/53723673755_91e4b7c34a_n.jpg\" width=\"534\" height=\"273\" \/><\/p>\n<ul>\n<li><a href=\"https:\/\/www.mondragon.edu\/eu\/heziketa-zikloa-automatizazio-robotika-industriala\"><strong>Automatizaci\u00f3n y Rob\u00f3tica Industrial.<\/strong><\/a> En esta titulaci\u00f3n se profundiza en la automatizaci\u00f3n industrial, en la que se basa la tan comentada Industria 4.0. Ya desde el principio los alumnos montan instalaciones autom\u00e1ticas y llegan a ponerlas a punto y a realizar sus ajustes. Es una titulaci\u00f3n apropiada para quien quiera tocar las cosas o le guste la electricidad y la electr\u00f3nica y programar robots y aut\u00f3matas. Tras aprender las caracter\u00edsticas de los robots, se realizan ejercicios simulados, que luego se llevan al robot f\u00edsico.<\/li>\n<\/ul>\n<p><img loading=\"lazy\" class=\"aligncenter\" src=\"https:\/\/live.staticflickr.com\/65535\/53723452543_0f036bcc2f_n.jpg\" width=\"356\" height=\"206\" \/><\/p>\n","protected":false},"excerpt":{"rendered":"<p>Reencuentro del alumnado de Ciclos Formativos de Grado Superior\u00a0 DUAL en Mondragon Goi Eskola Politeknikoa (MGEP) por la fiesta de San Pancracio Reunimos a todos los estudiantes DUAL de los Ciclos formativos de grado superior de\u00a0 MGEP el d\u00eda de San Pancracio. Por la ma\u00f1ana han pesentado\u00a0 sus pr\u00e1cticas DUAL frente a todos los profesores y compa\u00f1eros y compa\u00f1eras\u00a0 y ya para el mediod\u00eda para celebrar el d\u00eda de San Pancracio. Por un d\u00eda han dejado las pr\u00e1cticas en la empresa y han podido acercarse hasta MGEP en presencial mientras cque el alumnado del programa ERASMUS+ se ha conectado por video conferencia. Todos han acudido contentos, en parte porque volv\u00edas a reencontrarse con sus compa\u00f1eros y compa\u00f1eras de clase y tambi\u00e9n porque es un d\u00eda completo, donde pueden conoer de primera mano otras empresas, otros puestos de trabajo y las&#8230;<\/p>\n","protected":false},"author":289,"featured_media":-1,"comment_status":"open","ping_status":"open","sticky":false,"template":"","format":"standard","meta":[],"categories":[171,270,144,114],"tags":[],"amp_enabled":true,"_links":{"self":[{"href":"https:\/\/mukom.mondragon.edu\/mondragonfp\/wp-json\/wp\/v2\/posts\/7841"}],"collection":[{"href":"https:\/\/mukom.mondragon.edu\/mondragonfp\/wp-json\/wp\/v2\/posts"}],"about":[{"href":"https:\/\/mukom.mondragon.edu\/mondragonfp\/wp-json\/wp\/v2\/types\/post"}],"author":[{"embeddable":true,"href":"https:\/\/mukom.mondragon.edu\/mondragonfp\/wp-json\/wp\/v2\/users\/289"}],"replies":[{"embeddable":true,"href":"https:\/\/mukom.mondragon.edu\/mondragonfp\/wp-json\/wp\/v2\/comments?post=7841"}],"version-history":[{"count":4,"href":"https:\/\/mukom.mondragon.edu\/mondragonfp\/wp-json\/wp\/v2\/posts\/7841\/revisions"}],"predecessor-version":[{"id":7849,"href":"https:\/\/mukom.mondragon.edu\/mondragonfp\/wp-json\/wp\/v2\/posts\/7841\/revisions\/7849"}],"wp:featuredmedia":[{"embeddable":true,"href":"https:\/\/mukom.mondragon.edu\/mondragonfp\/wp-json\/"}],"wp:attachment":[{"href":"https:\/\/mukom.mondragon.edu\/mondragonfp\/wp-json\/wp\/v2\/media?parent=7841"}],"wp:term":[{"taxonomy":"category","embeddable":true,"href":"https:\/\/mukom.mondragon.edu\/mondragonfp\/wp-json\/wp\/v2\/categories?post=7841"},{"taxonomy":"post_tag","embeddable":true,"href":"https:\/\/mukom.mondragon.edu\/mondragonfp\/wp-json\/wp\/v2\/tags?post=7841"}],"curies":[{"name":"wp","href":"https:\/\/api.w.org\/{rel}","templated":true}]}}