{"id":7872,"date":"2024-05-29T08:00:55","date_gmt":"2024-05-29T06:00:55","guid":{"rendered":"https:\/\/mukom.mondragon.edu\/mondragonfp\/?p=7872"},"modified":"2024-05-27T09:42:01","modified_gmt":"2024-05-27T07:42:01","slug":"andoni-ugalde-especializacion-ciclos-mgep-en-digitalizacion-del-mantenimiento-industrial-de-mgep-dual-en-la-empresa-copreci","status":"publish","type":"post","link":"https:\/\/mukom.mondragon.edu\/mondragonfp\/es\/2024\/05\/29\/andoni-ugalde-especializacion-ciclos-mgep-en-digitalizacion-del-mantenimiento-industrial-de-mgep-dual-en-la-empresa-copreci\/","title":{"rendered":"Andoni Ugalde, especializaci\u00f3n Ciclos MGEP en Digitalizaci\u00f3n del Mantenimiento Industrial de MGEP DUAL en la empresa Copreci"},"content":{"rendered":"<p><b>Andoni Ugalde, alumno de la <\/b><a href=\"https:\/\/www.mondragon.edu\/es\/formacion-profesional-curso-especializacion-digitalizacion-mantenimiento-industrial\"><b>especializaci\u00f3n en Digitalizaci\u00f3n del Mantenimiento Industrial<\/b><\/a><b> de<a href=\"https:\/\/www.mondragon.edu\/es\/ciclos-formativos-grado-superior\/oferta-formacion-profesional\"> Ciclos Formativos de Grado Superior<\/a> de <a href=\"https:\/\/www.mondragon.edu\/es\">Mondragon Goi Eskola Politeknikoa<\/a> (<\/b><a href=\"https:\/\/www.mondragon.edu\/es\/ciclos-formativos-grado-superior\/oferta-formacion-profesional\"><b>MGEP<\/b><\/a><b>) realiza la parte industrial de su aprendizaje DUAL en la empresa Copreci. Tras titularse en tres ciclos formativos de grado superior, ha completado este curso la especializaci\u00f3n.<\/b><span style=\"font-weight: 400\"><br \/>\n<\/span><span style=\"font-weight: 400\"><br \/>\n<\/span><span style=\"font-weight: 400\">Soy Andoni Ugalde Igartua, tengo 24 a\u00f1os y soy de Elorrio. En este curso 23-24 estoy estudiando la <\/span><a href=\"https:\/\/www.mondragon.edu\/es\/formacion-profesional-curso-especializacion-digitalizacion-mantenimiento-industrial\"><span style=\"font-weight: 400\">especializaci\u00f3n en Digitalizaci\u00f3n del Mantenimiento Industrial<\/span><\/a><span style=\"font-weight: 400\"> en <\/span><a href=\"https:\/\/www.mondragon.edu\/es\/ciclos-formativos-grado-superior\/oferta-formacion-profesional\"><span style=\"font-weight: 400\">la Escuela Polit\u00e9cnica Superior de Mondrag\u00f3n (MGEP).<\/span><\/a><span style=\"font-weight: 400\"> En a\u00f1os anteriores estudi\u00e9 los ciclos superiores en <\/span><a href=\"https:\/\/www.mondragon.edu\/es\/formacion-profesional-mecatronica-industrial\/aprender-haciendo\"><span style=\"font-weight: 400\">Mecatr\u00f3nica Industrial<\/span><\/a><span style=\"font-weight: 400\">, <\/span><a href=\"https:\/\/www.mondragon.edu\/es\/formacion-profesional-automatizacion-robotica-industrial\"><span style=\"font-weight: 400\">Automatizaci\u00f3n y Rob\u00f3tica Industrial<\/span><\/a><span style=\"font-weight: 400\"> y <\/span><a href=\"https:\/\/www.mondragon.edu\/es\/formacion-profesional-diseno-fabricacion-mecanica\/practicas-empresa\"><span style=\"font-weight: 400\">Dise\u00f1o en Fabricaci\u00f3n Mec\u00e1nica<\/span><\/a><span style=\"font-weight: 400\">, todos ellos en la <\/span><b>modalidad de formaci\u00f3n DUAL<\/b><span style=\"font-weight: 400\">.<\/span><span style=\"font-weight: 400\"><br \/>\n<\/span><span style=\"font-weight: 400\"><br \/>\n<\/span><span style=\"font-weight: 400\">Veo esta especializaci\u00f3n como un ap\u00e9ndice de la formaci\u00f3n recibida en el ciclo en Mecatr\u00f3nica Industrial, como complemento a la formaci\u00f3n recibida en aquella \u00e9poca. Veo los ciclos superiores como el camino para la formaci\u00f3n para <\/span><b>un mundo en continua transformaci\u00f3n en las instalaciones de fabricaci\u00f3n de las empresas y en su mantenimiento, en la transformaci\u00f3n a la Industria 4.0, con la 5.0 llamando a la puerta, pues la nueva era trae consigo nuevas formas de funcionamiento, nuevos accionamientos y controles de m\u00e1quina, con distintas medidas de seguridad y con electr\u00f3nica e inform\u00e1tica integradas<\/b><span style=\"font-weight: 400\">.<\/span><\/p>\n<p><span style=\"font-weight: 400\">Agradezco las oportunidades que he tenido durante estos a\u00f1os para estudiar en MGEP en la <strong>modalidad DUAL<\/strong> y trabajar en pr\u00e1cticas en algunas empresas: <\/span><b>CMZ-SEUNER, ULMA PACKAGING y <\/b>finalmente <b>COPRECI<\/b><span style=\"font-weight: 400\">, experiencias diferentes y positivas\u00a0 todas ellas.<\/span><\/p>\n<p><span style=\"font-weight: 400\"><img loading=\"lazy\" class=\"aligncenter size-medium\" src=\"https:\/\/live.staticflickr.com\/65535\/53587857825_5d206b08ef_n.jpg\" width=\"240\" height=\"320\" \/><\/span><span style=\"font-weight: 400\"><br \/>\n<\/span><span style=\"font-weight: 400\">Durante mis estudios del ciclo superior de <a href=\"https:\/\/www.mondragon.edu\/es\/formacion-profesional-diseno-fabricacion-mecanica\/practicas-empresa\">Dise\u00f1o en Fabricaci\u00f3n Mec\u00e1nica<\/a>, el a\u00f1o pasado, estuve trabajando en COPRECI, y este curso sigo all\u00ed, del 11 de septiembre de 2023 a mediados de junio de 2024. COPRECI fabrica componentes de electrodom\u00e9sticos (presostatos, v\u00e1lvulas de presi\u00f3n e cocci\u00f3n, gas, inducci\u00f3n, electro-bombas, etc.).<\/span><\/p>\n<p><img loading=\"lazy\" class=\"size-medium aligncenter\" src=\"https:\/\/live.staticflickr.com\/65535\/51981708315_25ae68fd14_n.jpg\" width=\"319\" height=\"213\" \/><\/p>\n<p>&nbsp;<\/p>\n<p><span style=\"font-weight: 400\">He tenido la oportunidad de trabajar con diferentes departamentos, procesos y compa\u00f1eros; el pasado a\u00f1o estuve en una Oficina T\u00e9cnica de Emisi\u00f3n de Gas, y en el Almac\u00e9n de Suministro durante el ciclo de este a\u00f1o.<\/span><span style=\"font-weight: 400\"><br \/>\n<\/span><span style=\"font-weight: 400\"><br \/>\n<\/span><span style=\"font-weight: 400\">Mi tutor en la cooperativa COPRECI es Luis Agirre, aunque en mi actividad diaria act\u00faan como instructores los compa\u00f1eros del Almac\u00e9n de Aprovisionamiento.\u00a0<\/span><\/p>\n<p><b>Me han tocado diferentes tareas, croquizar los elementos de una m\u00e1quina y hacer planos 3D con el software SOLIDWORKS, trabajos de codificaci\u00f3n, simplificaci\u00f3n y estandarizaci\u00f3n de m\u00e1quinas y elementos, planos layout 3D del almac\u00e9n, planos de localizaci\u00f3n de los art\u00edculos en el almac\u00e9n<\/b><span style=\"font-weight: 400\">. El objetivo de este \u00faltimo proyecto es facilitar encontrar los art\u00edculos cuando se necesitan, desarrollar una herramienta para conocer su ubicaci\u00f3n y el stock existente.<\/span><span style=\"font-weight: 400\"><br \/>\n<\/span><span style=\"font-weight: 400\"><br \/>\n<\/span><span style=\"font-weight: 400\">La formaci\u00f3n DUAL en la empresa <\/span><b>me ha permitido tener contacto con la realidad<\/b><span style=\"font-weight: 400\">: poner en pr\u00e1ctica las teor\u00edas y herramientas estudiadas, ver en piezas f\u00edsicas el resultado de los planos realizados en SOLIDWORKS y verificar su funcionamiento o realizar correcciones. La experiencia me parece muy recomendable. Observas en los proyectos y necesidades de la empresa las \u00e1reas que has estudiado: mec\u00e1nica, hidr\u00e1ulica, neum\u00e1tica, electr\u00f3nica, programaci\u00f3n, dise\u00f1o&#8230; <\/span><span style=\"font-weight: 400\"><br \/>\n<\/span><span style=\"font-weight: 400\"><br \/>\n<\/span><span style=\"font-weight: 400\">Dado que la tecnolog\u00eda evoluciona continuamente, veo la formaci\u00f3n como algo necesario para toda la vida; en el trabajo siempre habr\u00e1 tambi\u00e9n algo que aprender.<\/span><\/p>\n<p>&nbsp;<\/p>\n","protected":false},"excerpt":{"rendered":"<p>Andoni Ugalde, alumno de la especializaci\u00f3n en Digitalizaci\u00f3n del Mantenimiento Industrial de Ciclos Formativos de Grado Superior de Mondragon Goi Eskola Politeknikoa (MGEP) realiza la parte industrial de su aprendizaje DUAL en la empresa Copreci. Tras titularse en tres ciclos formativos de grado superior, ha completado este curso la especializaci\u00f3n. Soy Andoni Ugalde Igartua, tengo 24 a\u00f1os y soy de Elorrio. En este curso 23-24 estoy estudiando la especializaci\u00f3n en Digitalizaci\u00f3n del Mantenimiento Industrial en la Escuela Polit\u00e9cnica Superior de Mondrag\u00f3n (MGEP). En a\u00f1os anteriores estudi\u00e9 los ciclos superiores en Mecatr\u00f3nica Industrial, Automatizaci\u00f3n y Rob\u00f3tica Industrial y Dise\u00f1o en Fabricaci\u00f3n Mec\u00e1nica, todos ellos en la modalidad de formaci\u00f3n DUAL. Veo esta especializaci\u00f3n como un ap\u00e9ndice de la formaci\u00f3n recibida en el ciclo en Mecatr\u00f3nica Industrial, como complemento a la formaci\u00f3n recibida en aquella \u00e9poca. Veo los ciclos superiores como el&#8230;<\/p>\n","protected":false},"author":289,"featured_media":-1,"comment_status":"open","ping_status":"open","sticky":false,"template":"","format":"standard","meta":[],"categories":[171,282,280,144],"tags":[],"amp_enabled":true,"_links":{"self":[{"href":"https:\/\/mukom.mondragon.edu\/mondragonfp\/wp-json\/wp\/v2\/posts\/7872"}],"collection":[{"href":"https:\/\/mukom.mondragon.edu\/mondragonfp\/wp-json\/wp\/v2\/posts"}],"about":[{"href":"https:\/\/mukom.mondragon.edu\/mondragonfp\/wp-json\/wp\/v2\/types\/post"}],"author":[{"embeddable":true,"href":"https:\/\/mukom.mondragon.edu\/mondragonfp\/wp-json\/wp\/v2\/users\/289"}],"replies":[{"embeddable":true,"href":"https:\/\/mukom.mondragon.edu\/mondragonfp\/wp-json\/wp\/v2\/comments?post=7872"}],"version-history":[{"count":3,"href":"https:\/\/mukom.mondragon.edu\/mondragonfp\/wp-json\/wp\/v2\/posts\/7872\/revisions"}],"predecessor-version":[{"id":7877,"href":"https:\/\/mukom.mondragon.edu\/mondragonfp\/wp-json\/wp\/v2\/posts\/7872\/revisions\/7877"}],"wp:featuredmedia":[{"embeddable":true,"href":"https:\/\/mukom.mondragon.edu\/mondragonfp\/wp-json\/"}],"wp:attachment":[{"href":"https:\/\/mukom.mondragon.edu\/mondragonfp\/wp-json\/wp\/v2\/media?parent=7872"}],"wp:term":[{"taxonomy":"category","embeddable":true,"href":"https:\/\/mukom.mondragon.edu\/mondragonfp\/wp-json\/wp\/v2\/categories?post=7872"},{"taxonomy":"post_tag","embeddable":true,"href":"https:\/\/mukom.mondragon.edu\/mondragonfp\/wp-json\/wp\/v2\/tags?post=7872"}],"curies":[{"name":"wp","href":"https:\/\/api.w.org\/{rel}","templated":true}]}}