{"id":7886,"date":"2024-06-12T08:00:08","date_gmt":"2024-06-12T06:00:08","guid":{"rendered":"https:\/\/mukom.mondragon.edu\/mondragonfp\/?p=7886"},"modified":"2024-05-29T09:29:46","modified_gmt":"2024-05-29T07:29:46","slug":"danel-ortiz-ciclo-fp-mecatronica-industrial-mgep-erasmus-en-la-empresa-electrotermia-de-cracovia-polonia","status":"publish","type":"post","link":"https:\/\/mukom.mondragon.edu\/mondragonfp\/es\/2024\/06\/12\/danel-ortiz-ciclo-fp-mecatronica-industrial-mgep-erasmus-en-la-empresa-electrotermia-de-cracovia-polonia\/","title":{"rendered":"Danel Ortiz ciclo FP Mecatr\u00f3nica Industrial  MGEP  ERASMUS+ en la empresa Electrotermia de Cracovia (Polonia)"},"content":{"rendered":"<p><strong>Experiencia de Danel Ortiz, alumno del ciclo superior de <a href=\"https:\/\/www.mondragon.edu\/eu\/heziketa-zikloa-mekatronika-industriala\">Mecatr\u00f3nica Industrial<\/a> en MGEP, en su ERASMUS+ en la empresa Electrotermia, en Cracovia (Polonia)<\/strong><\/p>\n<p>El estudiante del ciclo formativo de grado superior en <a href=\"https:\/\/www.mondragon.edu\/eu\/heziketa-zikloa-mekatronika-industriala\"><strong>Mecatr\u00f3nica industrial<\/strong> <\/a><strong>Danel Ortiz Bedialauneta<\/strong> nos cuenta su experiencia ERASMUS+:<\/p>\n<ul>\n<li style=\"list-style-type: none\">\n<ul>\n<li><strong>Nombre y t\u00edtulo<\/strong>: Soy Danel Ortiz Bedialauneta y he estudiado el ciclo formativo de grado superior (CFGS) de <a href=\"https:\/\/www.mondragon.edu\/eu\/heziketa-zikloa-mekatronika-industriala\"><strong>Mecatr\u00f3nica Industrial<\/strong><\/a> en MGEP. Decid\u00ed hacer este ciclo, porque considero que es un grado interesante y valioso para estudiar y que abre muchas puertas al mundo laboral. Hice la prueba de estudiar ingenier\u00eda, pero decid\u00ed empezar este ciclo formativo de grado superior buscando la practicidad, para coger experiencia y porque me gustaban los contenidos. Y pienso que MGEP es una buena opci\u00f3n, se ense\u00f1a de forma adecuada para aprender con facilidad y tiene muchas pr\u00e1cticas, lo veo importante de cara al mundo laboral.<\/li>\n<\/ul>\n<\/li>\n<\/ul>\n<p>&nbsp;<\/p>\n<p><img loading=\"lazy\" class=\"aligncenter \" src=\"https:\/\/live.staticflickr.com\/65535\/53658261174_010e57b157_n.jpg\" width=\"409\" height=\"458\" \/><\/p>\n<ul>\n<li><strong>En el trabajo realizado en esta empresa, \u00bfhas utilizado lo aprendido en el ciclo?<\/strong> S\u00ed, por ejemplo, SolidWorks; aunque he aprendido herramientas nuevas, he utilizado tambi\u00e9n lo visto en clase. En el taller tambi\u00e9n se pone en pr\u00e1ctica lo que se aprende en clase, sea de una forma igual o diferente, por lo que es importante que se aprenda y se ponga en pr\u00e1ctica, es decir, aunque se trabaje con una nueva m\u00e1quina, es importante qu\u00e9 hacer y qu\u00e9 no, y c\u00f3mo hacerlo, y estas situaciones reales son, por ejemplo, las aprendidas en clase.<\/li>\n<\/ul>\n<p>&nbsp;<\/p>\n<ul>\n<li style=\"list-style-type: none\">\n<ul>\n<li><strong>\u00bfQu\u00e9 te ha aportado como persona esta experiencia?<\/strong> Ver lo que es una empresa, ver c\u00f3mo se trabaja, aprender cosas por mi cuenta, ver y aprender c\u00f3mo funciona el mundo del trabajo y, sobre todo, adquirir una experiencia personal de cara al futuro; una vez que he trabajado en una empresa, al ir a otra nueva sabr\u00e9 actuar en los diferentes momentos o situaciones que se pueden producir.<strong>\u00bfAlgo que destacar?<\/strong> Desde que empec\u00e9 este ciclo he cambiado mi m\u00e9todo de aprendizaje y creo que he mejorado; antes de esto ten\u00eda malos h\u00e1bitos en los momentos de estudio, pero los he cambiado y mejorado. La relaci\u00f3n entre los alumnos es muy buena, especialmente entre los amigos. Adem\u00e1s, hay tambi\u00e9n una buena relaci\u00f3n con otras personas de la clase y buen ambiente de trabajo. Para terminar, entre todos tenemos una buena relaci\u00f3n tambi\u00e9n fuera de clase.\n<ul>\n<li><strong>\u00bfY respecto a la metodolog\u00eda ETHAZI utilizada en este ciclo <\/strong><\/li>\n<\/ul>\n<p><strong>formativo?<\/strong> En este ciclo se utiliza la metodolog\u00eda ETHAZI, con la que se trabajan las funciones profesionales y se entrena el trabajo en equipo. Los retos planteados se basan en retos reales de la profesi\u00f3n, as\u00ed que creo que esta experiencia ha sido interesante y valiosa para el mundo laboral. Es cierto que a la hora de entrar en el mundo laboral hay diferentes proyectos y cada empresa trabaja de manera diferente, pero ha sido interesante e importante trabajar y aprender a trav\u00e9s de estos retos.<\/p>\n<ul>\n<li><strong>\u00bfCu\u00e1ndo, c\u00f3mo te despert\u00f3 el inter\u00e9s por el ERASMUS+ para tener experiencia en el extranjero?<\/strong> Antes de terminar el primer a\u00f1o del ciclo, ten\u00eda muy clara esta idea, hacer pr\u00e1cticas en el extranjero, ver las estructuras de trabajo de otra empresa, pero, sobre todo, organizarme yo solo para cumplir los compromisos&#8230; quer\u00eda valerme por m\u00ed mismo, por eso lo eleg\u00ed, para conocer, disfrutar y sobre todo aprender de esta nueva experiencia. El 28 de marzo llegu\u00e9 a Cracovia, Polonia. Vivo en un piso en la calle Switiego Benedykta 9. Estoy en una empresa llamada Electrotermia, que es una empresa de tama\u00f1o media-grande. Trabajan en el \u00e1rea de servicios el\u00e9ctricos y de producci\u00f3n de aparatos de calefacci\u00f3n. Adem\u00e1s, fabrican barras, chapas y tubos personalizados. Estoy trabajando en la oficina y en el taller, una semana en el taller y dos en la oficina. Cuando estoy en la oficina, dise\u00f1o mediante SolidWorks, piezas para el personal que est\u00e1 en el taller. En el taller, en cambio, estoy en diferentes m\u00e1quinas, aprendiendo a preparar los programas para la fabricaci\u00f3n de las piezas y produciendo esas piezas. As\u00ed que estamos haciendo trabajos de importancia, como el de cualquier trabajador.<\/li>\n<\/ul>\n<p>&nbsp;<\/p>\n<ul>\n<li><strong>\u00bfQu\u00e9 has aprendido en la empresa?<\/strong> La importancia de la calidad, de la responsabilidad personal en el \u00e9xito de la empresa, tanto en Euskadi como en el mundo, que en la empresa nadie est\u00e1 solo: mi trabajo influye en los trabajos de los dem\u00e1s&#8230; y tambi\u00e9n qu\u00e9 solo est\u00e1s en la empresa cuando tienes problemas. Lo que se hace en la empresa tiene importancia, hay cosas que son m\u00e1s importantes que otras, pero cada una tiene su importancia. La responsabilidad de cada uno tambi\u00e9n es importante, he aprendido varias cosas que hay que cumplir en una empresa, las ya mencionadas y, sobre todo, que hay m\u00e1s trabajadores dispuestos a ayudar&#8230;que cumplir en una empresa, las ya mencionadas y, sobre todo, que hay m\u00e1s trabajadores dispuestos a ayudar&#8230;\n<ul>\n<li><strong>En el trabajo realizado en esta empresa, \u00bfhas utilizado lo aprendido en el ciclo?<\/strong> S\u00ed, por ejemplo, SolidWorks; aunque he aprendido herramientas nuevas, he utilizado tambi\u00e9n lo visto en clase. En el taller tambi\u00e9n se pone en pr\u00e1ctica lo que se aprende en clase, sea de una forma igual o diferente, por lo que es importante que se aprenda y se ponga en pr\u00e1ctica, es decir, aunque se trabaje con una nueva m\u00e1quina, es importante qu\u00e9 hacer y qu\u00e9 no, y c\u00f3mo hacerlo, y estas situaciones reales son, por ejemplo, las aprendidas en clase.<\/li>\n<li><strong>\u00bfQu\u00e9 te ha aportado como persona esta experiencia?<\/strong> Ver lo que es una empresa, ver c\u00f3mo se trabaja, aprender cosas por mi cuenta, ver y aprender c\u00f3mo funciona el mundo del trabajo y, sobre todo, adquirir una experiencia personal de cara al futuro; una vez que he trabajado en una empresa, al ir a otra nueva sabr\u00e9 actuar en los diferentes momentos o situaciones que se pueden producir.<\/li>\n<\/ul>\n<p>&nbsp;<\/p>\n<ul>\n<li><strong>Con el punto de vista que tienes ahora, \u00bfqu\u00e9 planes tienes para el pr\u00f3ximo curso?<\/strong> Ahora que he visto el mundo laboral, quiero aprender m\u00e1s y con ello adquirir m\u00e1s experiencia, as\u00ed que tengo la intenci\u00f3n para el siguiente curso de seguir aprendiendo y, adem\u00e1s, estudiar y entrar en ingenier\u00eda, porque pienso que es una buena opci\u00f3n.<\/li>\n<\/ul>\n<p>&nbsp;<\/p>\n<p>\u00a1\u00a1Gracias Danel por tus aportaciones11<\/li>\n<\/ul>\n<p>&nbsp;<\/li>\n<\/ul>\n<\/li>\n<\/ul>\n","protected":false},"excerpt":{"rendered":"<p>Experiencia de Danel Ortiz, alumno del ciclo superior de Mecatr\u00f3nica Industrial en MGEP, en su ERASMUS+ en la empresa Electrotermia, en Cracovia (Polonia) El estudiante del ciclo formativo de grado superior en Mecatr\u00f3nica industrial Danel Ortiz Bedialauneta nos cuenta su experiencia ERASMUS+: Nombre y t\u00edtulo: Soy Danel Ortiz Bedialauneta y he estudiado el ciclo formativo de grado superior (CFGS) de Mecatr\u00f3nica Industrial en MGEP. Decid\u00ed hacer este ciclo, porque considero que es un grado interesante y valioso para estudiar y que abre muchas puertas al mundo laboral. Hice la prueba de estudiar ingenier\u00eda, pero decid\u00ed empezar este ciclo formativo de grado superior buscando la practicidad, para coger experiencia y porque me gustaban los contenidos. Y pienso que MGEP es una buena opci\u00f3n, se ense\u00f1a de forma adecuada para aprender con facilidad y tiene muchas pr\u00e1cticas, lo veo importante de cara&#8230;<\/p>\n","protected":false},"author":289,"featured_media":-1,"comment_status":"open","ping_status":"open","sticky":false,"template":"","format":"standard","meta":[],"categories":[270,223,114],"tags":[],"amp_enabled":true,"_links":{"self":[{"href":"https:\/\/mukom.mondragon.edu\/mondragonfp\/wp-json\/wp\/v2\/posts\/7886"}],"collection":[{"href":"https:\/\/mukom.mondragon.edu\/mondragonfp\/wp-json\/wp\/v2\/posts"}],"about":[{"href":"https:\/\/mukom.mondragon.edu\/mondragonfp\/wp-json\/wp\/v2\/types\/post"}],"author":[{"embeddable":true,"href":"https:\/\/mukom.mondragon.edu\/mondragonfp\/wp-json\/wp\/v2\/users\/289"}],"replies":[{"embeddable":true,"href":"https:\/\/mukom.mondragon.edu\/mondragonfp\/wp-json\/wp\/v2\/comments?post=7886"}],"version-history":[{"count":2,"href":"https:\/\/mukom.mondragon.edu\/mondragonfp\/wp-json\/wp\/v2\/posts\/7886\/revisions"}],"predecessor-version":[{"id":7888,"href":"https:\/\/mukom.mondragon.edu\/mondragonfp\/wp-json\/wp\/v2\/posts\/7886\/revisions\/7888"}],"wp:featuredmedia":[{"embeddable":true,"href":"https:\/\/mukom.mondragon.edu\/mondragonfp\/wp-json\/"}],"wp:attachment":[{"href":"https:\/\/mukom.mondragon.edu\/mondragonfp\/wp-json\/wp\/v2\/media?parent=7886"}],"wp:term":[{"taxonomy":"category","embeddable":true,"href":"https:\/\/mukom.mondragon.edu\/mondragonfp\/wp-json\/wp\/v2\/categories?post=7886"},{"taxonomy":"post_tag","embeddable":true,"href":"https:\/\/mukom.mondragon.edu\/mondragonfp\/wp-json\/wp\/v2\/tags?post=7886"}],"curies":[{"name":"wp","href":"https:\/\/api.w.org\/{rel}","templated":true}]}}