{"id":7942,"date":"2024-06-19T08:00:08","date_gmt":"2024-06-19T06:00:08","guid":{"rendered":"https:\/\/mukom.mondragon.edu\/mondragonfp\/?p=7942"},"modified":"2024-07-02T14:10:11","modified_gmt":"2024-07-02T12:10:11","slug":"entrega-de-diplomas-ciclos-formativo-de-grado-superior-de-mgep-23-24-fotos","status":"publish","type":"post","link":"https:\/\/mukom.mondragon.edu\/mondragonfp\/es\/2024\/06\/19\/entrega-de-diplomas-ciclos-formativo-de-grado-superior-de-mgep-23-24-fotos\/","title":{"rendered":"Entrega de diplomas Ciclos formativo de grado superior de MGEP 23-24 (fotos y Video)"},"content":{"rendered":"<p>Entrega de diplomas 23-24 de Ciclos Formativos de Grado superior de\u00a0 <a href=\"https:\/\/www.mondragon.edu\/eu\/goi-mailako-heziketa-zikloak\/heziketa-zikloetako-eskaintza\">Mondragon Goi Eskola Politeknikoa<\/a>\u00a0 celebrado el 13 de junio de 2024 en Mondrag\u00f3n.<\/p>\n<p><img loading=\"lazy\" class=\"aligncenter \" src=\"https:\/\/live.staticflickr.com\/65535\/53790871273_3bb350f52b_n.jpg\" width=\"499\" height=\"268\" \/><\/p>\n<p>El acto fue dirigido por <strong>Miren Murgiondo<\/strong>, secretaria acad\u00e9mica de MGEP , y la mesa la conformaron <strong>Carlos Garc\u00eda, coordinador general de<\/strong>\u00a0<a href=\"https:\/\/www.mondragon.edu\/eu\/hasiera\">Mondragon Goi Eskola Politeknikoa<\/a>,\u00a0<strong>Gorka Aretxaga<\/strong>, coordinador de ls <a href=\"https:\/\/www.mondragon.edu\/es\/ciclos-formativos-grado-superior\/oferta-formacion-profesional\">Ciclos formativos de grado superior<\/a> en MGEP, <strong>Mikel<\/strong> <strong>Sarriegi<\/strong>,\u00a0 Director de Formaci\u00f3n y Talento en ADEGI, <strong>Osane Lizarralde<\/strong>, coordinadora del t\u00edtulo\u00a0 <a href=\"https:\/\/www.mondragon.edu\/eu\/heziketa-zikloa-sareko-informatika-sistemen-administrazioa\/sareko-informatika-sistemen-administrazioa\">Administraci\u00f3n de Sistemas Inform\u00e1ticos en red (ASIR)<\/a><b>\u00a0<\/b>y miembro del equipo empresa coordinador de las pr\u00e1ctiicas DUAL, junto con\u00a0 <b>Manex Arrieta, <\/b>coordinador del programa\u00a0 ERASMUS+ y emprendimiento en Ciclos.<\/p>\n<p>Una vez dado inicio al acto, Miren Murgiondo dio la palabra a\u00a0 Gorka Aretxagak que describi\u00f3 el objetivo del acto, como momento de celebraci\u00f3n. Felicit\u00f3 al alumnado y dio las gracias por elegir a\u00a0<a href=\"https:\/\/www.mondragon.edu\/eu\/hasiera\">Mondragon Goi Eskola Politeknikoko.<\/a> A continuaci\u00f3n, dio la palabra a Mikel Sarriegi.<\/p>\n<p><img loading=\"lazy\" class=\"aligncenter \" src=\"https:\/\/live.staticflickr.com\/65535\/53789713087_d38f4b90cb_n.jpg\" width=\"462\" height=\"296\" \/><\/p>\n<p>Mikel Sarriegi destac\u00f3 el buen momento de la Formaci\u00f3n profesional como opci\u00f3n de futuro y oportnidad. Describi\u00f3 a Gipuzkoa como un territorio innovador donde repas\u00f3 un conjunto de empresas ejemplo de esta innovaci\u00f3n: AVS, Multiverse, Danobat,\u00a0 Kiro-Grifols, Fagor, Zerbimek, etc. Finalmente, hizo referencia a un estudio llevado a cabo en ADEGI e indic\u00f3 que las empresas necesitan t\u00e9cnicos, tecn\u00f3logos, pero que al preguntarles sobre el perfil del profesional\u00a0 destacan principalmente caracter\u00edsticas transversales como actitud,\u00a0 \u00a0responsabilidad, proactividad, autonom\u00eda.<\/p>\n<p>A continuaci\u00f3n se procedi\u00f3 a la entrega de diplomas. Miren Murgiondo nombr\u00f3 uno a uno a todo el alumnado presente y pudieron acercarse a la mesa para recoger su merecido diploma.<\/p>\n<p><img loading=\"lazy\" class=\" aligncenter\" src=\"https:\/\/live.staticflickr.com\/65535\/53789712812_d239707e90_n.jpg\" width=\"447\" height=\"328\" \/><\/p>\n<p style=\"text-align: center\"><em><a href=\"https:\/\/www.mondragon.edu\/eu\/heziketa-zikloa-automatizazio-robotika-industriala\">Alumnado de Automatizaci\u00f3n y Rob\u00f3tica industrial<\/a>\u00a0<\/em><\/p>\n<p><img loading=\"lazy\" class=\"aligncenter \" src=\"https:\/\/live.staticflickr.com\/65535\/53790871113_44030df6bc_n.jpg\" width=\"478\" height=\"303\" \/><\/p>\n<p style=\"text-align: center\">Alumnado de <em><a href=\"https:\/\/www.mondragon.edu\/eu\/heziketa-zikloa-sareko-informatika-sistemen-administrazioa\/sareko-informatika-sistemen-administrazioa\">Administraci\u00f3n de Sistemas Inform\u00e1tico en Red <\/a>\u00a0\u00a0<\/em><\/p>\n<p><img loading=\"lazy\" class=\"aligncenter \" src=\"https:\/\/live.staticflickr.com\/65535\/53790871268_858cd86210_n.jpg\" width=\"464\" height=\"313\" \/><\/p>\n<p style=\"text-align: center\">Alumnado presente en el acto de <em><a href=\"https:\/\/www.mondragon.edu\/eu\/heziketa-zikloa-mekatronika-industriala\">Mecatr\u00f3nica\u00a0 industrial<\/a> <\/em><\/p>\n<p style=\"text-align: center\"><em>y la especializaci\u00f3n de<a href=\"https:\/\/www.mondragon.edu\/es\/formacion-profesional-curso-especializacion-digitalizacion-mantenimiento-industrial\">\u00a0Digitalizaci\u00f3n en Mantenimiento industrial<\/a>\u00a0<\/em><\/p>\n<p><img loading=\"lazy\" class=\"aligncenter \" src=\"https:\/\/live.staticflickr.com\/65535\/53790871088_6eaf035e66_n.jpg\" width=\"553\" height=\"351\" \/><\/p>\n<p>Alumnado presente en el actia de <em><a href=\"https:\/\/www.mondragon.edu\/eu\/heziketa-zikloa-fabrikazio-mekanikoko-diseinua\">Dise\u00f1o de Fabricaci\u00f3n mec\u00e1nica<\/a> y <\/em><em><a href=\"https:\/\/www.mondragon.edu\/eu\/heziketa-zikloa-fabrikazio-mekanikoko-produkzioa-programatzea\">Programci\u00f3n de la Producci\u00f3n en Fabricaci\u00f3n Mec\u00e1nica\u00a0<\/a>\u00a0<\/em><\/p>\n<p>Finalmente <strong>Cristina Grandal<\/strong>, alumna de ASIR, en represenatci\u00f3n del alumnado de Ciclos Formativos de Grado Superior dedic\u00f3 unas palabras al p\u00fablico presente.<\/p>\n<p><img loading=\"lazy\" class=\"aligncenter \" src=\"https:\/\/live.staticflickr.com\/65535\/53790966794_e6d0bb91a9_n.jpg\" width=\"417\" height=\"266\" \/><img loading=\"lazy\" class=\"aligncenter \" src=\"https:\/\/live.staticflickr.com\/65535\/53789713027_ddb65ae402_n.jpg\" width=\"421\" height=\"247\" \/><\/p>\n<p>Se present\u00f3 un breve<a href=\"https:\/\/youtu.be\/N2IWGYf8VJE?si=Wyhn5Fk8KSsZOyLD\"> video del curso 23-24.<\/a><\/p>\n<div style=\"text-align: left\">Y finalmente <strong>Carlos Garcia<\/strong>, Coordinador general de Mondragon Goi Eskola Politeknikaa (<a href=\"https:\/\/www.mondragon.edu\/es\">MGEP<\/a>) adem\u00e1s de felicitar al alumnado, a sus tutores, familia, al profesorado y a servicios, anim\u00f3 al alumnado mantener el inter\u00e9s por la formaci\u00f3n como profesionales del futuro, dando as\u00ed por finalizado el acto.<\/div>\n<p>&nbsp;<\/p>\n","protected":false},"excerpt":{"rendered":"<p>Entrega de diplomas 23-24 de Ciclos Formativos de Grado superior de\u00a0 Mondragon Goi Eskola Politeknikoa\u00a0 celebrado el 13 de junio de 2024 en Mondrag\u00f3n. El acto fue dirigido por Miren Murgiondo, secretaria acad\u00e9mica de MGEP , y la mesa la conformaron Carlos Garc\u00eda, coordinador general de\u00a0Mondragon Goi Eskola Politeknikoa,\u00a0Gorka Aretxaga, coordinador de ls Ciclos formativos de grado superior en MGEP, Mikel Sarriegi,\u00a0 Director de Formaci\u00f3n y Talento en ADEGI, Osane Lizarralde, coordinadora del t\u00edtulo\u00a0 Administraci\u00f3n de Sistemas Inform\u00e1ticos en red (ASIR)\u00a0y miembro del equipo empresa coordinador de las pr\u00e1ctiicas DUAL, junto con\u00a0 Manex Arrieta, coordinador del programa\u00a0 ERASMUS+ y emprendimiento en Ciclos. Una vez dado inicio al acto, Miren Murgiondo dio la palabra a\u00a0 Gorka Aretxagak que describi\u00f3 el objetivo del acto, como momento de celebraci\u00f3n. Felicit\u00f3 al alumnado y dio las gracias por elegir a\u00a0Mondragon Goi Eskola Politeknikoko. A&#8230;<\/p>\n","protected":false},"author":289,"featured_media":-1,"comment_status":"open","ping_status":"open","sticky":false,"template":"","format":"standard","meta":[],"categories":[171,114],"tags":[],"amp_enabled":true,"_links":{"self":[{"href":"https:\/\/mukom.mondragon.edu\/mondragonfp\/wp-json\/wp\/v2\/posts\/7942"}],"collection":[{"href":"https:\/\/mukom.mondragon.edu\/mondragonfp\/wp-json\/wp\/v2\/posts"}],"about":[{"href":"https:\/\/mukom.mondragon.edu\/mondragonfp\/wp-json\/wp\/v2\/types\/post"}],"author":[{"embeddable":true,"href":"https:\/\/mukom.mondragon.edu\/mondragonfp\/wp-json\/wp\/v2\/users\/289"}],"replies":[{"embeddable":true,"href":"https:\/\/mukom.mondragon.edu\/mondragonfp\/wp-json\/wp\/v2\/comments?post=7942"}],"version-history":[{"count":4,"href":"https:\/\/mukom.mondragon.edu\/mondragonfp\/wp-json\/wp\/v2\/posts\/7942\/revisions"}],"predecessor-version":[{"id":7984,"href":"https:\/\/mukom.mondragon.edu\/mondragonfp\/wp-json\/wp\/v2\/posts\/7942\/revisions\/7984"}],"wp:featuredmedia":[{"embeddable":true,"href":"https:\/\/mukom.mondragon.edu\/mondragonfp\/wp-json\/"}],"wp:attachment":[{"href":"https:\/\/mukom.mondragon.edu\/mondragonfp\/wp-json\/wp\/v2\/media?parent=7942"}],"wp:term":[{"taxonomy":"category","embeddable":true,"href":"https:\/\/mukom.mondragon.edu\/mondragonfp\/wp-json\/wp\/v2\/categories?post=7942"},{"taxonomy":"post_tag","embeddable":true,"href":"https:\/\/mukom.mondragon.edu\/mondragonfp\/wp-json\/wp\/v2\/tags?post=7942"}],"curies":[{"name":"wp","href":"https:\/\/api.w.org\/{rel}","templated":true}]}}