{"id":7957,"date":"2024-06-21T08:00:40","date_gmt":"2024-06-21T06:00:40","guid":{"rendered":"https:\/\/mukom.mondragon.edu\/mondragonfp\/?p=7957"},"modified":"2024-06-17T10:44:43","modified_gmt":"2024-06-17T08:44:43","slug":"testimonio-de-cristina-grandal-alumna-asir-en-mgep-dual-en-laboral-kutxa","status":"publish","type":"post","link":"https:\/\/mukom.mondragon.edu\/mondragonfp\/es\/2024\/06\/21\/testimonio-de-cristina-grandal-alumna-asir-en-mgep-dual-en-laboral-kutxa\/","title":{"rendered":"Testimonio de Cristina Grandal alumna ASIR en MGEP DUAL en Laboral Kutxa"},"content":{"rendered":"<p>Soy Cristina, tengo 48 a\u00f1os, vivo en Arrasate, pero soy de Ferrol. He estudiado el ciclo de <a href=\"https:\/\/www.mondragon.edu\/es\/formacion-profesional-administracion-sistemas-informaticos-red\">Administraci\u00f3n de Sistemas Inform\u00e1ticos en Red<\/a> (<a href=\"https:\/\/www.mondragon.edu\/es\/formacion-profesional-administracion-sistemas-informaticos-red\">ASIR<\/a>) en Mondragon Goi Eskola Politeknikoa (<a href=\"https:\/\/www.mondragon.edu\/es\">MGEP<\/a>).<br \/>\nHace muchos a\u00f1os estudi\u00e9 BUP, con muy buenas notas. Pero no sab\u00eda qu\u00e9 estudiar y empec\u00e9 a trabajar. En 2008 tuve una buena oportunidad laboral y vine a Donostia. Para seguir mejorando, en el a\u00f1o 2010, aprob\u00e9 el &#8220;acceso a la universidad\u201d y me matricul\u00e9 en la UPV, en el grado de derecho. Pero trabajando 8 horas, no pod\u00eda ir a clases y dej\u00e9 los estudios. Segu\u00ed trabajando pero sin encontrar mi lugar y por circunstancias laborales acab\u00e9 en Arrasate-Mondrag\u00f3n.<\/p>\n<p>Mi pareja, con 48 a\u00f1os estudi\u00f3 el grado medio de microinform\u00e1tica y redes (en la ikastola Arizmendi). En el confinamiento, disfrut\u00e9 ayud\u00e1ndole con su trabajo final y ah\u00ed descubr\u00ed que la inform\u00e1tica es lo que me gusta. Pablo me dec\u00eda: &#8220;Esto es lo tuyo&#8221; y \u00e9l me anim\u00f3 a estudiar <a href=\"https:\/\/www.mondragon.edu\/es\/formacion-profesional-administracion-sistemas-informaticos-red\">ASIR<\/a>. Decid\u00ed estudiar aqu\u00ed, en <a href=\"https:\/\/www.mondragon.edu\/es\/formacion-profesional-administracion-sistemas-informaticos-red\">MGEP,<\/a> pero hab\u00eda un problema: la<strong> ense\u00f1anza es en euskera<\/strong> y yo no sab\u00eda euskera. As\u00ed que me matricul\u00e9 en el Euskaltegi y en 2 a\u00f1os aprob\u00e9 el A2. Despu\u00e9s ped\u00ed el paro y as\u00ed empez\u00f3 esta etapa que cambiar\u00eda mi vida.<\/p>\n<p>El primer a\u00f1o fue de adaptaci\u00f3n: a los compa\u00f1eros (por la diferencia de edad) y a las clases en euskera. El primer d\u00eda de clase, los compa\u00f1eros pensaban que yo era profesora. Me fui adaptando poco a poco, con la ayuda de mis compa\u00f1eros y profesores. A estudiar me adapt\u00e9 r\u00e1pido, mucho mejor que con 18 a\u00f1os: porque ahora estudio para aprender.<\/p>\n<p><img loading=\"lazy\" class=\"aligncenter \" src=\"https:\/\/live.staticflickr.com\/65535\/53795785202_160b4a46b9_n.jpg\" width=\"438\" height=\"353\" \/><\/p>\n<p>El segundo a\u00f1o hice <strong>formaci\u00f3n DUAL<\/strong> <strong>en la empresa ERREKA<\/strong> (DUAL GENERAL) y el <strong>CAU o Centro de Atenci\u00f3n a Usuarios de <a href=\"https:\/\/www.mondragon.edu\/es\/formacion-profesional-administracion-sistemas-informaticos-red\">MGEP<\/a> <\/strong>y, el \u00faltimo mes en <strong>Laboral Kutxa<\/strong> (la DUAL INTENSIVA). Ha sido un a\u00f1o muy duro, combinar estudios y trabajo, pero \u00a1ha valido la pena! \u00a1he aprendido much\u00edsimo! Tanto en el CAU, como en clase, a trav\u00e9s de los retos cada vez m\u00e1s complejos y gratificantes. con el <a href=\"https:\/\/mukom.mondragon.edu\/mondragonfp\/es\/2024\/03\/29\/los-ciclos-formativos-de-grado-superior-de-mgep-presentan-sus-productos-en-la-feria-ikasempresa-organizada-por-teknika\/\">proyecto de empresa innovadora<\/a> <a href=\"https:\/\/mukom.mondragon.edu\/mondragonfp\/es\/2024\/04\/10\/katalarm-proyecto-del-ciclo-asir-de-vigilancia-de-mascotasc-desarrollado-en-el-marco-del-modulo-de-eie\/\">Katalarm<\/a> para la feria de Eibar y con las <a href=\"https:\/\/mukom.mondragon.edu\/mondragonfp\/2024\/05\/29\/mgep-lanbide-heziketako-dual-ikaslegoaren-zeharkako-konpetentziak-hobetzeko-ekimena\/\">clases de Coach, una formaci\u00f3n optativa para desarrollar nuestras competencias transversales<\/a>. Y el \u00faltimo mes en Laboral Kutxa aprendiendo sobre bases de datos. Ha sido un a\u00f1o complet\u00edsimo.<\/p>\n<p>Han sido dos a\u00f1os de mucho esfuerzo y dedicaci\u00f3n y ahora estoy recogiendo los frutos. El pr\u00f3ximo lunes 17, firmo mi contrato laboral en Laboral Kutxa, trabajar\u00e9 con bases de datos (que precisamente es lo que m\u00e1s me gusta) y en un ambiente laboral inmejorable. Haber cursado el ciclo en MGEP ha sido una gran elecci\u00f3n.<\/p>\n<p>El 13 de junio Cristina Grandal represent\u00f3 al alumnado de Ciclos Formativos de Grado Superior en la entrega de Diplomas del curso 23-24, y nos emocion\u00f3 a todos.<\/p>\n<p><img loading=\"lazy\" class=\"aligncenter \" src=\"https:\/\/live.staticflickr.com\/65535\/53790966794_e6d0bb91a9_n.jpg\" width=\"417\" height=\"266\" \/><img loading=\"lazy\" class=\"aligncenter \" src=\"https:\/\/live.staticflickr.com\/65535\/53789713027_ddb65ae402_n.jpg\" width=\"421\" height=\"247\" \/><\/p>\n<p>\u00a1Gracias Cristina por compartir con nosotros tu testimonio!<\/p>\n<p><img loading=\"lazy\" class=\"aligncenter \" src=\"https:\/\/live.staticflickr.com\/65535\/53790871113_44030df6bc_n.jpg\" width=\"478\" height=\"303\" \/><\/p>\n<p style=\"text-align: center\">Cristina junto a sus compa\u00f1eros y compa\u00f1eras y tutoras y tutor de<\/p>\n<p style=\"text-align: center\">ASIR- <em><a href=\"https:\/\/www.mondragon.edu\/eu\/heziketa-zikloa-sareko-informatika-sistemen-administrazioa\/sareko-informatika-sistemen-administrazioa\">Administraci\u00f3n de Sistemas Inform\u00e1tico en Red <\/a>\u00a0<\/em><\/p>\n","protected":false},"excerpt":{"rendered":"<p>Soy Cristina, tengo 48 a\u00f1os, vivo en Arrasate, pero soy de Ferrol. He estudiado el ciclo de Administraci\u00f3n de Sistemas Inform\u00e1ticos en Red (ASIR) en Mondragon Goi Eskola Politeknikoa (MGEP). Hace muchos a\u00f1os estudi\u00e9 BUP, con muy buenas notas. Pero no sab\u00eda qu\u00e9 estudiar y empec\u00e9 a trabajar. En 2008 tuve una buena oportunidad laboral y vine a Donostia. Para seguir mejorando, en el a\u00f1o 2010, aprob\u00e9 el &#8220;acceso a la universidad\u201d y me matricul\u00e9 en la UPV, en el grado de derecho. Pero trabajando 8 horas, no pod\u00eda ir a clases y dej\u00e9 los estudios. Segu\u00ed trabajando pero sin encontrar mi lugar y por circunstancias laborales acab\u00e9 en Arrasate-Mondrag\u00f3n. Mi pareja, con 48 a\u00f1os estudi\u00f3 el grado medio de microinform\u00e1tica y redes (en la ikastola Arizmendi). En el confinamiento, disfrut\u00e9 ayud\u00e1ndole con su trabajo final y ah\u00ed descubr\u00ed que&#8230;<\/p>\n","protected":false},"author":289,"featured_media":-1,"comment_status":"open","ping_status":"open","sticky":false,"template":"","format":"standard","meta":[],"categories":[142,144],"tags":[],"amp_enabled":true,"_links":{"self":[{"href":"https:\/\/mukom.mondragon.edu\/mondragonfp\/wp-json\/wp\/v2\/posts\/7957"}],"collection":[{"href":"https:\/\/mukom.mondragon.edu\/mondragonfp\/wp-json\/wp\/v2\/posts"}],"about":[{"href":"https:\/\/mukom.mondragon.edu\/mondragonfp\/wp-json\/wp\/v2\/types\/post"}],"author":[{"embeddable":true,"href":"https:\/\/mukom.mondragon.edu\/mondragonfp\/wp-json\/wp\/v2\/users\/289"}],"replies":[{"embeddable":true,"href":"https:\/\/mukom.mondragon.edu\/mondragonfp\/wp-json\/wp\/v2\/comments?post=7957"}],"version-history":[{"count":5,"href":"https:\/\/mukom.mondragon.edu\/mondragonfp\/wp-json\/wp\/v2\/posts\/7957\/revisions"}],"predecessor-version":[{"id":7964,"href":"https:\/\/mukom.mondragon.edu\/mondragonfp\/wp-json\/wp\/v2\/posts\/7957\/revisions\/7964"}],"wp:featuredmedia":[{"embeddable":true,"href":"https:\/\/mukom.mondragon.edu\/mondragonfp\/wp-json\/"}],"wp:attachment":[{"href":"https:\/\/mukom.mondragon.edu\/mondragonfp\/wp-json\/wp\/v2\/media?parent=7957"}],"wp:term":[{"taxonomy":"category","embeddable":true,"href":"https:\/\/mukom.mondragon.edu\/mondragonfp\/wp-json\/wp\/v2\/categories?post=7957"},{"taxonomy":"post_tag","embeddable":true,"href":"https:\/\/mukom.mondragon.edu\/mondragonfp\/wp-json\/wp\/v2\/tags?post=7957"}],"curies":[{"name":"wp","href":"https:\/\/api.w.org\/{rel}","templated":true}]}}