{"id":7975,"date":"2024-07-05T08:43:29","date_gmt":"2024-07-05T06:43:29","guid":{"rendered":"https:\/\/mukom.mondragon.edu\/mondragonfp\/?p=7975"},"modified":"2024-07-05T08:43:29","modified_gmt":"2024-07-05T06:43:29","slug":"eleder-ibabe-alumno-de-ciclos-mgep-de-diseno-dual-en-la-empresa-hijos-de-juan-de-garay","status":"publish","type":"post","link":"https:\/\/mukom.mondragon.edu\/mondragonfp\/es\/2024\/07\/05\/eleder-ibabe-alumno-de-ciclos-mgep-de-diseno-dual-en-la-empresa-hijos-de-juan-de-garay\/","title":{"rendered":"Eleder Ibabe, alumno de Ciclos MGEP de Dise\u00f1o DUAL en la empresa Hijos de Juan de Garay"},"content":{"rendered":"<p><strong>Eleder Ibabe Tatiegi, alumno DUAL del Ciclo Formativo de Grado Superior (CFGS) en <\/strong><a href=\"https:\/\/www.mondragon.edu\/es\/formacion-profesional-diseno-fabricacion-mecanica\/practicas-empresa\"><strong>Dise\u00f1o en Fabricaci\u00f3n Mec\u00e1nica<\/strong><\/a><strong> de MGEP, trabajando en la empresa Hijos de Juan de Garay<\/strong><\/p>\n<p>Soy Eleder Ibabe Tatiegi, estudiante en el ciclo formativo de grado superior de <a href=\"https:\/\/www.mondragon.edu\/es\/formacion-profesional-diseno-fabricacion-mecanica\/practicas-empresa\">Dise\u00f1o en Fabricaci\u00f3n Mec\u00e1nica<\/a>.<\/p>\n<p>Eleg\u00ed este ciclo superior porque era bastante completo y se ve desde todo. No se profundiza en todo, pero se tocan muchos temas diferentes. Me parec\u00eda \u00fatil para saber mejor qu\u00e9 era lo que m\u00e1s me gustaba para el futuro.<\/p>\n<p><img loading=\"lazy\" class=\"aligncenter \" src=\"https:\/\/live.staticflickr.com\/65535\/53685017368_746f02d17f_n.jpg\" width=\"391\" height=\"293\" \/><\/p>\n<p>Cuando lo eleg\u00ed, dudaba entre Arrasate y Bergara. Al final, escog\u00ed MGEP porque vi que en Arrasate se hacen m\u00e1s pr\u00e1cticas. Estuve en la feria GOIAZ, que se celebr\u00f3 en Garaia, y vi claro qu\u00e9 y d\u00f3nde estudiar, me pareci\u00f3 muy atractivo. Nos hablaron de la metodolog\u00eda que se sigue y me gust\u00f3.<\/p>\n<p>Por ejemplo, en 2\u00ba curso, hicimos un reto con 3D Experience al comienzo y durante todo el 2\u00ba trimestre hemos dise\u00f1ado un skate, llegando a fabricar el prototipo. En la asignatura de EIE tambi\u00e9n hacemos otro reto que presentarnos en la feria de \u00c9ibar en febrero.<\/p>\n<p>Para trabajar las funciones profesionales de dise\u00f1o, elaboramos los prototipos que hemos dise\u00f1ado; en el caso del skate, los moldes para las piezas, la tabla y los trucks; en EIE, el altavoz. Al hacer estos prototipos nos damos cuenta de los errores cometidos a la hora de dise\u00f1ar y esto me enriquece mucho como dise\u00f1ador.<\/p>\n<p>Tengo la sensaci\u00f3n de haber aprendido mucho y dir\u00eda que es una experiencia que me ser\u00e1 \u00fatil en el futuro. El pr\u00f3ximo curso quiero empezar el <a href=\"https:\/\/www.mondragon.edu\/es\/grado-ingenieria-diseno-industrial-desarrollo-producto\"><strong>Grado en Ingenier\u00eda en Dise\u00f1o Industrial<\/strong><\/a> y lo aprendido en el ciclo me ser\u00e1 muy \u00fatil. Adem\u00e1s, me convalidan<strong> varias asignaturas<\/strong>.<\/p>\n<p>Hacer el <a href=\"https:\/\/www.mondragon.edu\/es\/formacion-profesional-diseno-fabricacion-mecanica\/practicas-empresa\">DUAL<\/a> tambi\u00e9n ha sido muy enriquecedor. Estoy en la empresa <strong>Hijos de Juan de Garay de O\u00f1ati<\/strong>. Me ocupo del inventario del instrumental, apuntando qu\u00e9 relojes comparadores, calibres y utillajes de este tipo hay y cu\u00e1les faltan&#8230; para ello utilizo un software llamado Calibrator, donde introduzco los instrumentos clasificados. Estoy en el departamento de Calidad y la verdad es que estoy muy contento.<\/p>\n<p>Como \u00edbamos a tener una auditor\u00eda en la empresa, he trabajado bastante aut\u00f3nomo, haciendo reuniones semanales de seguimiento con el instructor, acordamos qu\u00e9 trabajos tienen que hacer seg\u00fan las prioridades, y luego los hago por mi cuenta, autonom\u00eda en la elaboraci\u00f3n, pero tambi\u00e9n siempre bajo su control.<\/p>\n<p>La empresa tiene dos negocios, el de tubos y el de perfiles de lat\u00f3n. Yo estoy en el negocio de los tubos, y hacemos tubos de diferentes clases, redondos, cuadrados, perfiles&#8230; Nuestro Valor A\u00f1adido es que tenemos el departamento de Cortes, y podemos servir el material en las longitudes que se quieran, haciendo los agujeros que nos pidan&#8230;<\/p>\n<p>En cuanto a lo aprendido, de destacar algo, he visto <strong>la importancia de medir las cosas<\/strong>, las herramientas&#8230; pero destacar\u00eda <strong>c\u00f3mo se hace el seguimiento en la empresa de los \u00fatiles que est\u00e1n mal, c\u00f3mo se apunta, cada cu\u00e1nto se cambian<\/strong>&#8230;<\/p>\n<p>El trabajo que hago s\u00ed veo que est\u00e1 alineado con el t\u00edtulo. Por supuesto, no hago planos ni nada de eso, pero s\u00ed aprendimos en calidad c\u00f3mo se miden las tolerancias y las calidades superficiales, qu\u00e9 herramienta se utiliza, qu\u00e9 es aceptable y qu\u00e9 no, y eso es lo que trabajo.<\/p>\n<p>Ahora aprender\u00e9 a utilizar la m\u00e1quina tridimensional, y estoy seguro de que tendr\u00e1 importancia en el grado de ingenier\u00eda que estudiar\u00e9.<\/p>\n<p>Antes ya hab\u00eda trabajado en esta empresa, pero ahora es diferente, m\u00e1s t\u00e9cnico o muestran m\u00e1s confianza en m\u00ed&#8230;<\/p>\n<p>La verdad es que entr\u00e9 sin expectativas y he aprovechado lo que ven\u00eda. Estoy muy satisfecho<\/p>\n<p>&nbsp;<\/p>\n","protected":false},"excerpt":{"rendered":"<p>Eleder Ibabe Tatiegi, alumno DUAL del Ciclo Formativo de Grado Superior (CFGS) en Dise\u00f1o en Fabricaci\u00f3n Mec\u00e1nica de MGEP, trabajando en la empresa Hijos de Juan de Garay Soy Eleder Ibabe Tatiegi, estudiante en el ciclo formativo de grado superior de Dise\u00f1o en Fabricaci\u00f3n Mec\u00e1nica. Eleg\u00ed este ciclo superior porque era bastante completo y se ve desde todo. No se profundiza en todo, pero se tocan muchos temas diferentes. Me parec\u00eda \u00fatil para saber mejor qu\u00e9 era lo que m\u00e1s me gustaba para el futuro. Cuando lo eleg\u00ed, dudaba entre Arrasate y Bergara. Al final, escog\u00ed MGEP porque vi que en Arrasate se hacen m\u00e1s pr\u00e1cticas. Estuve en la feria GOIAZ, que se celebr\u00f3 en Garaia, y vi claro qu\u00e9 y d\u00f3nde estudiar, me pareci\u00f3 muy atractivo. Nos hablaron de la metodolog\u00eda que se sigue y me gust\u00f3. Por ejemplo,&#8230;<\/p>\n","protected":false},"author":289,"featured_media":-1,"comment_status":"open","ping_status":"open","sticky":false,"template":"","format":"standard","meta":[],"categories":[144,114],"tags":[],"amp_enabled":true,"_links":{"self":[{"href":"https:\/\/mukom.mondragon.edu\/mondragonfp\/wp-json\/wp\/v2\/posts\/7975"}],"collection":[{"href":"https:\/\/mukom.mondragon.edu\/mondragonfp\/wp-json\/wp\/v2\/posts"}],"about":[{"href":"https:\/\/mukom.mondragon.edu\/mondragonfp\/wp-json\/wp\/v2\/types\/post"}],"author":[{"embeddable":true,"href":"https:\/\/mukom.mondragon.edu\/mondragonfp\/wp-json\/wp\/v2\/users\/289"}],"replies":[{"embeddable":true,"href":"https:\/\/mukom.mondragon.edu\/mondragonfp\/wp-json\/wp\/v2\/comments?post=7975"}],"version-history":[{"count":2,"href":"https:\/\/mukom.mondragon.edu\/mondragonfp\/wp-json\/wp\/v2\/posts\/7975\/revisions"}],"predecessor-version":[{"id":7978,"href":"https:\/\/mukom.mondragon.edu\/mondragonfp\/wp-json\/wp\/v2\/posts\/7975\/revisions\/7978"}],"wp:featuredmedia":[{"embeddable":true,"href":"https:\/\/mukom.mondragon.edu\/mondragonfp\/wp-json\/"}],"wp:attachment":[{"href":"https:\/\/mukom.mondragon.edu\/mondragonfp\/wp-json\/wp\/v2\/media?parent=7975"}],"wp:term":[{"taxonomy":"category","embeddable":true,"href":"https:\/\/mukom.mondragon.edu\/mondragonfp\/wp-json\/wp\/v2\/categories?post=7975"},{"taxonomy":"post_tag","embeddable":true,"href":"https:\/\/mukom.mondragon.edu\/mondragonfp\/wp-json\/wp\/v2\/tags?post=7975"}],"curies":[{"name":"wp","href":"https:\/\/api.w.org\/{rel}","templated":true}]}}