{"id":802,"date":"2018-04-18T09:16:32","date_gmt":"2018-04-18T07:16:32","guid":{"rendered":"http:\/\/mukom.mondragon.edu\/mondragonfp\/?p=802"},"modified":"2018-05-28T15:58:21","modified_gmt":"2018-05-28T13:58:21","slug":"la-empresa-ekide-recibio-el-premio-hetel-empresa-volcada-a-la-fp-y-unai-cagigas-alumno-dual-del-ciclo-superior-de-elektrotecnia-de-mgep-participo-en-el-debate-del-acto","status":"publish","type":"post","link":"https:\/\/mukom.mondragon.edu\/mondragonfp\/es\/2018\/04\/18\/la-empresa-ekide-recibio-el-premio-hetel-empresa-volcada-a-la-fp-y-unai-cagigas-alumno-dual-del-ciclo-superior-de-elektrotecnia-de-mgep-participo-en-el-debate-del-acto\/","title":{"rendered":"La empresa EKIDE recibi\u00f3 el premio HETEL empresa volcada a la FP  y Unai Cagigas alumno DUAL del ciclo  superior de electrotecnia de MGEP  particip\u00f3 en el debate del acto"},"content":{"rendered":"<p style=\"text-align: justify\">HETEL ha reunido en este acto, a la Consejera de Desarrollo Econ\u00f3mico e infraestructuras <strong>Arantza Tapia<\/strong> y a la Consejera de Educaci\u00f3n, <strong>Cristina Uriarte<\/strong>, entre otras; para que aporten su visi\u00f3n sobre la FP vasca, y en especial, sobre la revoluci\u00f3n 4.0. Adem\u00e1s, han colaborado tambi\u00e9n algunas de las empresas y alumnos\/as que participaron en los debates <a href=\"http:\/\/www.hetel.eus\/index.php\/es\/noticias\/430-a-debate-las-competencias-de-las-personas-4-0-en-hetel-hiruki-teknologikoak\">HHTEK \u2013 HETEL Hiruki Teknologikoak<\/a> (Iker Usabiaga \u2013 Danobat, Elur Mujika \u2013 Bellota y Josu Etxebarria \u2013 RPK y Sarah Yamamoto \u2013 Egibide, Zigor Akarregi- Lea Artibai\u00a0y\u00a0<strong>Unai Cagigas \u2013 <a href=\"https:\/\/www.mondragon.edu\/es\/formacion-profesional-sistemas-electrotecnicos-automatizados\">alumno DUAL\u00a0 del Ciclo Superior de Sistemas Electrot\u00e9cnicos automatizados\u00a0 de\u00a0 MGEP<\/a><\/strong>). Y que fue arropado por representantes de la<a href=\"https:\/\/www.mondragon.edu\/es\/ciclos-formativos-grado-superior\/oferta-formacion-profesional\"> FP de MGEP<\/a>, el <strong>coordinador Gorka Aretxaga y los <a href=\"https:\/\/www.mondragon.edu\/es\/ciclos-formativos-grado-superior\/oferta-formacion-profesional\">coordinadores de varias t\u00edtulos del grado superior de MGEP:<\/a><\/strong><\/p>\n<div style=\"text-align: center\"><a class=\"embedly-card\" href=\"https:\/\/www.flickr.com\/photos\/mondragonunibertsitatea_mgep\/41492724002\/in\/dateposted-public\/\">VI. EDICI\u00d3N PREMIO HETEL \/\/\/ HETEL SARIAREN VI. EDIZIOA<\/a><\/div>\n<p style=\"text-align: center\"><strong><em>Unai Cagigas, <a href=\"https:\/\/www.mondragon.edu\/es\/formacion-profesional-sistemas-electrotecnicos-automatizados\">alumno del Ciclo Superior de Sistemas Electrot\u00e9cnicos automatizados\u00a0\u00a0de\u00a0 MGEP<\/a>, Joseba Mandaluniz, Presidente del Grupo EKIDE\u00a0, y los representantes del Ciclo Superior de la Formaci\u00f3n Profesional de MGEP como Haritz Barrutia, <a href=\"https:\/\/www.mondragon.edu\/es\/formacion-profesional-mecatronica-industrial\">Coordinador del Ciclo de Mecatr\u00f3nica Industrial<\/a>\u00a0\u00a0y Mikel Garc\u00eda, <a href=\"https:\/\/www.mondragon.edu\/es\/formacion-profesional-diseno-fabricacion-mecanica\">Coordinar del Ciclo de Dise\u00f1o de Fabricaci\u00f3n Mec\u00e1nica.<\/a><\/em><\/strong><\/p>\n<p style=\"text-align: justify\">El presidente de HETEL, Julen Elgeta, ha explicado que este Premio HETEL Saria quiere premiar a las organizaciones volcadas con la FP vasca, que este a\u00f1o han sido: Confebask, la Red de Parques tecnol\u00f3gicos y la empresa Ekide de Gipuzkoa. Roberto Larra\u00f1aga, Presidente de Confebask, Itziar Epalza, Directora de la red de Parques tecnol\u00f3gicos y <strong>Joseba Mandaluniz, Presidente del grupo Ekide,<\/strong> han recogido los galardones de manos de las consejeras presentes del Gobierno Vasco y del Presidente de HETEL Julen Elgeta.<\/p>\n<p style=\"text-align: center\"><a class=\"embedly-card\" href=\"https:\/\/www.flickr.com\/photos\/mondragonunibertsitatea_mgep\/26664448357\/in\/dateposted-public\/\">VI. EDICI\u00d3N PREMIO HETEL \/\/\/ HETEL SARIAREN VI. EDIZIOA<\/a><\/p>\n<p style=\"text-align: center\"><strong><em>Joseba Mandaluniz, Presidente del Grupo EKIDE recogiendo el premio de la mano de Arantza Tapia.<\/em><\/strong><\/p>\n<p style=\"text-align: center\"><a class=\"embedly-card\" href=\"https:\/\/www.flickr.com\/photos\/mondragonunibertsitatea_mgep\/40820996034\/in\/dateposted-public\/\">VI. EDICI\u00d3N PREMIO HETEL \/\/\/ HETEL SARIAREN VI. EDIZIOA<\/a><\/p>\n<p style=\"text-align: center\"><strong><em>Joseba Mandaluniz, Presidente del Grupo EKIDE\u00a0agradeciendo\u00a0el premio.<\/em><\/strong><\/p>\n<p style=\"text-align: justify\">Al acto ha asistido una gran representaci\u00f3n institucional y organizacional que desde HETEL se ha valorado como\u00a0 u<strong>n impulso a la colaboraci\u00f3n y alineamiento de esfuerzos tan necesarios para el avance de la FP de Euskadi.\u00a0 \u00a0 \u00a0 Abantean!!!!<\/strong><\/p>\n<div style=\"text-align: center\"><a class=\"embedly-card\" href=\"https:\/\/www.flickr.com\/photos\/mondragonunibertsitatea_mgep\/40821026614\/in\/dateposted-public\/\">VI. EDICIon PREMIO HETEL \/\/\/ HETEL SARIAREN VI. EDIZIOA<\/a><\/div>\n<p style=\"text-align: center\"><strong><em>Nutrida representaci\u00f3n institucional.<\/em><\/strong><\/p>\n<p style=\"text-align: justify\">Ver noticias en torno al evento:\u00a0 <a href=\"http:\/\/www.hetel.eus\/index.php\/eu\/albisteak\/503-gracias-a-tod-s-los-que-nos-habeis-acompanado-en-el-premio-hetel-saria-2019\">\u00a0HETEL<\/a>,\u00a0<a href=\"http:\/\/www.deia.eus\/2018\/04\/17\/sociedad\/euskadi\/el-reto-de-la-fp-formar-personas-para-la-industria-40\"> \u00a0DEIA<\/a>,\u00a0 <a href=\"http:\/\/www.parke.eus\/alava\/?p=7561\">PARKE<\/a>,\u00a0 \u00a0&#8230;.<\/p>\n<p style=\"text-align: left\">He aqu\u00ed algunos videos del evento<\/p>\n<ul>\n<li><a href=\"https:\/\/youtu.be\/FdC3XpsJlV\">Debate de las empresas.<\/a><\/li>\n<li><a href=\"https:\/\/youtu.be\/BIUVuw_wo6k\">Debate de los alumnos<\/a><\/li>\n<li><a href=\"https:\/\/youtu.be\/9HdfW4rXowE\">Debate\u00a0 de los representantes pol\u00edticos<\/a><\/li>\n<li><a href=\"https:\/\/youtu.be\/n_rfcAbceOg\">Reparto de premios\u00a0<\/a><\/li>\n<li><a href=\"https:\/\/youtu.be\/MKj9ebEq2wk\">Ponencia de Julen Elgeta<\/a><\/li>\n<\/ul>\n","protected":false},"excerpt":{"rendered":"<p>HETEL ha reunido en este acto, a la Consejera de Desarrollo Econ\u00f3mico e infraestructuras Arantza Tapia y a la Consejera de Educaci\u00f3n, Cristina Uriarte, entre otras; para que aporten su visi\u00f3n sobre la FP vasca, y en especial, sobre la revoluci\u00f3n 4.0. Adem\u00e1s, han colaborado tambi\u00e9n algunas de las empresas y alumnos\/as que participaron en los debates HHTEK \u2013 HETEL Hiruki Teknologikoak (Iker Usabiaga \u2013 Danobat, Elur Mujika \u2013 Bellota y Josu Etxebarria \u2013 RPK y Sarah Yamamoto \u2013 Egibide, Zigor Akarregi- Lea Artibai\u00a0y\u00a0Unai Cagigas \u2013 alumno DUAL\u00a0 del Ciclo Superior de Sistemas Electrot\u00e9cnicos automatizados\u00a0 de\u00a0 MGEP). Y que fue arropado por representantes de la FP de MGEP, el coordinador Gorka Aretxaga y los coordinadores de varias t\u00edtulos del grado superior de MGEP: VI. EDICI\u00d3N PREMIO HETEL \/\/\/ HETEL SARIAREN VI. EDIZIOA Unai Cagigas, alumno del Ciclo Superior de Sistemas&#8230;<\/p>\n","protected":false},"author":141,"featured_media":-1,"comment_status":"open","ping_status":"open","sticky":false,"template":"","format":"standard","meta":[],"categories":[171,183,146,114,97,181],"tags":[],"amp_enabled":true,"_links":{"self":[{"href":"https:\/\/mukom.mondragon.edu\/mondragonfp\/wp-json\/wp\/v2\/posts\/802"}],"collection":[{"href":"https:\/\/mukom.mondragon.edu\/mondragonfp\/wp-json\/wp\/v2\/posts"}],"about":[{"href":"https:\/\/mukom.mondragon.edu\/mondragonfp\/wp-json\/wp\/v2\/types\/post"}],"author":[{"embeddable":true,"href":"https:\/\/mukom.mondragon.edu\/mondragonfp\/wp-json\/wp\/v2\/users\/141"}],"replies":[{"embeddable":true,"href":"https:\/\/mukom.mondragon.edu\/mondragonfp\/wp-json\/wp\/v2\/comments?post=802"}],"version-history":[{"count":14,"href":"https:\/\/mukom.mondragon.edu\/mondragonfp\/wp-json\/wp\/v2\/posts\/802\/revisions"}],"predecessor-version":[{"id":961,"href":"https:\/\/mukom.mondragon.edu\/mondragonfp\/wp-json\/wp\/v2\/posts\/802\/revisions\/961"}],"wp:featuredmedia":[{"embeddable":true,"href":"https:\/\/mukom.mondragon.edu\/mondragonfp\/wp-json\/"}],"wp:attachment":[{"href":"https:\/\/mukom.mondragon.edu\/mondragonfp\/wp-json\/wp\/v2\/media?parent=802"}],"wp:term":[{"taxonomy":"category","embeddable":true,"href":"https:\/\/mukom.mondragon.edu\/mondragonfp\/wp-json\/wp\/v2\/categories?post=802"},{"taxonomy":"post_tag","embeddable":true,"href":"https:\/\/mukom.mondragon.edu\/mondragonfp\/wp-json\/wp\/v2\/tags?post=802"}],"curies":[{"name":"wp","href":"https:\/\/api.w.org\/{rel}","templated":true}]}}