{"id":8128,"date":"2024-12-18T08:00:57","date_gmt":"2024-12-18T07:00:57","guid":{"rendered":"https:\/\/mukom.mondragon.edu\/mondragonfp\/?p=8128"},"modified":"2024-12-11T17:45:17","modified_gmt":"2024-12-11T16:45:17","slug":"representantes-del-alumnado-de-formacion-profesional-de-mgep-reciben-su-reconocimiento-en-el-evento-confebask-fp","status":"publish","type":"post","link":"https:\/\/mukom.mondragon.edu\/mondragonfp\/es\/2024\/12\/18\/representantes-del-alumnado-de-formacion-profesional-de-mgep-reciben-su-reconocimiento-en-el-evento-confebask-fp\/","title":{"rendered":"Representantes del alumnado de formaci\u00f3n profesional de MGEP reciben su reconocimiento en el Evento Confebask &amp; FP"},"content":{"rendered":"<p>El pasado 25 de Noviembre se celebr\u00f3\u00a0en el Palacio Euskalduna de Bilbao el Acto de Confebask &amp; FP (Formaci\u00f3n Profesional), con la presencia de la delegaci\u00f3n DUAL de Mondragon Goi Eskola Politeknikoa (<a href=\"https:\/\/www.mondragon.edu\/es\/inicio\">MGEP<\/a>), formada por los coordinadores del grupo empresarial Manex Arrieta y Osane Lizarralde, y representantes de alumnos y alumnas de la DUAL el 23.24.<\/p>\n<p><img loading=\"lazy\" class=\"aligncenter size-medium\" src=\"https:\/\/live.staticflickr.com\/65535\/54162854142_a484b96610_h.jpg\" width=\"1600\" height=\"1200\" \/><\/p>\n<p style=\"text-align: center\"><em>Estudiantes de Formaci\u00f3n Profesional de MGEP a las puertas del palacio Euskalduna, listos para entrar.<\/em><\/p>\n<p>El acto estuvo presidido por la Presidenta de Confebask, Tamara Yag\u00fce, la Consejera de Educaci\u00f3n, Bego\u00f1a Pedrosa, el Delegado de Formaci\u00f3n Profesional, Jon Labaka, entre otros.<\/p>\n<p>Tamara Yag\u00fce quiso animar a las empresas a apostar por la Formaci\u00f3n Profesional, alabando el modelo de FP DUAL, y especialmente el modelo que la ha considerado referente en el Pa\u00eds Vasco. Tambi\u00e9n se ha dirigi\u00f3 a la juventud, felicit\u00e1ndola por apostar por la FP y anim\u00e1ndola para seguir form\u00e1ndose continuamente, haciendo un gui\u00f1o especial a las mujeres.<\/p>\n<p>Bego\u00f1a Pedrosa tambi\u00e9n ofreci\u00f3 un reconocimiento al ex equipo de gobierno de Formaci\u00f3n Profesional y dijo que los nuevos trabajar\u00e1n por una FP referente en el mismo camino. \u00abSomos un ecosistema\u00bb, dijo en voz alta, \u00abtodos: gobierno, empresas, colegios, profesores, alumnos tenemos que unirnos para que podamos a\u00f1adir valor a la FP Dual en Euskadi. El 90% de empleabilidad no es solo un dato, es una marca, y merece la pena\u00bb. Mientras tanto hay que trabajar por la flexibilidad y la polivalencia. Quiere renovar un modelo de sociedad, el modelo de FP y conseguir que las mujeres y el euskera tambi\u00e9n sean imprescindibles.<\/p>\n<p><img loading=\"lazy\" class=\"aligncenter size-medium\" src=\"https:\/\/live.staticflickr.com\/65535\/54164040204_f81798f8cd_h.jpg\" width=\"1599\" height=\"1071\" \/><\/p>\n<p style=\"text-align: center\"><em>Alumnos de Formaci\u00f3n Profesional de MGEP reuniendo diplomas de la mano de los representantes de la mesa.<\/em><\/p>\n<p>En el acto se entregaron premios a empresas e instructores: Aratz group, Zerbimek, Mecanizados Hamar, y a 2 instructores pertenecientes a las empresas: Feu Vert y Agui.<\/p>\n<p><img loading=\"lazy\" class=\"aligncenter size-medium\" src=\"https:\/\/live.staticflickr.com\/65535\/54163731171_9703d83630_b.jpg\" width=\"1023\" height=\"775\" \/><\/p>\n<p style=\"text-align: center\"><em>Alumnos de Formaci\u00f3n Profesional de MGEP y Manez Arrieta con los diplomas, esperando al lunch.<\/em><\/p>\n<p><img loading=\"lazy\" class=\"aligncenter size-medium\" src=\"https:\/\/live.staticflickr.com\/65535\/54164185765_fc414f03cd_h.jpg\" width=\"1420\" height=\"973\" \/><\/p>\n<p style=\"text-align: center\"><em>Representantes de Formaci\u00f3n Profesional de MGEP, grupo de empresas y estudiantes, a las puertas del palacio Euskalduna.<\/em><\/p>\n<p>Tambi\u00e9n se realizaron 2 entrevistas: Al emprendedor de Zerbimek, empresa de Mondragon: Alain Vivas y a un compa\u00f1ero de Arcelor Mittal: Sergio Garc\u00eda, que tras estudiar 2 ciclos de formaci\u00f3n profesional de grado superior, ha cursado el grado de ingenier\u00eda en mecatr\u00f3nica en Mondragon Unibertsitatea.<\/p>\n<p><img loading=\"lazy\" class=\"aligncenter size-medium\" src=\"https:\/\/live.staticflickr.com\/65535\/54164040209_3acd71c73b_b.jpg\" width=\"1024\" height=\"927\" \/><\/p>\n<p><em>Sergio Garc\u00eda Formaci\u00f3n Profesional + Ingenier\u00eda, grado en mecatr\u00f3nica en MU y Osane Lizarralde, coordinadora de MGEP LH Dual.<\/em><\/p>\n","protected":false},"excerpt":{"rendered":"<p>El pasado 25 de Noviembre se celebr\u00f3\u00a0en el Palacio Euskalduna de Bilbao el Acto de Confebask &amp; FP (Formaci\u00f3n Profesional), con la presencia de la delegaci\u00f3n DUAL de Mondragon Goi Eskola Politeknikoa (MGEP), formada por los coordinadores del grupo empresarial Manex Arrieta y Osane Lizarralde, y representantes de alumnos y alumnas de la DUAL el 23.24. Estudiantes de Formaci\u00f3n Profesional de MGEP a las puertas del palacio Euskalduna, listos para entrar. El acto estuvo presidido por la Presidenta de Confebask, Tamara Yag\u00fce, la Consejera de Educaci\u00f3n, Bego\u00f1a Pedrosa, el Delegado de Formaci\u00f3n Profesional, Jon Labaka, entre otros. Tamara Yag\u00fce quiso animar a las empresas a apostar por la Formaci\u00f3n Profesional, alabando el modelo de FP DUAL, y especialmente el modelo que la ha considerado referente en el Pa\u00eds Vasco. Tambi\u00e9n se ha dirigi\u00f3 a la juventud, felicit\u00e1ndola por apostar por&#8230;<\/p>\n","protected":false},"author":289,"featured_media":-1,"comment_status":"open","ping_status":"open","sticky":false,"template":"","format":"standard","meta":[],"categories":[171,144,114],"tags":[],"amp_enabled":true,"_links":{"self":[{"href":"https:\/\/mukom.mondragon.edu\/mondragonfp\/wp-json\/wp\/v2\/posts\/8128"}],"collection":[{"href":"https:\/\/mukom.mondragon.edu\/mondragonfp\/wp-json\/wp\/v2\/posts"}],"about":[{"href":"https:\/\/mukom.mondragon.edu\/mondragonfp\/wp-json\/wp\/v2\/types\/post"}],"author":[{"embeddable":true,"href":"https:\/\/mukom.mondragon.edu\/mondragonfp\/wp-json\/wp\/v2\/users\/289"}],"replies":[{"embeddable":true,"href":"https:\/\/mukom.mondragon.edu\/mondragonfp\/wp-json\/wp\/v2\/comments?post=8128"}],"version-history":[{"count":3,"href":"https:\/\/mukom.mondragon.edu\/mondragonfp\/wp-json\/wp\/v2\/posts\/8128\/revisions"}],"predecessor-version":[{"id":8132,"href":"https:\/\/mukom.mondragon.edu\/mondragonfp\/wp-json\/wp\/v2\/posts\/8128\/revisions\/8132"}],"wp:featuredmedia":[{"embeddable":true,"href":"https:\/\/mukom.mondragon.edu\/mondragonfp\/wp-json\/"}],"wp:attachment":[{"href":"https:\/\/mukom.mondragon.edu\/mondragonfp\/wp-json\/wp\/v2\/media?parent=8128"}],"wp:term":[{"taxonomy":"category","embeddable":true,"href":"https:\/\/mukom.mondragon.edu\/mondragonfp\/wp-json\/wp\/v2\/categories?post=8128"},{"taxonomy":"post_tag","embeddable":true,"href":"https:\/\/mukom.mondragon.edu\/mondragonfp\/wp-json\/wp\/v2\/tags?post=8128"}],"curies":[{"name":"wp","href":"https:\/\/api.w.org\/{rel}","templated":true}]}}