{"id":8151,"date":"2024-12-19T16:30:26","date_gmt":"2024-12-19T15:30:26","guid":{"rendered":"https:\/\/mukom.mondragon.edu\/mondragonfp\/?p=8151"},"modified":"2025-02-04T15:11:03","modified_gmt":"2025-02-04T14:11:03","slug":"testimonios-de-alumnas-de-fabricacion-mecanica-y-formacion-dual-un-referente-en-ciclos-mgep","status":"publish","type":"post","link":"https:\/\/mukom.mondragon.edu\/mondragonfp\/es\/2024\/12\/19\/testimonios-de-alumnas-de-fabricacion-mecanica-y-formacion-dual-un-referente-en-ciclos-mgep\/","title":{"rendered":"Testimonios de alumnas de Fabricaci\u00f3n mec\u00e1nica y formaci\u00f3n DUAL, un referente en Ciclos MGEP"},"content":{"rendered":"<p><em>Entrevistamos a <strong>Larraitz Gasca Pascual<\/strong> y <strong>Ainara Arco Garitagoitia<\/strong>, dos alumnas que est\u00e1n cursando el <a href=\"https:\/\/www.mondragon.edu\/es\/formacion-profesional-programacion-produccion-fabricacion-mecanica\">ciclo superior de programaci\u00f3n de la producci\u00f3n en fabricaci\u00f3n mec\u00e1nica<\/a> en castellano en Mondragon Goi Eskola Politeknikoa (<a href=\"https:\/\/www.mondragon.edu\/es\/inicio\">MGEP<\/a>). Tras haber superado el primer curso con muy buenas calificaciones afrontan con ilusi\u00f3n este a\u00f1o la parte final del segundo curso y el periodo DUAL intensivo de pr\u00e1cticas en empresas.<\/em><\/p>\n<p><strong> <a href=\"https:\/\/live.staticflickr.com\/65535\/54212577674_d413c95344_c.jpg\"><img loading=\"lazy\" class=\"aligncenter size-medium\" src=\"https:\/\/live.staticflickr.com\/65535\/54212577674_d413c95344_c.jpg\" width=\"799\" height=\"533\" \/><\/a><\/strong><\/p>\n<p style=\"text-align: center\"><em>Larraitz Gasca<\/em><\/p>\n<p><strong>Est\u00e1is cursando el segundo curso del ciclo programaci\u00f3n de la producci\u00f3n en fabricaci\u00f3n mec\u00e1nica. \u00bfPor qu\u00e9 elegisteis MGEP?<\/strong><\/p>\n<p><em><strong>LARRAITZ:<\/strong><\/em> Por un lado, me mud\u00e9 a Mondrag\u00f3n con mi pareja y estuve analizando el tipo de industria predominante en la zona y la que me ofreciera las mejores condiciones laborales. Pude ver que la industria con procesos de fabricaci\u00f3n mec\u00e1nica ofrece muchos puestos de trabajo en los entornos de Arrasate y O\u00f1ati.<\/p>\n<p>Por otro lado, antes de comenzar este ciclo, hab\u00eda trabajado en la industria alimentaria, en el departamento de I+D y Calidad, tras cursar un grado de gastronom\u00eda con especializaci\u00f3n en industria alimentaria. Me gust\u00f3 mucho el \u00e1rea de la calidad y viendo que es un \u00e1rea de gran importancia dentro de las empresas me decid\u00ed por este ciclo que est\u00e1 muy orientado hacia la calidad.<\/p>\n<p>Eleg\u00ed MGEP como centro de formaci\u00f3n porque ve\u00eda que tiene mucho prestigio y porque me permit\u00eda cursar el ciclo en formato DUAL, realizando pr\u00e1cticas en empresas en paralelo a los estudios.<\/p>\n<p><em><strong>AINARA:<\/strong><\/em> Decid\u00ed estudiar este ciclo porque ten\u00eda un trabajo que no me motivaba mucho, y quer\u00eda cambiarlo. Por otro lado, el \u00e1mbito de la producci\u00f3n industrial siempre me ha generado curiosidad, y sent\u00eda ganas de estudiar cosas relacionadas con este tema.<\/p>\n<p>Eleg\u00ed MGEP, porque conoc\u00eda a gente que hab\u00eda estudiado en \u201ceskola\u201d y me lo recomendaron. Adem\u00e1s, tiene unas instalaciones adecuadas para mi formaci\u00f3n, y una buena relaci\u00f3n con las empresas de alrededor, cosa que me interesaba ya que quer\u00eda realizar mis estudios en formato DUAL.<\/p>\n<p><strong>\u00bfQu\u00e9 os ha parecido el ciclo, os han gustado las materias trabajadas? \u00bfOs han resultado dif\u00edciles?<\/strong><\/p>\n<p><strong><em>AINARA:<\/em><\/strong> Las asignaturas que se imparten combinan teor\u00eda con pr\u00e1ctica, por lo que ayuda a entender mejor las cosas.<\/p>\n<p>Al principio s\u00ed que me result\u00f3 un poco complicado porque todo era nuevo para m\u00ed, pero con el trabajo diario y la atenci\u00f3n recibida por parte del grupo docente he podido sacar el ciclo adelante sin problemas.<\/p>\n<p>Por otro lado, el tener que llevar a cabo diferentes retos que nos plantearon durante los cursos, me ha hecho aprender y conocer diferentes situaciones que pueden darse en la vida real. Ha sido de gran ayuda para entender mejor las cosas y verles una aplicabilidad real.<\/p>\n<p><strong><em>LARRAITZ:<\/em><\/strong> En general dir\u00eda me han gustado las materias, unas m\u00e1s que otras, dependiendo de la dificultad que me han supuesto y el conocimiento previo.<\/p>\n<p>Las materias relacionadas con la trigonometr\u00eda y el c\u00e1lculo me han resultado m\u00e1s dif\u00edciles ya que apenas ten\u00eda base previa, pero el hecho de dedicarle un poco de tiempo de estudio me ha permitido comprenderlas y superarlas sin problemas.<\/p>\n<p>El modelo pedag\u00f3gico que se utiliza, basado en retos, tambi\u00e9n me ha ayudado, porque te permite tener una visi\u00f3n global de todos los puntos que conforman el ciclo de mecanizado.<\/p>\n<p><a href=\"https:\/\/live.staticflickr.com\/65535\/54212337176_a1da416e03_c.jpg\"><img loading=\"lazy\" class=\"aligncenter size-medium\" src=\"https:\/\/live.staticflickr.com\/65535\/54212337176_a1da416e03_c.jpg\" width=\"799\" height=\"533\" \/><\/a><\/p>\n<p style=\"text-align: center\"><em>Ainara Arco<\/em><\/p>\n<p><strong>\u00bfC\u00f3mo ha sido la relaci\u00f3n con el grupo docente? \u00bfY con el resto del alumnado?<\/strong><\/p>\n<p><strong><em>AINARA:<\/em><\/strong> Con el grupo docente la relaci\u00f3n ha sido muy buena, han estado para ayudarnos cuando hemos necesitado, se nota la experiencia que tienen.<\/p>\n<p>Dada la diferencia de edad, al principio pens\u00e9 que me costar\u00eda o se me har\u00eda dif\u00edcil la relaci\u00f3n con mis compa\u00f1eras y compa\u00f1eros de aula, pero la verdad es que no ha sido para nada dif\u00edcil relacionarme con ellos, me he llevado muy bien con todos.<\/p>\n<p><strong><em>LARRAITZ:<\/em> <\/strong>La relaci\u00f3n con el grupo docente ha sido muy buena, ya que siempre tienen predisposici\u00f3n para resolver cualquier duda que surja, aunque ello les suponga tener que quedarse fuera de horas de clase.<\/p>\n<p>El dominio t\u00e9cnico del profesorado tambi\u00e9n es algo que me gustar\u00eda destacar ya que muchas veces me ha servido para comprender bien los conceptos o retos trabajados. Parte del grupo docente proviene del \u00e1mbito industrial y tiene experiencia laboral relacionada con los temas que imparte, lo que permite enfocar las asignaturas desde un punto de vista m\u00e1s pr\u00e1ctico.<\/p>\n<p>En cuanto al grupo formado en clase, el trato ha sido fant\u00e1stico. Al comienzo ten\u00eda miedo de no encajar bien en el grupo por ser mujer y por tener m\u00e1s edad que el resto, pero me encontr\u00e9 con que en clase \u00e9ramos 4 alumnas. El resto del alumnado, de menor edad, tiene una actitud muy amable, nos hemos complementado muy bien todos.<\/p>\n<p><a href=\"https:\/\/live.staticflickr.com\/65535\/54294909311_58490ffeda_c.jpg\"><img loading=\"lazy\" class=\"aligncenter size-medium\" src=\"https:\/\/live.staticflickr.com\/65535\/54294909311_58490ffeda_c.jpg\" width=\"799\" height=\"532\" \/><\/a><\/p>\n<p style=\"text-align: center\"><em>Larraitz Gasca<\/em><\/p>\n<p><strong>En cuanto a la utilidad, \u00bfCre\u00e9is que podr\u00e9is sacar provecho a los conocimientos te\u00f3ricos y pr\u00e1cticos adquiridos durante el ciclo? <\/strong><\/p>\n<p><strong><em>LARRAITZ:<\/em><\/strong> Ahora mismo estoy cursando DUAL avanzado en Fagor Automation en el \u00c1rea de Calidad. Por ejemplo, las clases de la asignatura de Calidad y de Metrolog\u00eda, me han sido de gran utilidad porque me han permitido tener un conocimiento previo de los aparatos de medici\u00f3n. En Fagor estoy poniendo en pr\u00e1ctica muchos conceptos que hemos tratado en clase. Se puede decir que el ciclo est\u00e1 muy orientado a la empresa y que me ha sido muy \u00fatil.<\/p>\n<p><strong><em>AINARA:<\/em><\/strong> Claro que s\u00ed, ahora mismo estando en el DUAL avanzado en la empresa Neoprec y estoy aplicando muchas de las cosas que he aprendido en clase.<\/p>\n<p>Aunque cada empresa tenga su forma de funcionar, si no hubiera adquirido ciertos conocimientos, me hubiera resultado m\u00e1s complicado adaptarme a los diferentes puestos de trabajo.<\/p>\n<p><strong>Por tanto, la posibilidad de combinar los estudios y las pr\u00e1cticas os ha resultado muy enriquecedora\u2026<\/strong><\/p>\n<p><strong><em>AINARA:<\/em><\/strong> Si, unas de las razones por las que opt\u00e9 a este tipo de estudios, fue la posibilidad de poder combinarlos con las pr\u00e1cticas en la empresa, y no me arrepiento de haber elegido esa opci\u00f3n.<\/p>\n<p>En Neoprec, ahora mismo estoy pasando por los diferentes puestos como: Calidad, Rebaba, Tool Room, FMS\u2026 conociendo las formas de trabajar de cada uno de ellos y eso me est\u00e1 proporcionando conocimientos nuevos y experiencia muy enriquecedora.<\/p>\n<p><strong><em>LARRAITZ:<\/em><\/strong> Es una opci\u00f3n muy enriquecedora puesto que pones en pr\u00e1ctica lo aprendido en el ciclo, y as\u00ed es como adquieres experiencia laboral en el \u00e1mbito de la mecanizaci\u00f3n. Llevar a cabo la combinaci\u00f3n de estudios y pr\u00e1cticas tambi\u00e9n requiere saber organizarse bien para combinar los dos aspectos en el d\u00eda a d\u00eda, y esto tambi\u00e9n ha resultado muy valioso.<\/p>\n<p><strong>\u00bfQu\u00e9 planes ten\u00e9is para el futuro?<\/strong><\/p>\n<p><strong><em>AINARA:<\/em><\/strong> En el futuro me gustar\u00eda continuar trabajando en el sector del metal y seguir desarroll\u00e1ndome profesionalmente. Aportar mi experiencia y conocimiento a las empresas.<\/p>\n<p><strong><em>LARRAITZ:<\/em><\/strong> En el futuro me gustar\u00eda seguir desarroll\u00e1ndome profesionalmente en Fagor o en otra empresa de similares caracter\u00edsticas ya que el trabajo que desempe\u00f1o y el ambiente laboral me gusta mucho y veo posibilidad de crecimiento personal y profesional.<\/p>\n<p><a href=\"https:\/\/live.staticflickr.com\/65535\/54294026767_f1c2bf9525_c.jpg\"><img loading=\"lazy\" class=\"aligncenter size-medium\" src=\"https:\/\/live.staticflickr.com\/65535\/54294026767_f1c2bf9525_c.jpg\" width=\"799\" height=\"533\" \/><\/a><\/p>\n<p style=\"text-align: center\"><em>Ainara Arco<\/em><\/p>\n","protected":false},"excerpt":{"rendered":"<p>Entrevistamos a Larraitz Gasca Pascual y Ainara Arco Garitagoitia, dos alumnas que est\u00e1n cursando el ciclo superior de programaci\u00f3n de la producci\u00f3n en fabricaci\u00f3n mec\u00e1nica en castellano en Mondragon Goi Eskola Politeknikoa (MGEP). Tras haber superado el primer curso con muy buenas calificaciones afrontan con ilusi\u00f3n este a\u00f1o la parte final del segundo curso y el periodo DUAL intensivo de pr\u00e1cticas en empresas. Larraitz Gasca Est\u00e1is cursando el segundo curso del ciclo programaci\u00f3n de la producci\u00f3n en fabricaci\u00f3n mec\u00e1nica. \u00bfPor qu\u00e9 elegisteis MGEP? LARRAITZ: Por un lado, me mud\u00e9 a Mondrag\u00f3n con mi pareja y estuve analizando el tipo de industria predominante en la zona y la que me ofreciera las mejores condiciones laborales. Pude ver que la industria con procesos de fabricaci\u00f3n mec\u00e1nica ofrece muchos puestos de trabajo en los entornos de Arrasate y O\u00f1ati. Por otro lado, antes&#8230;<\/p>\n","protected":false},"author":289,"featured_media":-1,"comment_status":"open","ping_status":"open","sticky":false,"template":"","format":"standard","meta":[],"categories":[300,114,169,97],"tags":[],"amp_enabled":true,"_links":{"self":[{"href":"https:\/\/mukom.mondragon.edu\/mondragonfp\/wp-json\/wp\/v2\/posts\/8151"}],"collection":[{"href":"https:\/\/mukom.mondragon.edu\/mondragonfp\/wp-json\/wp\/v2\/posts"}],"about":[{"href":"https:\/\/mukom.mondragon.edu\/mondragonfp\/wp-json\/wp\/v2\/types\/post"}],"author":[{"embeddable":true,"href":"https:\/\/mukom.mondragon.edu\/mondragonfp\/wp-json\/wp\/v2\/users\/289"}],"replies":[{"embeddable":true,"href":"https:\/\/mukom.mondragon.edu\/mondragonfp\/wp-json\/wp\/v2\/comments?post=8151"}],"version-history":[{"count":8,"href":"https:\/\/mukom.mondragon.edu\/mondragonfp\/wp-json\/wp\/v2\/posts\/8151\/revisions"}],"predecessor-version":[{"id":8277,"href":"https:\/\/mukom.mondragon.edu\/mondragonfp\/wp-json\/wp\/v2\/posts\/8151\/revisions\/8277"}],"wp:featuredmedia":[{"embeddable":true,"href":"https:\/\/mukom.mondragon.edu\/mondragonfp\/wp-json\/"}],"wp:attachment":[{"href":"https:\/\/mukom.mondragon.edu\/mondragonfp\/wp-json\/wp\/v2\/media?parent=8151"}],"wp:term":[{"taxonomy":"category","embeddable":true,"href":"https:\/\/mukom.mondragon.edu\/mondragonfp\/wp-json\/wp\/v2\/categories?post=8151"},{"taxonomy":"post_tag","embeddable":true,"href":"https:\/\/mukom.mondragon.edu\/mondragonfp\/wp-json\/wp\/v2\/tags?post=8151"}],"curies":[{"name":"wp","href":"https:\/\/api.w.org\/{rel}","templated":true}]}}