{"id":8193,"date":"2025-02-05T08:00:05","date_gmt":"2025-02-05T07:00:05","guid":{"rendered":"https:\/\/mukom.mondragon.edu\/mondragonfp\/?p=8193"},"modified":"2025-01-28T17:16:55","modified_gmt":"2025-01-28T16:16:55","slug":"de-colombia-a-mgep-he-tenido-la-oportunidad-de-poder-aprender-y-desarrollarme-y-no-he-querido-desaprovecharla","status":"publish","type":"post","link":"https:\/\/mukom.mondragon.edu\/mondragonfp\/es\/2025\/02\/05\/de-colombia-a-mgep-he-tenido-la-oportunidad-de-poder-aprender-y-desarrollarme-y-no-he-querido-desaprovecharla\/","title":{"rendered":"De Colombia a MGEP. \u201cHe tenido la oportunidad de poder aprender y desarrollarme y no he querido desaprovecharla.\u201d"},"content":{"rendered":"<p><em>Entrevistamos a <strong>Fredy L\u00f3pez Mart\u00ednez<\/strong>, un alumno que est\u00e1\u00a0 cursando el ciclo superior de <a href=\"https:\/\/www.mondragon.edu\/es\/formacion-profesional-mecatronica-industrial\">mecatr\u00f3nica industrial<\/a> en <a href=\"https:\/\/www.mondragon.edu\/es\/inicio\">Mondragon Goi Eskola Politeknikoa<\/a> (MGEP). Fredy realiza sus estudios dentro del programa espec\u00edfico de obtenci\u00f3n de la titulaci\u00f3n basado en la impartici\u00f3n de Certificados Profesionales (Grados C), lo que le permite compatibilizar sus clases con su jornada laboral.<\/em><\/p>\n<p>&nbsp;<\/p>\n<p><strong>Est\u00e1s cursando el segundo curso del ciclo superior de mecatr\u00f3nica industrial. \u00bfPor qu\u00e9 elegiste MGEP?<\/strong><\/p>\n<p>Siempre he sentido inter\u00e9s por los temas relacionados con el mantenimiento, tanto el mec\u00e1nico como el el\u00e9ctrico. Debido a diferentes circunstancias, en Colombia, mi pa\u00eds de origen, no tuve oportunidad de cursar estudios relacionados con este tema y tras venir a Euskadi un amigo me planteo la posibilidad de realizarlos aqu\u00ed en MGEP. Me anim\u00e9 y decid\u00ed aprovechar la oportunidad.<\/p>\n<p><strong>Compatibilizas tus estudios con tu trabajo, \u00bfTe est\u00e1 resultado complicado este planteamiento?<\/strong><\/p>\n<p>Trabajo mi jornada laboral de 8 horas por la ma\u00f1ana y por las tardes vengo a clase a Eskola (MGEP). A veces puede resultar duro, no lo voy a negar, pero tengo ilusi\u00f3n y motivaci\u00f3n para poder aprovechar la oportunidad de cursar este ciclo superior. Tambi\u00e9n hay factores que me facilitan bastante las cosas. Por ejemplo, puedo cursar el ciclo superior en 3 a\u00f1os en lugar de los 2 habituales. Tambi\u00e9n tengo apoyo por parte del equipo de profesores, que me ayuda a adaptar el ritmo de impartici\u00f3n a mis circunstancias profesionales.<\/p>\n<p><strong>\u00bfQu\u00e9 tal con el grupo docente, tambi\u00e9n te sientes apoyado?<\/strong><\/p>\n<p>Totalmente, me he sentido como en casa desde el primer momento, como parte de una gran familia. Hay asignaturas que resultan m\u00e1s complicadas y otras m\u00e1s f\u00e1ciles, pero el apoyo que recibimos por parte del grupo docente es constante. Creo que comprenden el esfuerzo que estamos realizando al compatibilizar los estudios con la jornada laboral y s\u00f3lo tengo palabras de agradecimiento hacia ellos. De otra forma, este esfuerzo no ser\u00eda posible.<\/p>\n<p><strong>El resto de compa\u00f1eros, \u00bfQu\u00e9 tal ha sido la relaci\u00f3n que has mantenido con ellos?<\/strong><\/p>\n<p>Excelente, hemos formado un grupo que pese a ser muy heterog\u00e9neo est\u00e1 cohesionado y nos apoyamos unos a otros. En MGEP se trabaja con una metodolog\u00eda basada en retos y por tanto es imprescindible saber trabajar en grupo y coordinarse. Por lo general, y en contra de mis expectativas me he sentido muy integrado, no s\u00f3lo en aula sino tambi\u00e9n en Arrasate, donde resido en la actualidad.<\/p>\n<p><a href=\"https:\/\/live.staticflickr.com\/65535\/54290711261_8f998c2c66_c.jpg\"><img loading=\"lazy\" class=\"aligncenter size-medium\" src=\"https:\/\/live.staticflickr.com\/65535\/54290711261_8f998c2c66_c.jpg\" width=\"800\" height=\"601\" \/><\/a><\/p>\n<p>&nbsp;<\/p>\n","protected":false},"excerpt":{"rendered":"<p>Entrevistamos a Fredy L\u00f3pez Mart\u00ednez, un alumno que est\u00e1\u00a0 cursando el ciclo superior de mecatr\u00f3nica industrial en Mondragon Goi Eskola Politeknikoa (MGEP). Fredy realiza sus estudios dentro del programa espec\u00edfico de obtenci\u00f3n de la titulaci\u00f3n basado en la impartici\u00f3n de Certificados Profesionales (Grados C), lo que le permite compatibilizar sus clases con su jornada laboral. &nbsp; Est\u00e1s cursando el segundo curso del ciclo superior de mecatr\u00f3nica industrial. \u00bfPor qu\u00e9 elegiste MGEP? Siempre he sentido inter\u00e9s por los temas relacionados con el mantenimiento, tanto el mec\u00e1nico como el el\u00e9ctrico. Debido a diferentes circunstancias, en Colombia, mi pa\u00eds de origen, no tuve oportunidad de cursar estudios relacionados con este tema y tras venir a Euskadi un amigo me planteo la posibilidad de realizarlos aqu\u00ed en MGEP. Me anim\u00e9 y decid\u00ed aprovechar la oportunidad. Compatibilizas tus estudios con tu trabajo, \u00bfTe est\u00e1 resultado&#8230;<\/p>\n","protected":false},"author":289,"featured_media":-1,"comment_status":"open","ping_status":"open","sticky":false,"template":"","format":"standard","meta":[],"categories":[171,223],"tags":[],"amp_enabled":true,"_links":{"self":[{"href":"https:\/\/mukom.mondragon.edu\/mondragonfp\/wp-json\/wp\/v2\/posts\/8193"}],"collection":[{"href":"https:\/\/mukom.mondragon.edu\/mondragonfp\/wp-json\/wp\/v2\/posts"}],"about":[{"href":"https:\/\/mukom.mondragon.edu\/mondragonfp\/wp-json\/wp\/v2\/types\/post"}],"author":[{"embeddable":true,"href":"https:\/\/mukom.mondragon.edu\/mondragonfp\/wp-json\/wp\/v2\/users\/289"}],"replies":[{"embeddable":true,"href":"https:\/\/mukom.mondragon.edu\/mondragonfp\/wp-json\/wp\/v2\/comments?post=8193"}],"version-history":[{"count":6,"href":"https:\/\/mukom.mondragon.edu\/mondragonfp\/wp-json\/wp\/v2\/posts\/8193\/revisions"}],"predecessor-version":[{"id":8233,"href":"https:\/\/mukom.mondragon.edu\/mondragonfp\/wp-json\/wp\/v2\/posts\/8193\/revisions\/8233"}],"wp:featuredmedia":[{"embeddable":true,"href":"https:\/\/mukom.mondragon.edu\/mondragonfp\/wp-json\/"}],"wp:attachment":[{"href":"https:\/\/mukom.mondragon.edu\/mondragonfp\/wp-json\/wp\/v2\/media?parent=8193"}],"wp:term":[{"taxonomy":"category","embeddable":true,"href":"https:\/\/mukom.mondragon.edu\/mondragonfp\/wp-json\/wp\/v2\/categories?post=8193"},{"taxonomy":"post_tag","embeddable":true,"href":"https:\/\/mukom.mondragon.edu\/mondragonfp\/wp-json\/wp\/v2\/tags?post=8193"}],"curies":[{"name":"wp","href":"https:\/\/api.w.org\/{rel}","templated":true}]}}