{"id":8331,"date":"2025-04-16T08:00:55","date_gmt":"2025-04-16T06:00:55","guid":{"rendered":"https:\/\/mukom.mondragon.edu\/mondragonfp\/?p=8331"},"modified":"2025-03-17T15:13:44","modified_gmt":"2025-03-17T14:13:44","slug":"aprendices-de-amazon-el-talento-en-mgep","status":"publish","type":"post","link":"https:\/\/mukom.mondragon.edu\/mondragonfp\/es\/2025\/04\/16\/aprendices-de-amazon-el-talento-en-mgep\/","title":{"rendered":"Aprendices de AMAZON, desarrollando  talento en MGEP"},"content":{"rendered":"<p><em>Os traemos el testimonio de <strong>Luc\u00eda Trinidad Escalante<\/strong> y <strong>Adri Herrero Rodr\u00edguez<\/strong>, que pertenecen a la primera promoci\u00f3n del <a href=\"https:\/\/www.aboutamazon.es\/noticias\/trabajar-en-amazon\/programa-de-aprendizaje-de-amazon-como-convertirse-en-tecnico-experto-en-mantenimiento-logistico\">programa Aprendices de AMAZON<\/a>. El alumnado de Amazon ha cursado durante dos a\u00f1os el ciclo superior de <a href=\"https:\/\/www.mondragon.edu\/es\/formacion-profesional-mecatronica-industrial\">Mecatr\u00f3nica Industrial<\/a> en <a href=\"https:\/\/www.mondragon.edu\/es\/inicio\">Mondrag\u00f3n Goi Eskola Politeknikoa<\/a> (MGEP) y Adri y Lucia est\u00e1n a punto de superarlo con muy buenas calificaciones.<\/em><\/p>\n<p><a href=\"https:\/\/live.staticflickr.com\/65535\/54379722369_949479da5c_c.jpg\"><img loading=\"lazy\" class=\"aligncenter size-medium\" src=\"https:\/\/live.staticflickr.com\/65535\/54379722369_949479da5c_c.jpg\" width=\"799\" height=\"600\" \/><\/a><\/p>\n<p><strong>Pertenec\u00e9is a la primera promoci\u00f3n del programa &#8220;Aprendices&#8221;, un proyecto de colaboraci\u00f3n entre\u00a0 MGEP y AMAZON, \u00bfCu\u00e1l fue la raz\u00f3n que os llev\u00f3 a incorporaros a este programa? <\/strong><\/p>\n<p><em><strong>ADRI:<\/strong><\/em> Desde peque\u00f1o me han gustado la mec\u00e1nica y la reparaci\u00f3n de coches. Estudi\u00e9 un ciclo medio de electromec\u00e1nica, pero no tuve ocasi\u00f3n de encontrar trabajo en este \u00e1mbito laboral y durante muchos a\u00f1os estuve trabajando en diferentes empleos, en una carnicer\u00eda, en una tienda de chuches, y al final en un bar, como encargado.<\/p>\n<p>Tras nacer mi hija vino la pandemia y tras el confinamiento vi que el trabajo en el bar me imped\u00eda dedicar todo el tiempo que me gustar\u00eda a mi familia, as\u00ed que decid\u00ed cambiar de empleo, y tuve la oportunidad de entrar a trabajar en Amazon, como ayudante de mantenimiento. El puesto me gustaba, y me propuse promocionar al puesto de t\u00e9cnico de mantenimiento, pero este puesto requer\u00eda tener cursado un Ciclo Superior de Formaci\u00f3n Profesional del que yo carec\u00eda. En un principio analic\u00e9 la posibilidad de realizarlo en Illescas, pero al poco tiempo sali\u00f3 el programa \u201cAprendices\u201d en Amazon y me apunt\u00e9 en \u00e9l sin pensarlo dos veces.<\/p>\n<p>Este programa me ha ofrecido una oportunidad excepcional ya que nos permite cursar el ciclo superior de mecatr\u00f3nica industrial y realizar las pr\u00e1cticas en Amazon. Tenemos la oportunidad de trabajar y de realizar el ciclo superior completo de dos a\u00f1os de duraci\u00f3n con un salario fijo.<\/p>\n<p><em><strong>LUC\u00cdA:<\/strong><\/em> En mi caso, desde peque\u00f1a me ha gustado mucho el deporte y durante muchos a\u00f1os he sido deportista de \u00e9lite en la pr\u00e1ctica de waterpolo. En este periodo de mi vida, aparte de entrenar y competir, sol\u00eda trabajar como monitora o tambi\u00e9n como vigilante en las piscinas.<\/p>\n<p>Antes de la pandemia vine con mi pareja a vivir un par de a\u00f1os a Euskadi, concretamente a Leioa.\u00a0 Pero la llegada de la pandemia me llev\u00f3 de vuelta a Dos Hermanas, Sevilla. Fue en aquel periodo cuando Amazon abri\u00f3 su sede en Dos Hermanas y pude incorporarme a la plantilla como moza de almac\u00e9n. Recuerdo que fue un periodo duro, en plena pandemia, con miles y miles de pedidos que atender e infinidad de medidas anti-Covid que deb\u00edamos cumplir de forma muy rigurosa.<\/p>\n<p>Luego apareci\u00f3 el programa &#8220;Aprendices&#8221;, que supon\u00eda una gran oportunidad de desarrollo profesional y con una clara posibilidad de promoci\u00f3n a un puesto de t\u00e9cnico de mantenimiento. Pero a su vez, esta oportunidad requer\u00eda realizar grandes esfuerzos y sacrificios por mi parte, como el hecho de dejar de nuevo Sevilla y mi familia, y venir sola a Arrasate. Tras pensarlo bien, decid\u00ed aprovecharla, creo que era un esfuerzo que merec\u00eda la pena hacer, me ofrec\u00eda la posibilidad deformarme y prepararme mejor de cara al futuro.<\/p>\n<p>&nbsp;<\/p>\n<p><strong>\u00bfC\u00f3mo hab\u00e9is sobrellevado el hecho de tener que separaros de vuestras familias para poder realizar el ciclo formativo?<\/strong><\/p>\n<p><em><strong>LUC\u00edA:<\/strong><\/em> La verdad que no ha resultado sencillo. Solemos estar periodos de unos dos meses fuera de casa y en muchos momentos echamos en falta a la familia. Gracias a internet y los medios digitales actuales, el contacto resulta m\u00e1s sencillo, pero eso no suele ser suficiente.<\/p>\n<p>Mientras he estado aqu\u00ed he intentado centrarme en los aspectos acad\u00e9micos, en trabaja en el aula y luego en el colegio mayor, que es donde residimos cuando estamos en Arrasate. Hemos tenido muy buena relaci\u00f3n con el resto del alumnado, y hemos realizado actividades extraacad\u00e9micas juntos, hemos solido salir a hacer senderismo o nos hemos apuntado al gimnasio para practicar Crossfit. Todo esto ha permitido que los periodos de estancia en MGEP hayan sido m\u00e1s llevaderos.<\/p>\n<p>&nbsp;<\/p>\n<p><em><strong>ADRI:<\/strong><\/em> S\u00ed, como dice Luc\u00eda, no es nada f\u00e1cil dejar atr\u00e1s la familia y venir a Arrasate. Entre semana, he intentado mantener contacto con ellos de manera regular mediante videollamadas, y en mi caso, he podido volver a Toledo todos los fines de semana para poder estar con mi hija. Esto ha hecho todo mucho m\u00e1s llevadero.<\/p>\n<p>De todas formas, desde el inicio fui consciente de esta circunstancia, por tanto, pese a ser dif\u00edcil, lo he llevado bien, porque ha tenido un prop\u00f3sito claro, me ha permitido aprender y mejorar, y el esfuerzo ha merecido la pena.<\/p>\n<p><a href=\"https:\/\/live.staticflickr.com\/65535\/54378645402_8c24416cac_c.jpg\"><img loading=\"lazy\" class=\"aligncenter size-medium\" src=\"https:\/\/live.staticflickr.com\/65535\/54378645402_8c24416cac_c.jpg\" width=\"799\" height=\"600\" \/><\/a><\/p>\n<p><strong>\u00bfC\u00f3mo ha sido la relaci\u00f3n con los docentes y con el resto del aula?<\/strong><\/p>\n<p><em><strong>ADRI:<\/strong><\/em> \u00a1Genial! Ha sido uno de los aspectos m\u00e1s positivos de todo este ciclo. Los 20 alumnos y alumnas hemos formado un grupo muy cohesionado y nos hemos apoyado constantemente unos a otros. Hemos creado un v\u00ednculo fuerte y todo esto pese a que estamos muchas horas juntos, casi las 24 del d\u00eda. Ha sido una suerte poder conocer a toda la gente y seguro que en un futuro seguiremos manteniendo el contacto, ha supuesto una gran experiencia.<\/p>\n<p>Respecto al grupo docente, lo que m\u00e1s me gustar\u00eda destacar es que ha sido una relaci\u00f3n entre adultos, nos han permitido actuar con autonom\u00eda y tomar decisiones relacionadas con la gesti\u00f3n personal del tiempo y los procesos de aprendizaje. Es algo que he valorado muy positivamente y que me ha sorprendido gratamente. El apoyo por parte de ellos ha sido constante, han estado siempre dispuestos a aclararnos todas las dudas que nos han ido surgiendo.<\/p>\n<p>&nbsp;<\/p>\n<p><em><strong>LUC\u00cdA:<\/strong><\/em> Opino igual que Adri, yo dir\u00eda que nos han hecho sentir como si estuvi\u00e9ramos en casa. Hemos tenido una relaci\u00f3n cercana con el grupo docente, nos han dado un apoyo constante y siempre han estado dispuestos a ayudarnos y a prestarnos su tiempo.<\/p>\n<p>Tambi\u00e9n tengo muy buena opini\u00f3n respecto a los compa\u00f1eros del aula, pese a ser un grupo bastante heterog\u00e9neo, con diferentes procedencias y edades, se puede decir que nos hemos arreglado muy bien, y nos hemos apoyado unos a otros. Esta buena relaci\u00f3n se ha mantenido durante los dos a\u00f1os, y me ha ayudado mucho a sobrellevar el hecho de estar alejada de mi familia.<\/p>\n<p>&nbsp;<\/p>\n<p><strong>Respecto a los estudios, \u00bfqu\u00e9 os parecido? \u00bfHab\u00e9is tenido dificultades, os han parecido sencillos?<\/strong><\/p>\n<p><em><strong>LUC\u00cdA:<\/strong><\/em> Yo ten\u00eda cursado el bachillerato cient\u00edfico y he andado muy bien en todas las asignaturas que requer\u00edan c\u00e1lculos. En general el ciclo no me ha resultado dif\u00edcil, con estar atenta en clase y trabajar un poco fuera del aula ha sido suficiente para sacar buenas calificaciones en todas las materias. Algunas, al ser completamente nuevas para m\u00ed, me han requerido m\u00e1s trabajo y esfuerzo, pero en general, el ciclo me ha resultado f\u00e1cil.<\/p>\n<p>&nbsp;<\/p>\n<p><em><strong>ADRI:<\/strong><\/em> Al principio ten\u00eda dudas respecto a c\u00f3mo iba a ser la vuelta a las aulas. Llevaba muchos a\u00f1os sin estudiar y fue todo un reto para m\u00ed. Tras empezar el ciclo y asistir a las primeras clases, vi que la madurez adquirida durante estos a\u00f1os me ha ayudado mucho a planificar y centrarme en los procesos de aprendizaje: Era capaz de prestar atenci\u00f3n y estar atento en clase, asimilaba mejor los contenidos y me resultaba m\u00e1s sencillo dominar las materias. Esto me ha motivado mucho y creo que esta motivaci\u00f3n, que se ha mantenido durante los dos a\u00f1os me ha permitido obtener el t\u00edtulo con buenas calificaciones. A m\u00ed tampoco me ha resultado complicado.<\/p>\n<p>&nbsp;<\/p>\n<p><strong>\u00bfC\u00f3mo ha sido la experiencia en MGEP, los medios, las metodolog\u00edas did\u00e1cticas, los periodos de pr\u00e1cticas\u2026?<\/strong><\/p>\n<p><em><strong>ADRI:<\/strong><\/em> Desde el inicio me llamaron mucho la atenci\u00f3n las instalaciones industriales de Eskola, hay de todo: tornos, taladros, fresadoras, centros de mecanizado CNC, robots, laboratorios de ensayos,etc. Esto ofrece la oportunidad de poner en pr\u00e1ctica lo aprendido en el aula, puedes realizar las aplicaciones pr\u00e1cticas dentro del propio centro de formaci\u00f3n. Muchas de las horas que hemos pasado en MGEP han discurrido en talleres y laboratorios, poniendo en pr\u00e1ctica los conocimientos te\u00f3ricos adquiridos en clase.<\/p>\n<p>Las pr\u00e1cticas que hemos realizado en Amazon tambi\u00e9n han supuesto una gran ayuda para el proceso de aprendizaje. En estos periodos, hemos visto c\u00f3mo se aplica en realidad lo aprendido en el aula, y estos conocimientos te\u00f3ricos han sido esenciales para la realizaci\u00f3n de las pr\u00e1cticas. Hemos combinado periodos de aprendizaje en MGEP con periodos de pr\u00e1cticas en Amazon. Estos periodos duran unos dos meses y se van repitiendo c\u00edclicamente a lo largo del curso. A veces resulta complicado adaptarse al cambio, el pasar del aula a la empresa, o de la empresa al aula, y esto me ha requerido aprender a ser m\u00e1s flexible y organizarme mejor.<\/p>\n<p>&nbsp;<\/p>\n<p><em><strong>LUC\u00cdA:<\/strong><\/em> S\u00ed, esos cambios constantes requieren adaptarse continuamente, debes aprender a ser flexible en este sentido, y creo que, pese a ser complicado, me han permitido ganar flexibilidad y aprender a adaptarme mejor a los cambios. Las pr\u00e1cticas que hemos realizado en Amazon han dado sentido al ciclo, porque entiendes para qu\u00e9 est\u00e1s estudiando las diferentes materias. Ves una utilidad a todo.<\/p>\n<p>A m\u00ed tambi\u00e9n me han llamado la atenci\u00f3n las instalaciones de MGEP. Hemos visto y utilizado tecnolog\u00eda puntera. Estas instalaciones permiten tambi\u00e9n plantear retos al alumnado y trabajar con esta metodolog\u00eda: Primero realizamos dise\u00f1os te\u00f3ricos y despu\u00e9s los ponemos en pr\u00e1ctica en los talleres, ha sido muy enriquecedor.<\/p>\n<p><a href=\"https:\/\/live.staticflickr.com\/65535\/54378645407_2b3e3e366f_c.jpg\"><img loading=\"lazy\" class=\"aligncenter size-medium\" src=\"https:\/\/live.staticflickr.com\/65535\/54378645407_2b3e3e366f_c.jpg\" width=\"800\" height=\"611\" \/><\/a><\/p>\n<p><strong>\u00bfQu\u00e9 planes ten\u00e9is para el futuro?<\/strong><\/p>\n<p><em><strong>ADRI:<\/strong><\/em> Estoy deseando acabar ya el ciclo y volver a trabajar en Amazon a jornada completa. He aprendido mucho y creo que ahora puedo aportar mucho al puesto de t\u00e9cnico de mantenimiento. Tengo ilusi\u00f3n por poner en pr\u00e1ctica lo aprendido, mejorar y desarrollarme profesionalmente, todo este esfuerzo ha merecido la pena.<\/p>\n<p>&nbsp;<\/p>\n<p><em><strong>LUC\u00cdA:<\/strong> <\/em>Tengo ilusi\u00f3n por promocionar en Amazon y poner en pr\u00e1ctica lo aprendido durante estos dos a\u00f1os. Creo que empieza una nueva etapa profesional en mi vida, con nuevas responsabilidades y estoy muy ilusionada, con muchas ganas de seguir aprendiendo y haciendo bien las cosas. Ha sido una suerte poder participar en este programa, creo que he tomado una decisi\u00f3n acertada.<\/p>\n","protected":false},"excerpt":{"rendered":"<p>Os traemos el testimonio de Luc\u00eda Trinidad Escalante y Adri Herrero Rodr\u00edguez, que pertenecen a la primera promoci\u00f3n del programa Aprendices de AMAZON. El alumnado de Amazon ha cursado durante dos a\u00f1os el ciclo superior de Mecatr\u00f3nica Industrial en Mondrag\u00f3n Goi Eskola Politeknikoa (MGEP) y Adri y Lucia est\u00e1n a punto de superarlo con muy buenas calificaciones. Pertenec\u00e9is a la primera promoci\u00f3n del programa &#8220;Aprendices&#8221;, un proyecto de colaboraci\u00f3n entre\u00a0 MGEP y AMAZON, \u00bfCu\u00e1l fue la raz\u00f3n que os llev\u00f3 a incorporaros a este programa? ADRI: Desde peque\u00f1o me han gustado la mec\u00e1nica y la reparaci\u00f3n de coches. Estudi\u00e9 un ciclo medio de electromec\u00e1nica, pero no tuve ocasi\u00f3n de encontrar trabajo en este \u00e1mbito laboral y durante muchos a\u00f1os estuve trabajando en diferentes empleos, en una carnicer\u00eda, en una tienda de chuches, y al final en un bar, como encargado&#8230;.<\/p>\n","protected":false},"author":289,"featured_media":-1,"comment_status":"open","ping_status":"open","sticky":false,"template":"","format":"standard","meta":[],"categories":[314,223,114],"tags":[],"amp_enabled":true,"_links":{"self":[{"href":"https:\/\/mukom.mondragon.edu\/mondragonfp\/wp-json\/wp\/v2\/posts\/8331"}],"collection":[{"href":"https:\/\/mukom.mondragon.edu\/mondragonfp\/wp-json\/wp\/v2\/posts"}],"about":[{"href":"https:\/\/mukom.mondragon.edu\/mondragonfp\/wp-json\/wp\/v2\/types\/post"}],"author":[{"embeddable":true,"href":"https:\/\/mukom.mondragon.edu\/mondragonfp\/wp-json\/wp\/v2\/users\/289"}],"replies":[{"embeddable":true,"href":"https:\/\/mukom.mondragon.edu\/mondragonfp\/wp-json\/wp\/v2\/comments?post=8331"}],"version-history":[{"count":8,"href":"https:\/\/mukom.mondragon.edu\/mondragonfp\/wp-json\/wp\/v2\/posts\/8331\/revisions"}],"predecessor-version":[{"id":8345,"href":"https:\/\/mukom.mondragon.edu\/mondragonfp\/wp-json\/wp\/v2\/posts\/8331\/revisions\/8345"}],"wp:featuredmedia":[{"embeddable":true,"href":"https:\/\/mukom.mondragon.edu\/mondragonfp\/wp-json\/"}],"wp:attachment":[{"href":"https:\/\/mukom.mondragon.edu\/mondragonfp\/wp-json\/wp\/v2\/media?parent=8331"}],"wp:term":[{"taxonomy":"category","embeddable":true,"href":"https:\/\/mukom.mondragon.edu\/mondragonfp\/wp-json\/wp\/v2\/categories?post=8331"},{"taxonomy":"post_tag","embeddable":true,"href":"https:\/\/mukom.mondragon.edu\/mondragonfp\/wp-json\/wp\/v2\/tags?post=8331"}],"curies":[{"name":"wp","href":"https:\/\/api.w.org\/{rel}","templated":true}]}}