{"id":8350,"date":"2025-03-19T08:00:24","date_gmt":"2025-03-19T07:00:24","guid":{"rendered":"https:\/\/mukom.mondragon.edu\/mondragonfp\/?p=8350"},"modified":"2025-03-18T10:42:49","modified_gmt":"2025-03-18T09:42:49","slug":"un-acercamiento-a-los-perfiles-profesionales-de-formacion-profesional-de-fagor-ederlan","status":"publish","type":"post","link":"https:\/\/mukom.mondragon.edu\/mondragonfp\/es\/2025\/03\/19\/un-acercamiento-a-los-perfiles-profesionales-de-formacion-profesional-de-fagor-ederlan\/","title":{"rendered":"Un acercamiento a los Perfiles profesionales de Formaci\u00f3n profesional de Fagor EDERLAN"},"content":{"rendered":"<p id=\"tw-target-text\" class=\"tw-data-text tw-text-large tw-ta\" dir=\"ltr\" data-placeholder=\"Traducci\u00f3n\" aria-label=\"Texto traducido: El 11 de marzo, Be\u00f1at Orobenga. Contamos con el responsable de proyectos empresariales de Aluminio Baja Presi\u00f3n de Fagor EDERLAN y con Rakel Belategi, director de Formaci\u00f3n de la empresa en la Escuela Polit\u00e9cnica Superior de Mondrag\u00f3n (mgep) con los alumnos de 1\u00ba de Formaci\u00f3n Profesional.\n\nComenzaron a presentar a Fagor Ederla y su vinculaci\u00f3n con la Formaci\u00f3n Profesional, tom\u00f3 la palabra Be\u00f1at y explic\u00f3 su trayectoria profesional, pues tambi\u00e9n estudi\u00f3 un ciclo superior de Formaci\u00f3n Profesional, programando la producci\u00f3n en fabricaci\u00f3n mec\u00e1nica. En su caso, tras estudiar la carrera de Ingenier\u00eda. Logr\u00f3 conectar con los estudiantes de inmediato porque utiliz\u00f3 ejemplos de las diversas especialidades que all\u00ed se encontraban.\u00a0 A continuaci\u00f3n, Be\u00f1at explic\u00f3 el proceso de producci\u00f3n, a partir de varios v\u00eddeos.\" data-ved=\"2ahUKEwj-mf7yqJOMAxW_SKQEHQP1LAgQ3ewLegQICxAV\"><span class=\"Y2IQFc\" lang=\"es\">El 11 de marzo, Be\u00f1at Orobengoa,\u00a0 responsable de proyectos empresariales de Aluminio Baja Presi\u00f3n de Fagor EDERLAN y con Rakel Belategi, responsable de Formaci\u00f3n en laempresa nos visitaron en la Escuela Polit\u00e9cnica Superior de Mondrag\u00f3n (<a href=\"https:\/\/www.mondragon.edu\/es\/ciclos-formativos-grado-superior\/oferta-formacion-profesional\">MGEP<\/a>)\u00a0 y dieron una ponencia al\u00a0 alumnado de 1\u00ba de diferentes <a href=\"https:\/\/www.mondragon.edu\/es\/ciclos-formativos-grado-superior\/oferta-formacion-profesional\">especialidades de Formaci\u00f3n Profesional.<\/a> Comenzaron por presentar\u00a0 Fagor Ederlan y su vinculaci\u00f3n con la Formaci\u00f3n Profesional. A continuaci\u00f3n Be\u00f1at tom\u00f3 la palabra y explic\u00f3 su trayectoria profesional, pues tambi\u00e9n estudi\u00f3 un ciclo superior de Formaci\u00f3n Profesional,<a href=\"https:\/\/www.mondragon.edu\/es\/formacion-profesional-programacion-produccion-fabricacion-mecanica\"> programaci\u00f3n de la producci\u00f3n en fabricaci\u00f3n mec\u00e1nica<\/a>. En su caso, tras estudiar la carrera de Ingenier\u00eda. Logr\u00f3 conectar con los estudiantes de inmediato porque utiliz\u00f3 ejemplos de las diversas especialidades que all\u00ed se encontraban.\u00a0 A continuaci\u00f3n, Be\u00f1at explic\u00f3 el proceso de producci\u00f3n en su negocio, apoy\u00e1ndose en varios v\u00eddeos.<\/span><\/p>\n<p><img loading=\"lazy\" class=\"aligncenter \" src=\"https:\/\/live.staticflickr.com\/65535\/54392415940_6a4d76f9fc_n.jpg\" width=\"688\" height=\"516\" \/><\/p>\n<p id=\"tw-target-text\" class=\"tw-data-text tw-text-large tw-ta\" dir=\"ltr\" data-placeholder=\"Traducci\u00f3n\" aria-label=\"Texto traducido: En este negocio elegido por Fagor Ederlan se fabrican piezas de aluminio denominadas portamingeta y se explican los procesos productivos. Es una pieza de seguridad que se monta en el autom\u00f3vil y su funci\u00f3n es asegurar la transmisi\u00f3n del autom\u00f3vil montando los distintos componentes en \u00e9l. Se explican los procesos de fusi\u00f3n, moldeado, tratamiento t\u00e9rmico, mecanizado y montaje.\n\nFinalmente, Rakel explic\u00f3 el Programa Futuros Profesionales de Fagor Ederlan.\n\nAlgunos grupos de estudiantes tambi\u00e9n se motivaron a visitar f\u00edsicamente la empresa ;-D\n\n\u00a1\u00a1Muchas gracias Be\u00f1at y Rakel!!\" data-ved=\"2ahUKEwj-mf7yqJOMAxW_SKQEHQP1LAgQ3ewLegQICxAV\"><span class=\"Y2IQFc\" lang=\"es\">En el negocio de<\/span>\u00a0Fagor Ederlan que presentaron se fabrican piezas de aluminio denominadas portamanguetas, y aprovecharon para\u00a0 explicar con detalle\u00a0 los procesos productivos. La portamangueta es una pieza de seguridad que se monta en el autom\u00f3vil y su funci\u00f3n es asegurar la transmisi\u00f3n del autom\u00f3vil, integrando en \u00e9l diferente componentes. Se describieron los procesos de fusi\u00f3n, moldeado, tratamiento t\u00e9rmico, mecanizado y montaje.<\/p>\n<p dir=\"ltr\" data-placeholder=\"Traducci\u00f3n\" aria-label=\"Texto traducido: En este negocio elegido por Fagor Ederlan se fabrican piezas de aluminio denominadas portamingeta y se explican los procesos productivos. Es una pieza de seguridad que se monta en el autom\u00f3vil y su funci\u00f3n es asegurar la transmisi\u00f3n del autom\u00f3vil montando los distintos componentes en \u00e9l. Se explican los procesos de fusi\u00f3n, moldeado, tratamiento t\u00e9rmico, mecanizado y montaje.\n\nFinalmente, Rakel explic\u00f3 el Programa Futuros Profesionales de Fagor Ederlan.\n\nAlgunos grupos de estudiantes tambi\u00e9n se motivaron a visitar f\u00edsicamente la empresa ;-D\n\n\u00a1\u00a1Muchas gracias Be\u00f1at y Rakel!!\" data-ved=\"2ahUKEwj-mf7yqJOMAxW_SKQEHQP1LAgQ3ewLegQICxAV\"><img loading=\"lazy\" class=\"aligncenter \" src=\"https:\/\/live.staticflickr.com\/65535\/54392043756_def974bac4_n.jpg\" width=\"659\" height=\"410\" \/><\/p>\n<p class=\"tw-data-text tw-text-large tw-ta\" dir=\"ltr\" data-placeholder=\"Traducci\u00f3n\" aria-label=\"Texto traducido: En este negocio elegido por Fagor Ederlan se fabrican piezas de aluminio denominadas portamingeta y se explican los procesos productivos. Es una pieza de seguridad que se monta en el autom\u00f3vil y su funci\u00f3n es asegurar la transmisi\u00f3n del autom\u00f3vil montando los distintos componentes en \u00e9l. Se explican los procesos de fusi\u00f3n, moldeado, tratamiento t\u00e9rmico, mecanizado y montaje.\n\nFinalmente, Rakel explic\u00f3 el Programa Futuros Profesionales de Fagor Ederlan.\n\nAlgunos grupos de estudiantes tambi\u00e9n se motivaron a visitar f\u00edsicamente la empresa ;-D\n\n\u00a1\u00a1Muchas gracias Be\u00f1at y Rakel!!\" data-ved=\"2ahUKEwj-mf7yqJOMAxW_SKQEHQP1LAgQ3ewLegQICxAV\">Finalmente, Rakel present\u00f3 el Programa Futuros Profesionales de Fagor Ederlan.<\/p>\n<p class=\"tw-data-text tw-text-large tw-ta\" dir=\"ltr\" data-placeholder=\"Traducci\u00f3n\" aria-label=\"Texto traducido: En este negocio elegido por Fagor Ederlan se fabrican piezas de aluminio denominadas portamingeta y se explican los procesos productivos. Es una pieza de seguridad que se monta en el autom\u00f3vil y su funci\u00f3n es asegurar la transmisi\u00f3n del autom\u00f3vil montando los distintos componentes en \u00e9l. Se explican los procesos de fusi\u00f3n, moldeado, tratamiento t\u00e9rmico, mecanizado y montaje.\n\nFinalmente, Rakel explic\u00f3 el Programa Futuros Profesionales de Fagor Ederlan.\n\nAlgunos grupos de estudiantes tambi\u00e9n se motivaron a visitar f\u00edsicamente la empresa ;-D\n\n\u00a1\u00a1Muchas gracias Be\u00f1at y Rakel!!\" data-ved=\"2ahUKEwj-mf7yqJOMAxW_SKQEHQP1LAgQ3ewLegQICxAV\">Parte del alumnado se interes\u00f3 por una potencial visita a f\u00e1brica, ;-D<\/p>\n<p class=\"tw-data-text tw-text-large tw-ta\" dir=\"ltr\" data-placeholder=\"Traducci\u00f3n\" aria-label=\"Texto traducido: En este negocio elegido por Fagor Ederlan se fabrican piezas de aluminio denominadas portamingeta y se explican los procesos productivos. Es una pieza de seguridad que se monta en el autom\u00f3vil y su funci\u00f3n es asegurar la transmisi\u00f3n del autom\u00f3vil montando los distintos componentes en \u00e9l. Se explican los procesos de fusi\u00f3n, moldeado, tratamiento t\u00e9rmico, mecanizado y montaje.\n\nFinalmente, Rakel explic\u00f3 el Programa Futuros Profesionales de Fagor Ederlan.\n\nAlgunos grupos de estudiantes tambi\u00e9n se motivaron a visitar f\u00edsicamente la empresa ;-D\n\n\u00a1\u00a1Muchas gracias Be\u00f1at y Rakel!!\" data-ved=\"2ahUKEwj-mf7yqJOMAxW_SKQEHQP1LAgQ3ewLegQICxAV\">\u00a1\u00a1Muchas gracias Be\u00f1at y Rakel!!<\/p>\n<p><img loading=\"lazy\" class=\"aligncenter \" src=\"https:\/\/live.staticflickr.com\/65535\/54391164307_cb4b200abc_n.jpg\" width=\"966\" height=\"694\" \/><\/p>\n","protected":false},"excerpt":{"rendered":"<p>El 11 de marzo, Be\u00f1at Orobengoa,\u00a0 responsable de proyectos empresariales de Aluminio Baja Presi\u00f3n de Fagor EDERLAN y con Rakel Belategi, responsable de Formaci\u00f3n en laempresa nos visitaron en la Escuela Polit\u00e9cnica Superior de Mondrag\u00f3n (MGEP)\u00a0 y dieron una ponencia al\u00a0 alumnado de 1\u00ba de diferentes especialidades de Formaci\u00f3n Profesional. Comenzaron por presentar\u00a0 Fagor Ederlan y su vinculaci\u00f3n con la Formaci\u00f3n Profesional. A continuaci\u00f3n Be\u00f1at tom\u00f3 la palabra y explic\u00f3 su trayectoria profesional, pues tambi\u00e9n estudi\u00f3 un ciclo superior de Formaci\u00f3n Profesional, programaci\u00f3n de la producci\u00f3n en fabricaci\u00f3n mec\u00e1nica. En su caso, tras estudiar la carrera de Ingenier\u00eda. Logr\u00f3 conectar con los estudiantes de inmediato porque utiliz\u00f3 ejemplos de las diversas especialidades que all\u00ed se encontraban.\u00a0 A continuaci\u00f3n, Be\u00f1at explic\u00f3 el proceso de producci\u00f3n en su negocio, apoy\u00e1ndose en varios v\u00eddeos. En el negocio de\u00a0Fagor Ederlan que presentaron se fabrican&#8230;<\/p>\n","protected":false},"author":289,"featured_media":-1,"comment_status":"open","ping_status":"open","sticky":false,"template":"","format":"standard","meta":[],"categories":[171,272,114],"tags":[],"amp_enabled":true,"_links":{"self":[{"href":"https:\/\/mukom.mondragon.edu\/mondragonfp\/wp-json\/wp\/v2\/posts\/8350"}],"collection":[{"href":"https:\/\/mukom.mondragon.edu\/mondragonfp\/wp-json\/wp\/v2\/posts"}],"about":[{"href":"https:\/\/mukom.mondragon.edu\/mondragonfp\/wp-json\/wp\/v2\/types\/post"}],"author":[{"embeddable":true,"href":"https:\/\/mukom.mondragon.edu\/mondragonfp\/wp-json\/wp\/v2\/users\/289"}],"replies":[{"embeddable":true,"href":"https:\/\/mukom.mondragon.edu\/mondragonfp\/wp-json\/wp\/v2\/comments?post=8350"}],"version-history":[{"count":2,"href":"https:\/\/mukom.mondragon.edu\/mondragonfp\/wp-json\/wp\/v2\/posts\/8350\/revisions"}],"predecessor-version":[{"id":8354,"href":"https:\/\/mukom.mondragon.edu\/mondragonfp\/wp-json\/wp\/v2\/posts\/8350\/revisions\/8354"}],"wp:featuredmedia":[{"embeddable":true,"href":"https:\/\/mukom.mondragon.edu\/mondragonfp\/wp-json\/"}],"wp:attachment":[{"href":"https:\/\/mukom.mondragon.edu\/mondragonfp\/wp-json\/wp\/v2\/media?parent=8350"}],"wp:term":[{"taxonomy":"category","embeddable":true,"href":"https:\/\/mukom.mondragon.edu\/mondragonfp\/wp-json\/wp\/v2\/categories?post=8350"},{"taxonomy":"post_tag","embeddable":true,"href":"https:\/\/mukom.mondragon.edu\/mondragonfp\/wp-json\/wp\/v2\/tags?post=8350"}],"curies":[{"name":"wp","href":"https:\/\/api.w.org\/{rel}","templated":true}]}}