{"id":8377,"date":"2025-03-31T08:00:04","date_gmt":"2025-03-31T06:00:04","guid":{"rendered":"https:\/\/mukom.mondragon.edu\/mondragonfp\/?p=8377"},"modified":"2025-03-20T18:18:14","modified_gmt":"2025-03-20T17:18:14","slug":"la-dual-general-de-ciclos-formativos-de-grado-superior-mgep-en-marcha","status":"publish","type":"post","link":"https:\/\/mukom.mondragon.edu\/mondragonfp\/es\/2025\/03\/31\/la-dual-general-de-ciclos-formativos-de-grado-superior-mgep-en-marcha\/","title":{"rendered":"La DUAL GENERAL de Ciclos formativos de grado superior MGEP en marcha."},"content":{"rendered":"<p id=\"tw-target-text\" class=\"tw-data-text tw-text-large tw-ta\" dir=\"ltr\" data-placeholder=\"Traducci\u00f3n\" data-ved=\"2ahUKEwiCxu3Qk5mMAxWmUqQEHadOCrgQ3ewLegQICRAV\" aria-label=\"Texto traducido: El pr\u00f3ximo 26 de marzo el 100% de los alumnos de 1\u00ba del Ciclo Educativo Superior de Instituto Polit\u00e9cnico de Mondrag\u00f3n (MGEP) finalizar\u00e1n el periodo DUAL GENERAL en la empresa. Acaban de incorporarse a la documentaci\u00f3n oficial y est\u00e1n entusiasmados de vivir la experiencia en la empresa, para muchos la primera experiencia pr\u00e1ctica en una empresa real. Aqu\u00ed est\u00e1n los grupos de estudiantes en la ceremonia de entrada que hemos organizado. Espere que les vaya muy bien y aprovechen al m\u00e1ximo esta incre\u00edble oportunidad para su formaci\u00f3n. \u00a1\u00a1Tambi\u00e9n es \u00fatil para que muchos obtengan la pr\u00f3xima optativa INTENSIVO DUAL!!\"><span class=\"Y2IQFc\" lang=\"es\">El pr\u00f3ximo 26 de marzo el 100% del alumnado de 1\u00ba curso de todos los t\u00edtulos del Cciclo\u00a0 Superior de de Formaci\u00f3n Profesional de Mondragon Goi Eskola Politeknikoa (MGEP) dar\u00e1n inicio al periodo de pr\u00e1cticas en empresa denominado DUAL GENERAL, un per\u00edodo de 16 d\u00edas en jornadas de 8 horas. <\/span><\/p>\n<p class=\"tw-data-text tw-text-large tw-ta\" dir=\"ltr\" data-placeholder=\"Traducci\u00f3n\" data-ved=\"2ahUKEwiCxu3Qk5mMAxWmUqQEHadOCrgQ3ewLegQICRAV\" aria-label=\"Texto traducido: El pr\u00f3ximo 26 de marzo el 100% de los alumnos de 1\u00ba del Ciclo Educativo Superior de Instituto Polit\u00e9cnico de Mondrag\u00f3n (MGEP) finalizar\u00e1n el periodo DUAL GENERAL en la empresa. Acaban de incorporarse a la documentaci\u00f3n oficial y est\u00e1n entusiasmados de vivir la experiencia en la empresa, para muchos la primera experiencia pr\u00e1ctica en una empresa real. Aqu\u00ed est\u00e1n los grupos de estudiantes en la ceremonia de entrada que hemos organizado. Espere que les vaya muy bien y aprovechen al m\u00e1ximo esta incre\u00edble oportunidad para su formaci\u00f3n. \u00a1\u00a1Tambi\u00e9n es \u00fatil para que muchos obtengan la pr\u00f3xima optativa INTENSIVO DUAL!!\"><span class=\"Y2IQFc\" lang=\"es\">Hemos organizado una sesi\u00f3n de presentaci\u00f3n y entrega de la documentaci\u00f3n, y ya se ven entusiasmado\/as con vivir la experiencia pr\u00e1ctica en la empresa, que para muchos es la primera experiencia pr\u00e1ctica en una empresa real. <\/span><\/p>\n<p class=\"tw-data-text tw-text-large tw-ta\" dir=\"ltr\" data-placeholder=\"Traducci\u00f3n\" data-ved=\"2ahUKEwiCxu3Qk5mMAxWmUqQEHadOCrgQ3ewLegQICRAV\" aria-label=\"Texto traducido: El pr\u00f3ximo 26 de marzo el 100% de los alumnos de 1\u00ba del Ciclo Educativo Superior de Instituto Polit\u00e9cnico de Mondrag\u00f3n (MGEP) finalizar\u00e1n el periodo DUAL GENERAL en la empresa. Acaban de incorporarse a la documentaci\u00f3n oficial y est\u00e1n entusiasmados de vivir la experiencia en la empresa, para muchos la primera experiencia pr\u00e1ctica en una empresa real. Aqu\u00ed est\u00e1n los grupos de estudiantes en la ceremonia de entrada que hemos organizado. Espere que les vaya muy bien y aprovechen al m\u00e1ximo esta incre\u00edble oportunidad para su formaci\u00f3n. \u00a1\u00a1Tambi\u00e9n es \u00fatil para que muchos obtengan la pr\u00f3xima optativa INTENSIVO DUAL!!\"><span class=\"Y2IQFc\" lang=\"es\">Mostramos algunas im\u00e1genes de diferentes\u00a0 grupos de estudiantes.. Esperamos que les vaya muy bien y aprovechen al m\u00e1ximo esta incre\u00edble oportunidad para su formaci\u00f3n. <\/span><\/p>\n<p class=\"tw-data-text tw-text-large tw-ta\" dir=\"ltr\" data-placeholder=\"Traducci\u00f3n\" data-ved=\"2ahUKEwiCxu3Qk5mMAxWmUqQEHadOCrgQ3ewLegQICRAV\" aria-label=\"Texto traducido: El pr\u00f3ximo 26 de marzo el 100% de los alumnos de 1\u00ba del Ciclo Educativo Superior de Instituto Polit\u00e9cnico de Mondrag\u00f3n (MGEP) finalizar\u00e1n el periodo DUAL GENERAL en la empresa. Acaban de incorporarse a la documentaci\u00f3n oficial y est\u00e1n entusiasmados de vivir la experiencia en la empresa, para muchos la primera experiencia pr\u00e1ctica en una empresa real. Aqu\u00ed est\u00e1n los grupos de estudiantes en la ceremonia de entrada que hemos organizado. Espere que les vaya muy bien y aprovechen al m\u00e1ximo esta incre\u00edble oportunidad para su formaci\u00f3n. \u00a1\u00a1Tambi\u00e9n es \u00fatil para que muchos obtengan la pr\u00f3xima optativa INTENSIVO DUAL!!\"><span class=\"Y2IQFc\" lang=\"es\">Tambi\u00e9n les ser\u00e1 de gran ayuda para que aseguren\u00a0 las pr\u00e1cticas de car\u00e1cter optativo como es la\u00a0 DUAL INTENSIVO, \u00e9sta ya de 1 a\u00f1o de duraci\u00f3n entre junio de 2025 y junio de 2026, mientras cursen\u00a0 el 2\u00ba curso.<\/span><\/p>\n<p><img loading=\"lazy\" class=\"aligncenter \" src=\"https:\/\/live.staticflickr.com\/65535\/54397391380_0dae280e25_n.jpg\" width=\"599\" height=\"449\" \/><\/p>\n<p><img loading=\"lazy\" class=\"aligncenter\" src=\"https:\/\/live.staticflickr.com\/65535\/54397205124_6e9ffd8054_n.jpg\" width=\"577\" height=\"404\" \/><\/p>\n<p><img loading=\"lazy\" class=\"aligncenter \" src=\"https:\/\/live.staticflickr.com\/65535\/54397028606_d4a00986c6_n.jpg\" width=\"475\" height=\"346\" \/><\/p>\n<p>&nbsp;<\/p>\n<p><img loading=\"lazy\" class=\"aligncenter \" src=\"https:\/\/live.staticflickr.com\/65535\/54396138117_5dbde7d56f_n.jpg\" width=\"572\" height=\"242\" \/><\/p>\n","protected":false},"excerpt":{"rendered":"<p>El pr\u00f3ximo 26 de marzo el 100% del alumnado de 1\u00ba curso de todos los t\u00edtulos del Cciclo\u00a0 Superior de de Formaci\u00f3n Profesional de Mondragon Goi Eskola Politeknikoa (MGEP) dar\u00e1n inicio al periodo de pr\u00e1cticas en empresa denominado DUAL GENERAL, un per\u00edodo de 16 d\u00edas en jornadas de 8 horas. Hemos organizado una sesi\u00f3n de presentaci\u00f3n y entrega de la documentaci\u00f3n, y ya se ven entusiasmado\/as con vivir la experiencia pr\u00e1ctica en la empresa, que para muchos es la primera experiencia pr\u00e1ctica en una empresa real. Mostramos algunas im\u00e1genes de diferentes\u00a0 grupos de estudiantes.. Esperamos que les vaya muy bien y aprovechen al m\u00e1ximo esta incre\u00edble oportunidad para su formaci\u00f3n. Tambi\u00e9n les ser\u00e1 de gran ayuda para que aseguren\u00a0 las pr\u00e1cticas de car\u00e1cter optativo como es la\u00a0 DUAL INTENSIVO, \u00e9sta ya de 1 a\u00f1o de duraci\u00f3n entre junio de 2025&#8230;<\/p>\n","protected":false},"author":289,"featured_media":-1,"comment_status":"open","ping_status":"open","sticky":false,"template":"","format":"standard","meta":[],"categories":[171,300],"tags":[],"amp_enabled":true,"_links":{"self":[{"href":"https:\/\/mukom.mondragon.edu\/mondragonfp\/wp-json\/wp\/v2\/posts\/8377"}],"collection":[{"href":"https:\/\/mukom.mondragon.edu\/mondragonfp\/wp-json\/wp\/v2\/posts"}],"about":[{"href":"https:\/\/mukom.mondragon.edu\/mondragonfp\/wp-json\/wp\/v2\/types\/post"}],"author":[{"embeddable":true,"href":"https:\/\/mukom.mondragon.edu\/mondragonfp\/wp-json\/wp\/v2\/users\/289"}],"replies":[{"embeddable":true,"href":"https:\/\/mukom.mondragon.edu\/mondragonfp\/wp-json\/wp\/v2\/comments?post=8377"}],"version-history":[{"count":3,"href":"https:\/\/mukom.mondragon.edu\/mondragonfp\/wp-json\/wp\/v2\/posts\/8377\/revisions"}],"predecessor-version":[{"id":8381,"href":"https:\/\/mukom.mondragon.edu\/mondragonfp\/wp-json\/wp\/v2\/posts\/8377\/revisions\/8381"}],"wp:featuredmedia":[{"embeddable":true,"href":"https:\/\/mukom.mondragon.edu\/mondragonfp\/wp-json\/"}],"wp:attachment":[{"href":"https:\/\/mukom.mondragon.edu\/mondragonfp\/wp-json\/wp\/v2\/media?parent=8377"}],"wp:term":[{"taxonomy":"category","embeddable":true,"href":"https:\/\/mukom.mondragon.edu\/mondragonfp\/wp-json\/wp\/v2\/categories?post=8377"},{"taxonomy":"post_tag","embeddable":true,"href":"https:\/\/mukom.mondragon.edu\/mondragonfp\/wp-json\/wp\/v2\/tags?post=8377"}],"curies":[{"name":"wp","href":"https:\/\/api.w.org\/{rel}","templated":true}]}}