{"id":8419,"date":"2025-05-14T09:00:14","date_gmt":"2025-05-14T07:00:14","guid":{"rendered":"https:\/\/mukom.mondragon.edu\/mondragonfp\/?p=8419"},"modified":"2025-05-13T14:42:16","modified_gmt":"2025-05-13T12:42:16","slug":"mecatronica-industrial-la-realizacion-del-dual-en-la-empresa-me-ha-permitido-aumentar-mi-autonomia-y-responsabilidad-he-ganado-mucha-confianza-en-mi-mismo","status":"publish","type":"post","link":"https:\/\/mukom.mondragon.edu\/mondragonfp\/es\/2025\/05\/14\/mecatronica-industrial-la-realizacion-del-dual-en-la-empresa-me-ha-permitido-aumentar-mi-autonomia-y-responsabilidad-he-ganado-mucha-confianza-en-mi-mismo\/","title":{"rendered":"Mecatr\u00f3nica industrial: \u201cla realizaci\u00f3n del DUAL en la empresa me ha permitido aumentar mi autonom\u00eda y responsabilidad. He ganado mucha confianza en m\u00ed mismo\u201d"},"content":{"rendered":"<p><em>Os traemos el testimonio de <strong>Ander Zubia Aguayo<\/strong>, alumno de <a href=\"https:\/\/www.mondragon.edu\/es\/ciclos-formativos-grado-superior\/oferta-formacion-profesional\">Mondragon Goi Eskola Politeknikoa<\/a> (MGEP). Ander est\u00e1 completando el <a href=\"https:\/\/www.mondragon.edu\/es\/formacion-profesional-mecatronica-industrial\">ciclo superior de mecatr\u00f3nica industrial<\/a> en formato DUAL avanzado.<\/em><\/p>\n<p><strong> <a href=\"https:\/\/live.staticflickr.com\/65535\/54516652319_fe0da2e023_w.jpg\"><img loading=\"lazy\" class=\"aligncenter size-medium\" src=\"https:\/\/live.staticflickr.com\/65535\/54516652319_fe0da2e023_w.jpg\" width=\"300\" height=\"400\" \/><\/a><\/strong><\/p>\n<p><strong>\u00bfPor qu\u00e9 decidiste cursar este Ciclo Formativo de Grado Superior? \u00bfY por qu\u00e9 en MGEP?<\/strong><\/p>\n<p>He optado por la mecatr\u00f3nica industrial porque siempre me he interesado por la tecnolog\u00eda y el funcionamiento de los mecanismos. Desde peque\u00f1o me ha gustado entender c\u00f3mo se mueven las cosas, c\u00f3mo se arreglan, y c\u00f3mo pueden funcionar autom\u00e1ticamente. La mecatr\u00f3nica me parece toda una disciplina, porque combina mec\u00e1nica, electr\u00f3nica y programaci\u00f3n, y creo que el futuro de la industria actual va por ese camino.<\/p>\n<p>He elegido MGEP, por un lado, porque es un centro de referencia en el \u00e1rea t\u00e9cnica y por otro, por su estrecha relaci\u00f3n con las empresas. Ofrece m\u00faltiples posibilidades de pr\u00e1cticas y, adem\u00e1s, los modernos equipamientos del centro y el alto nivel de formaci\u00f3n del profesorado me han parecido muy atractivos. Por otro lado, mucha gente que tengo alrededor ha aprendido all\u00ed y me han dicho que han tenido una experiencia muy buena.<\/p>\n<p>&nbsp;<\/p>\n<p><strong>\u00bfQu\u00e9 ha supuesto para ti estudiar el ciclo? \u00bfQu\u00e9 aspectos del ciclo destacar\u00edas?<\/strong><\/p>\n<p>Realizar el ciclo ha supuesto para m\u00ed una experiencia muy enriquecedora, tanto a nivel profesional como personal. Por un lado, he adquirido un gran conocimiento en las \u00e1reas t\u00e9cnicas de mecatr\u00f3nica: automatizaci\u00f3n, programaci\u00f3n del PLC, neum\u00e1tica, mec\u00e1nica, etc. Por otro lado, he mejorado los h\u00e1bitos de trabajo, he tomado conciencia de la importancia de trabajar en equipo y he aprendido a asumir la responsabilidad.<\/p>\n<p>Este ciclo, adem\u00e1s, me ha ayudado a prepararme para el mundo laboral; no es s\u00f3lo teor\u00eda, sino que tambi\u00e9n se trabaja la capacidad de afrontar los problemas del d\u00eda a d\u00eda. Las pr\u00e1cticas me han permitido vivir situaciones reales y aplicar lo aprendido.<\/p>\n<p>Destacar\u00eda la practicidad como una de las mayores fortalezas de este ciclo. El trabajo en talleres y proyectos es muy valioso, combinado con la teor\u00eda. Tambi\u00e9n es destacable el apoyo y orientaci\u00f3n del profesorado, siempre dispuesto a resolver dudas y facilitar el camino.<\/p>\n<p>Tambi\u00e9n destacar\u00eda el trabajo en equipo y por proyectos. Por eso he mejorado mucho la comunicaci\u00f3n y la organizaci\u00f3n. De cara al futuro, creo que este ciclo me ha dado una base s\u00f3lida y abre muchos caminos.<\/p>\n<p>&nbsp;<\/p>\n<p><strong>\u00bfCu\u00e1ndo se inici\u00f3 en el DUAL? \u00bfCu\u00e1ndo acabas? \u00bfCu\u00e1l ha sido su instructor en la Empresa? \u00bfCu\u00e1l es el \u00e1mbito o sector laboral de la Empresa? \u00bfY cu\u00e1l es el departamento de trabajo de su DUAL?<\/strong><\/p>\n<p>Comenc\u00e9 el DUAL en septiembre de 2024 y lo terminar\u00e9 en junio de 2025. El instructor de mi empresa ha sido Patxi Kortabarria. He tenido una estrecha relaci\u00f3n con \u00e9l desde el principio y siempre ha estado dispuesto a resolver dudas, asesorarle y ayudarle a integrarse en la din\u00e1mica del trabajo. Estoy muy agradecido con su paciencia y disponibilidad.<\/p>\n<p>La empresa se dedica al Tratamiento T\u00e9rmico y trabaja para conseguir tratamientos y alta dureza a los materiales. Mi departamento de trabajo es el de mantenimiento y automatizaci\u00f3n. En ella participo en la programaci\u00f3n de m\u00e1quinas autom\u00e1ticas, en el diagn\u00f3stico y reparaci\u00f3n de aver\u00edas, as\u00ed como en el mantenimiento preventivo.<\/p>\n<p><a href=\"https:\/\/live.staticflickr.com\/65535\/54516652324_f9e8445da6_w.jpg\"><img loading=\"lazy\" class=\"aligncenter size-medium\" src=\"https:\/\/live.staticflickr.com\/65535\/54516652324_f9e8445da6_w.jpg\" width=\"300\" height=\"400\" \/><\/a><\/p>\n<p><strong>\u00bfQu\u00e9 tipo de trabajos realiza en el DUAL? \u00bfEst\u00e1n alineados con lo aprendido? \u00bfQu\u00e9 tipo de responsabilidades has tenido que asumir?<\/strong><\/p>\n<p>En el DUAL hago muchos trabajos pr\u00e1cticos, sobre todo mantenimiento de m\u00e1quinas e instalaciones el\u00e9ctricas. Colaboro en la configuraci\u00f3n de equipos automatizados, en el montaje de circuitos neum\u00e1ticos e hidr\u00e1ulicos y en ocasiones en el diagn\u00f3stico de una aver\u00eda junto con el equipo t\u00e9cnico. Adem\u00e1s, he aprendido a utilizar documentaci\u00f3n t\u00e9cnica, leer esquemas, comprender planos y planificar procesos de trabajo. Ocasionalmente tambi\u00e9n ha participado en las tareas de montaje del taller, as\u00ed como en la realizaci\u00f3n de pruebas y en los procesos de puesta en marcha.<\/p>\n<p>S\u00ed, lo aprendido en el ciclo est\u00e1 totalmente alineado con lo que hago en la empresa. Me permite poner en pr\u00e1ctica las teor\u00edas aprendidas en el ciclo, lo que me ha permitido asimilar mucho mejor los conceptos. Los sistemas de automatizaci\u00f3n, por ejemplo, los trabaj\u00e1bamos en clase, y ahora, estos conocimientos los estoy aplicando a m\u00e1quinas reales. Eso motiva mucho y me hace sentir que realmente estoy aprendiendo. Al principio estaba en fase de estudio, pero poco a poco he ido asumiendo mayores responsabilidades. Ahora, por ejemplo, puedo llevar a cabo el plan de mantenimiento de una m\u00e1quina. Tambi\u00e9n es parte de mi responsabilidad cumplir los protocolos de prevenci\u00f3n de riesgos laborales y tener una buena gesti\u00f3n del tiempo. Algunas tareas las realizo junto a otros compa\u00f1eros de trabajo, pero cada vez tengo m\u00e1s autonom\u00eda.<\/p>\n<p>&nbsp;<\/p>\n<p><strong>\u00bfQu\u00e9 le ha ofrecido realizar el DUAL en la empresa tanto desde el punto de vista personal como t\u00e9cnico-profesional?<\/strong><\/p>\n<p>Desde el punto de vista personal, la realizaci\u00f3n del DUAL en la empresa me ha permitido aumentar mi autonom\u00eda y responsabilidad. Dedicarme por primera vez a un entorno profesional me ha ayudado a ganar seguridad y madurez. Adem\u00e1s, he adquirido h\u00e1bitos de trabajo s\u00f3lidos: puntualidad, organizaci\u00f3n, iniciativa y capacidad de trabajo en equipo. El contacto profesional con otros trabajadores tambi\u00e9n me ha ense\u00f1ado mucho en comunicaci\u00f3n y actitud. Dir\u00eda que he ganado mucha confianza en m\u00ed mismo.<\/p>\n<p>Desde el \u00e1mbito t\u00e9cnico-profesional, trabajar con m\u00e1quinas y sistemas reales ha sido muy enriquecedor. He tenido la oportunidad de aplicar directamente lo aprendido en el ciclo: He adquirido experiencia en el mantenimiento y he entendido mejor el funcionamiento de las m\u00e1quinas complejas. Adem\u00e1s, tener que hacer frente a problemas reales me ha obligado a poner en pr\u00e1ctica las capacidades t\u00e9cnicas, lo que me ha hecho crecer mucho.<\/p>\n<p>&nbsp;<\/p>\n<p><strong>\u00bfVolver\u00edas a hacer el DUAL?<\/strong><\/p>\n<p>S\u00ed, sin duda volver\u00eda a hacer el DUAL. Ha sido una experiencia muy valiosa para m\u00ed, tanto desde el punto de vista del aprendizaje como de la manera de acercarme al mundo laboral. Dedicarme a la empresa me ha permitido poner en pr\u00e1ctica lo aprendido, afrontar los retos del d\u00eda a d\u00eda y conocer la din\u00e1mica de trabajo real.<\/p>\n<p>Adem\u00e1s, tengo mucho m\u00e1s claro ahora lo que me gusta, en qu\u00e9 \u00e1reas me siento c\u00f3modo, y lo que quiero mejorar. Eso me ha ayudado a definir el camino de cara al futuro. Ya se sabe que no siempre es f\u00e1cil: el ritmo es intenso, las responsabilidades son altas, y a veces tambi\u00e9n se percibe tensi\u00f3n o presi\u00f3n. Pero eso tambi\u00e9n ayuda a crecer. Por eso dir\u00eda, s\u00ed, volver\u00eda a hacer el DUAL, sin ning\u00fan g\u00e9nero de dudas.<\/p>\n<p>&nbsp;<\/p>\n<p><strong>\u00bfCu\u00e1les son sus planes de futuro?<\/strong><\/p>\n<p>En el futuro, mi objetivo es seguir trabajando en el campo de la mecatr\u00f3nica e ir adquiriendo experiencia. Me gustar\u00eda consolidarme en el sector tecnol\u00f3gico, y si es posible, ejercer de t\u00e9cnico de automatizaci\u00f3n o de mantenimiento.<\/p>\n<p><a href=\"https:\/\/live.staticflickr.com\/65535\/54516816665_30e1f1bdf4_w.jpg\"><img loading=\"lazy\" class=\"aligncenter size-medium\" src=\"https:\/\/live.staticflickr.com\/65535\/54516816665_30e1f1bdf4_w.jpg\" width=\"300\" height=\"400\" \/><\/a><\/p>\n<p>&nbsp;<\/p>\n","protected":false},"excerpt":{"rendered":"<p>Os traemos el testimonio de Ander Zubia Aguayo, alumno de Mondragon Goi Eskola Politeknikoa (MGEP). Ander est\u00e1 completando el ciclo superior de mecatr\u00f3nica industrial en formato DUAL avanzado. \u00bfPor qu\u00e9 decidiste cursar este Ciclo Formativo de Grado Superior? \u00bfY por qu\u00e9 en MGEP? He optado por la mecatr\u00f3nica industrial porque siempre me he interesado por la tecnolog\u00eda y el funcionamiento de los mecanismos. Desde peque\u00f1o me ha gustado entender c\u00f3mo se mueven las cosas, c\u00f3mo se arreglan, y c\u00f3mo pueden funcionar autom\u00e1ticamente. La mecatr\u00f3nica me parece toda una disciplina, porque combina mec\u00e1nica, electr\u00f3nica y programaci\u00f3n, y creo que el futuro de la industria actual va por ese camino. He elegido MGEP, por un lado, porque es un centro de referencia en el \u00e1rea t\u00e9cnica y por otro, por su estrecha relaci\u00f3n con las empresas. Ofrece m\u00faltiples posibilidades de pr\u00e1cticas y,&#8230;<\/p>\n","protected":false},"author":289,"featured_media":-1,"comment_status":"open","ping_status":"open","sticky":false,"template":"","format":"standard","meta":[],"categories":[223,300,114],"tags":[],"amp_enabled":true,"_links":{"self":[{"href":"https:\/\/mukom.mondragon.edu\/mondragonfp\/wp-json\/wp\/v2\/posts\/8419"}],"collection":[{"href":"https:\/\/mukom.mondragon.edu\/mondragonfp\/wp-json\/wp\/v2\/posts"}],"about":[{"href":"https:\/\/mukom.mondragon.edu\/mondragonfp\/wp-json\/wp\/v2\/types\/post"}],"author":[{"embeddable":true,"href":"https:\/\/mukom.mondragon.edu\/mondragonfp\/wp-json\/wp\/v2\/users\/289"}],"replies":[{"embeddable":true,"href":"https:\/\/mukom.mondragon.edu\/mondragonfp\/wp-json\/wp\/v2\/comments?post=8419"}],"version-history":[{"count":3,"href":"https:\/\/mukom.mondragon.edu\/mondragonfp\/wp-json\/wp\/v2\/posts\/8419\/revisions"}],"predecessor-version":[{"id":8422,"href":"https:\/\/mukom.mondragon.edu\/mondragonfp\/wp-json\/wp\/v2\/posts\/8419\/revisions\/8422"}],"wp:featuredmedia":[{"embeddable":true,"href":"https:\/\/mukom.mondragon.edu\/mondragonfp\/wp-json\/"}],"wp:attachment":[{"href":"https:\/\/mukom.mondragon.edu\/mondragonfp\/wp-json\/wp\/v2\/media?parent=8419"}],"wp:term":[{"taxonomy":"category","embeddable":true,"href":"https:\/\/mukom.mondragon.edu\/mondragonfp\/wp-json\/wp\/v2\/categories?post=8419"},{"taxonomy":"post_tag","embeddable":true,"href":"https:\/\/mukom.mondragon.edu\/mondragonfp\/wp-json\/wp\/v2\/tags?post=8419"}],"curies":[{"name":"wp","href":"https:\/\/api.w.org\/{rel}","templated":true}]}}