{"id":8432,"date":"2025-05-15T10:00:15","date_gmt":"2025-05-15T08:00:15","guid":{"rendered":"https:\/\/mukom.mondragon.edu\/mondragonfp\/?p=8432"},"modified":"2025-05-14T09:19:11","modified_gmt":"2025-05-14T07:19:11","slug":"mgep-erasmus-practicas-dual-en-sofia-bulgaria","status":"publish","type":"post","link":"https:\/\/mukom.mondragon.edu\/mondragonfp\/es\/2025\/05\/15\/mgep-erasmus-practicas-dual-en-sofia-bulgaria\/","title":{"rendered":"MGEP\/Erasmus+: Pr\u00e1cticas DUAL en Sofia (Bulgaria)"},"content":{"rendered":"<p><em><strong>Aimar \u00c1lvarez Jim\u00e9nez<\/strong>, dentro del programa Erasmus+, est\u00e1 realizando el periodo de pr\u00e1cticas DUAL en Sof\u00eda (Bulgaria). Aimar completar\u00e1 este a\u00f1o el <a href=\"https:\/\/www.mondragon.edu\/es\/formacion-profesional-mecatronica-industrial\">ciclo superior de Mecatr\u00f3nica Industrial <\/a>en <a href=\"https:\/\/www.mondragon.edu\/es\/ciclos-formativos-grado-superior\/oferta-formacion-profesional\">Mondragon Goi Eskola Politeknikoa<\/a> (MGEP) permaneciendo los tres \u00faltimos meses en el extranjero.<\/em><\/p>\n<p><a href=\"https:\/\/live.staticflickr.com\/65535\/54518606168_c72696e686_w.jpg\"><img loading=\"lazy\" class=\"aligncenter size-medium\" src=\"https:\/\/live.staticflickr.com\/65535\/54518606168_c72696e686_w.jpg\" width=\"300\" height=\"400\" \/><\/a><\/p>\n<p><strong>\u00bfPor qu\u00e9\/cu\u00e1ndo\/c\u00f3mo te decidiste por este ciclo? <\/strong><\/p>\n<p>Siempre me ha gustado el mundo de la m\u00e1quina y la tecnolog\u00eda. Primero estudi\u00e9 Rob\u00f3tica y a partir de entonces decid\u00ed hacer Mecatr\u00f3nica Industrial.<\/p>\n<p>&nbsp;<\/p>\n<p><strong>\u00bfPor qu\u00e9 MGEP?<\/strong><\/p>\n<p>Eleg\u00ed MGEP porque mi entorno me dio muy buenas opiniones y, adem\u00e1s, por la importancia que dan a la formaci\u00f3n pr\u00e1ctica.<\/p>\n<p>&nbsp;<\/p>\n<p><strong>C\u00f3mo ha sido la experiencia acad\u00e9mica:<\/strong><\/p>\n<p>Al principio fue dif\u00edcil, pero nos han ense\u00f1ado a trabajar mucho la organizaci\u00f3n y el trabajo en equipo. He tenido muy buen ambiente con profesores y compa\u00f1eros.<\/p>\n<p>&nbsp;<\/p>\n<p><strong>Metodolog\u00eda y retos ETHAZI:<\/strong><\/p>\n<p>Mediante la metodolog\u00eda ETHAZI hemos realizado proyectos reales como el dise\u00f1o y montaje de peque\u00f1as m\u00e1quinas. La experiencia ha sido muy positiva.<\/p>\n<p>&nbsp;<\/p>\n<p><strong>La motivaci\u00f3n que te ha llevado al programa Erasmus+:<\/strong><\/p>\n<p>Durante el segundo curso se me despertaron las ganas de ir al extranjero para vivir nuevas experiencias y mejorar el ingl\u00e9s.<\/p>\n<p>&nbsp;<\/p>\n<p><strong>\u00bfCu\u00e1ndo te fuiste? \u00bfAd\u00f3nde? \u00bfD\u00f3nde vives?<\/strong><\/p>\n<p>En marzo de 2025 viaj\u00e9 a Sof\u00eda, Bulgaria. Vivo en un piso compartido con otros estudiantes de Erasmus.<\/p>\n<p>&nbsp;<\/p>\n<p><strong>\u00bfEn qu\u00e9 empresa trabajas? \u00bfC\u00f3mo es la empresa?<\/strong><\/p>\n<p>Estoy en la empresa Centiloon. Recuperan y fabrican componentes de electr\u00f3nica y mecatr\u00f3nica.<\/p>\n<p>&nbsp;<\/p>\n<p><strong>\u00bfQu\u00e9 trabajo realizas?<\/strong><\/p>\n<p>Desmontamos mulas electr\u00f3nicas, recuperamos materiales, cortamos cables, pelamos y soldamos.<\/p>\n<p>&nbsp;<\/p>\n<p><strong>\u00bfQu\u00e9 te ha aportado el trabajo realizado en la la empresa?:<\/strong><\/p>\n<p>He aprendido que la calidad y la precisi\u00f3n son muy importantes, y que hay que afrontar los problemas en equipo.<\/p>\n<p>&nbsp;<\/p>\n<p><strong>\u00bfTe ha servido lo aprendido durante el ciclo?<\/strong><\/p>\n<p>S\u00ed, utilizo t\u00e9cnicas de trabajo y soldadura con herramientas electr\u00f3nicas aprendidas en el ciclo.<\/p>\n<p><strong>\u00a0<\/strong><\/p>\n<p><strong>\u00bfQu\u00e9 te ha aportado la experiencia Ersamus+?<\/strong><\/p>\n<p>He aprendido a tener mucha autonom\u00eda, responsabilidad y valor de la multiculturalidad.<\/p>\n<p>&nbsp;<\/p>\n<p><strong>\u00bfCu\u00e1les son los planes para el futuro?:<\/strong><\/p>\n<p>Me gustar\u00eda entrar en el mundo laboral cuando acaben las pr\u00e1cticas, pero tampoco descarto seguir estudiando.<\/p>\n<p>&nbsp;<\/p>\n<p><strong>Una an\u00e9cdota:<\/strong><\/p>\n<p>La primera semana nos pidieron que rompi\u00e9ramos una m\u00e1quina. \u00a1Yo tratando de tener cuidado, pero aqu\u00ed &#8216;romper&#8217; lo entienden literalmente! Nos re\u00edmos mucho.<\/p>\n<p>&nbsp;<\/p>\n<p><strong>Una curiosidad:<\/strong><\/p>\n<p>En Bulgaria, empiezan el d\u00eda con caf\u00e9 y pastel de <em>banitsa<\/em>, \u00a1y yo tambi\u00e9n me he acostumbrado a esta costumbre!<\/p>\n","protected":false},"excerpt":{"rendered":"<p>Aimar \u00c1lvarez Jim\u00e9nez, dentro del programa Erasmus+, est\u00e1 realizando el periodo de pr\u00e1cticas DUAL en Sof\u00eda (Bulgaria). Aimar completar\u00e1 este a\u00f1o el ciclo superior de Mecatr\u00f3nica Industrial en Mondragon Goi Eskola Politeknikoa (MGEP) permaneciendo los tres \u00faltimos meses en el extranjero. \u00bfPor qu\u00e9\/cu\u00e1ndo\/c\u00f3mo te decidiste por este ciclo? Siempre me ha gustado el mundo de la m\u00e1quina y la tecnolog\u00eda. Primero estudi\u00e9 Rob\u00f3tica y a partir de entonces decid\u00ed hacer Mecatr\u00f3nica Industrial. &nbsp; \u00bfPor qu\u00e9 MGEP? Eleg\u00ed MGEP porque mi entorno me dio muy buenas opiniones y, adem\u00e1s, por la importancia que dan a la formaci\u00f3n pr\u00e1ctica. &nbsp; C\u00f3mo ha sido la experiencia acad\u00e9mica: Al principio fue dif\u00edcil, pero nos han ense\u00f1ado a trabajar mucho la organizaci\u00f3n y el trabajo en equipo. He tenido muy buen ambiente con profesores y compa\u00f1eros. &nbsp; Metodolog\u00eda y retos ETHAZI: Mediante la metodolog\u00eda ETHAZI&#8230;<\/p>\n","protected":false},"author":289,"featured_media":-1,"comment_status":"open","ping_status":"open","sticky":false,"template":"","format":"standard","meta":[],"categories":[270,223,300,114,97],"tags":[],"amp_enabled":true,"_links":{"self":[{"href":"https:\/\/mukom.mondragon.edu\/mondragonfp\/wp-json\/wp\/v2\/posts\/8432"}],"collection":[{"href":"https:\/\/mukom.mondragon.edu\/mondragonfp\/wp-json\/wp\/v2\/posts"}],"about":[{"href":"https:\/\/mukom.mondragon.edu\/mondragonfp\/wp-json\/wp\/v2\/types\/post"}],"author":[{"embeddable":true,"href":"https:\/\/mukom.mondragon.edu\/mondragonfp\/wp-json\/wp\/v2\/users\/289"}],"replies":[{"embeddable":true,"href":"https:\/\/mukom.mondragon.edu\/mondragonfp\/wp-json\/wp\/v2\/comments?post=8432"}],"version-history":[{"count":3,"href":"https:\/\/mukom.mondragon.edu\/mondragonfp\/wp-json\/wp\/v2\/posts\/8432\/revisions"}],"predecessor-version":[{"id":8435,"href":"https:\/\/mukom.mondragon.edu\/mondragonfp\/wp-json\/wp\/v2\/posts\/8432\/revisions\/8435"}],"wp:featuredmedia":[{"embeddable":true,"href":"https:\/\/mukom.mondragon.edu\/mondragonfp\/wp-json\/"}],"wp:attachment":[{"href":"https:\/\/mukom.mondragon.edu\/mondragonfp\/wp-json\/wp\/v2\/media?parent=8432"}],"wp:term":[{"taxonomy":"category","embeddable":true,"href":"https:\/\/mukom.mondragon.edu\/mondragonfp\/wp-json\/wp\/v2\/categories?post=8432"},{"taxonomy":"post_tag","embeddable":true,"href":"https:\/\/mukom.mondragon.edu\/mondragonfp\/wp-json\/wp\/v2\/tags?post=8432"}],"curies":[{"name":"wp","href":"https:\/\/api.w.org\/{rel}","templated":true}]}}