{"id":8438,"date":"2025-05-16T09:00:56","date_gmt":"2025-05-16T07:00:56","guid":{"rendered":"https:\/\/mukom.mondragon.edu\/mondragonfp\/?p=8438"},"modified":"2025-05-14T10:07:42","modified_gmt":"2025-05-14T08:07:42","slug":"mgep-erasmus-practicas-dual-en-varsovia-polonia","status":"publish","type":"post","link":"https:\/\/mukom.mondragon.edu\/mondragonfp\/es\/2025\/05\/16\/mgep-erasmus-practicas-dual-en-varsovia-polonia\/","title":{"rendered":"MGEP\/erasmus+: Pr\u00e1cticas DUAL en Varsovia (Polonia)"},"content":{"rendered":"<p><em><strong>Imanol Iturralde<\/strong>, dentro del programa Erasmus+, est\u00e1 realizando el periodo de pr\u00e1cticas DUAL en Varsovia (Polonia). Imanol completar\u00e1 este a\u00f1o el ciclo superior de<a href=\"https:\/\/www.mondragon.edu\/es\/formacion-profesional-automatizacion-robotica-industrial\"> Automatizaci\u00f3n y Rob\u00f3tica Industrial<\/a> en <a href=\"https:\/\/www.mondragon.edu\/es\/ciclos-formativos-grado-superior\/oferta-formacion-profesional\">Mondragon Goi Eskola Politeknikoa<\/a> (MGEP) permaneciendo los tres \u00faltimos meses en el extranjero.<\/em><\/p>\n<p><a href=\"https:\/\/live.staticflickr.com\/65535\/54518661103_38ba4fd091_w.jpg\"><img loading=\"lazy\" class=\"aligncenter size-medium\" src=\"https:\/\/live.staticflickr.com\/65535\/54518661103_38ba4fd091_w.jpg\" width=\"400\" height=\"300\" \/><\/a><\/p>\n<p><strong>\u00bfPor qu\u00e9\/cu\u00e1ndo\/c\u00f3mo decidir realizar el ciclo?<\/strong><\/p>\n<p>Un primo ya hab\u00eda hecho este ciclo y como no ten\u00eda claro qu\u00e9 hacer, me pareci\u00f3 que era una buena opci\u00f3n hacerlo. Por un lado, porque me gustaba la electricidad y tambi\u00e9n porque me abr\u00eda muchas puertas.<\/p>\n<p>&nbsp;<\/p>\n<p><strong>\u00bfPor qu\u00e9 MGEP?<\/strong><\/p>\n<p>Por un lado, fue por el amplio abanico de posibilidades que ten\u00eda, ya que ten\u00eda varios ciclos diferentes. Por otro, por la posibilidad de poder seguir all\u00ed con la opci\u00f3n de cursar otros grados o ingenier\u00edas.<\/p>\n<p>&nbsp;<\/p>\n<p><strong>\u00bfC\u00f3mo te arreglabas con los estudios? \u00bfQu\u00e9 tal la relaci\u00f3n con los profesores? \u00bfQu\u00e9 tal el ambiente entre los alumnos? <\/strong><\/p>\n<p>En el caso de mi ciclo puedo decir que he tenido mucha suerte. Por un lado, porque me han tocado alumnos competentes, y esto ha hecho que suba el nivel de estudios. La relaci\u00f3n entre los alumnos tambi\u00e9n ha sido muy buena, desde el principio nos hemos hecho muy amigos y creamos una buena relaci\u00f3n de trabajo.<\/p>\n<p>&nbsp;<\/p>\n<p><strong>En este ciclo formativo trabaj\u00e1is con la metodolog\u00eda activa ETHAZI, es decir, trabajando las funciones profesionales haciendo retos en trabajo de equipo. \u00bfC\u00f3mo valorar\u00eda esta experiencia?<\/strong><\/p>\n<p>Me parece que plantear retos es muy adecuado porque hemos podido aplicar las cosas aprendidas a los proyectos. En mi caso valorar\u00eda positivamente esta experiencia. Precisamente en estos tiempos de reto he podido desarrollarme tanto profesional como socialmente.<\/p>\n<p>&nbsp;<\/p>\n<p><strong>\u00bfCu\u00e1ndo, c\u00f3mo la posibilidad de realizar ERASMUS+? \u00bfCu\u00e1l fue la motivaci\u00f3n?<\/strong><\/p>\n<p>El objetivo principal era salir de la zona de confort para aprender otras formas de trabajar y hacer nuevas relaciones. Creo que estas experiencias son muy adecuadas para el crecimiento profesional.<\/p>\n<p>&nbsp;<\/p>\n<p><strong>\u00bfCu\u00e1ndo te fuiste? \u00bfAd\u00f3nde? \u00bfD\u00f3nde vives?<\/strong><\/p>\n<p>He ido a Varsovia en erasmus, es decir, a Polonia. Hab\u00eda varios lugares para ir a Europa del Este, pero el m\u00e1s interesante se me hizo Varsovia.<\/p>\n<p>&nbsp;<\/p>\n<p><strong>\u00bfEn qu\u00e9 empresa? \u00bfC\u00f3mo es esa empresa?<\/strong><\/p>\n<p>Esta empresa es peque\u00f1a, s\u00f3lo tiene 4 trabajadores. Sin embargo, los proyectos que realizan son grandes y esto requiere mucho trabajo. La actividad principal de la empresa es la confecci\u00f3n de diferentes m\u00e1quinas, tanto para la elaboraci\u00f3n y programaci\u00f3n de ensamblados y cableados. Esto me ha hecho poder aprender de muchos aspectos.<\/p>\n<p>&nbsp;<\/p>\n<p><strong>\u00bfQu\u00e9 trabajos haces? \u00bfQu\u00e9 importancia tiene su trabajo o el trabajo dentro de la empresa?<\/strong><\/p>\n<p>Como he mencionado, se trata de una empresa peque\u00f1a, por lo que el trabajo que realiza cada una de ellas tiene un gran impacto. Esta implicaci\u00f3n hace sentir al trabajador que tambi\u00e9n es parte de la empresa, haciendo el trabajo m\u00e1s a gusto.<\/p>\n<p>&nbsp;<\/p>\n<p><strong>\u00bfQu\u00e9 ha aprendido en la empresa?<\/strong><\/p>\n<p>la importancia de la calidad, la autorresponsabilidad en el \u00e9xito de la empresa, que en la empresa nadie est\u00e1 solo: mi trabajo influye en los trabajos de los dem\u00e1s&#8230; o que no tienes apoyo de un profesor la empresa cuando tienes problemas. He aprendido que el trabajo en equipo es muy importante, para sacar adelante el proyecto y mantenerlo todo dentro de un orden. Tambi\u00e9n he aprendido que hacer bien lo que hace cada uno tiene mucha importancia, los problemas afectan a todos.<\/p>\n<p>&nbsp;<\/p>\n<p><strong>En tu trabajo en esta empresa, \u00bfTe ha servido lo aprendido en el ciclo?<\/strong><\/p>\n<p>Como el trabajo principal realizado est\u00e1 relacionado con la electricidad, puedo decir que he hecho un trabajo relacionado con el ciclo. Sin embargo, he hecho m\u00e1s cosas de las que hab\u00eda aprendido.<\/p>\n<p>&nbsp;<\/p>\n<p><strong>\u00bfQu\u00e9 aportaciones te ha hecho tu experiencia actual como persona? \u00bfEn tu proceso de formaci\u00f3n? \u00bfPara tu futuro trabajo?<\/strong><\/p>\n<p>Las aportaciones han sido varias. Precisamente porque ha sido el primer contacto con el trabajo real. Me ha ense\u00f1ado realmente lo que es el trabajo y la responsabilidad que esto implica.<\/p>\n<p>&nbsp;<\/p>\n<p><strong>Con el punto de vista que tienes ahora, \u00bfqu\u00e9 planes tienes para el futuro? \u00bfAprender m\u00e1s? \u00bfInmersi\u00f3n laboral?<\/strong><\/p>\n<p>En los pr\u00f3ximos a\u00f1os he pensado en hacer una ingenier\u00eda. Porque lo que he estado estudiando me ha gustado mucho y quiero adentrarme m\u00e1s en el mundo de la electricidad.<\/p>\n","protected":false},"excerpt":{"rendered":"<p>Imanol Iturralde, dentro del programa Erasmus+, est\u00e1 realizando el periodo de pr\u00e1cticas DUAL en Varsovia (Polonia). Imanol completar\u00e1 este a\u00f1o el ciclo superior de Automatizaci\u00f3n y Rob\u00f3tica Industrial en Mondragon Goi Eskola Politeknikoa (MGEP) permaneciendo los tres \u00faltimos meses en el extranjero. \u00bfPor qu\u00e9\/cu\u00e1ndo\/c\u00f3mo decidir realizar el ciclo? Un primo ya hab\u00eda hecho este ciclo y como no ten\u00eda claro qu\u00e9 hacer, me pareci\u00f3 que era una buena opci\u00f3n hacerlo. Por un lado, porque me gustaba la electricidad y tambi\u00e9n porque me abr\u00eda muchas puertas. &nbsp; \u00bfPor qu\u00e9 MGEP? Por un lado, fue por el amplio abanico de posibilidades que ten\u00eda, ya que ten\u00eda varios ciclos diferentes. Por otro, por la posibilidad de poder seguir all\u00ed con la opci\u00f3n de cursar otros grados o ingenier\u00edas. &nbsp; \u00bfC\u00f3mo te arreglabas con los estudios? \u00bfQu\u00e9 tal la relaci\u00f3n con los profesores? \u00bfQu\u00e9&#8230;<\/p>\n","protected":false},"author":289,"featured_media":-1,"comment_status":"open","ping_status":"open","sticky":false,"template":"","format":"standard","meta":[],"categories":[213,270,300,114,97],"tags":[],"amp_enabled":true,"_links":{"self":[{"href":"https:\/\/mukom.mondragon.edu\/mondragonfp\/wp-json\/wp\/v2\/posts\/8438"}],"collection":[{"href":"https:\/\/mukom.mondragon.edu\/mondragonfp\/wp-json\/wp\/v2\/posts"}],"about":[{"href":"https:\/\/mukom.mondragon.edu\/mondragonfp\/wp-json\/wp\/v2\/types\/post"}],"author":[{"embeddable":true,"href":"https:\/\/mukom.mondragon.edu\/mondragonfp\/wp-json\/wp\/v2\/users\/289"}],"replies":[{"embeddable":true,"href":"https:\/\/mukom.mondragon.edu\/mondragonfp\/wp-json\/wp\/v2\/comments?post=8438"}],"version-history":[{"count":2,"href":"https:\/\/mukom.mondragon.edu\/mondragonfp\/wp-json\/wp\/v2\/posts\/8438\/revisions"}],"predecessor-version":[{"id":8440,"href":"https:\/\/mukom.mondragon.edu\/mondragonfp\/wp-json\/wp\/v2\/posts\/8438\/revisions\/8440"}],"wp:featuredmedia":[{"embeddable":true,"href":"https:\/\/mukom.mondragon.edu\/mondragonfp\/wp-json\/"}],"wp:attachment":[{"href":"https:\/\/mukom.mondragon.edu\/mondragonfp\/wp-json\/wp\/v2\/media?parent=8438"}],"wp:term":[{"taxonomy":"category","embeddable":true,"href":"https:\/\/mukom.mondragon.edu\/mondragonfp\/wp-json\/wp\/v2\/categories?post=8438"},{"taxonomy":"post_tag","embeddable":true,"href":"https:\/\/mukom.mondragon.edu\/mondragonfp\/wp-json\/wp\/v2\/tags?post=8438"}],"curies":[{"name":"wp","href":"https:\/\/api.w.org\/{rel}","templated":true}]}}