{"id":8449,"date":"2025-05-21T09:00:05","date_gmt":"2025-05-21T07:00:05","guid":{"rendered":"https:\/\/mukom.mondragon.edu\/mondragonfp\/?p=8449"},"modified":"2025-05-14T11:17:24","modified_gmt":"2025-05-14T09:17:24","slug":"mgep-erasmus-practicas-dual-en-sofia-bulgaria-2","status":"publish","type":"post","link":"https:\/\/mukom.mondragon.edu\/mondragonfp\/es\/2025\/05\/21\/mgep-erasmus-practicas-dual-en-sofia-bulgaria-2\/","title":{"rendered":"MGEP\/Erasmus+: Pr\u00e1cticas DUAL en Sof\u00eda (Bulgaria)"},"content":{"rendered":"<p><strong><em>Julen Uraga<\/em><\/strong><em>, dentro del programa Erasmus+, est\u00e1 realizando el periodo de pr\u00e1cticas DUAL en Sof\u00eda (Bulgaria). Julen completar\u00e1 este a\u00f1o el ciclo superior de <a href=\"https:\/\/www.mondragon.edu\/es\/formacion-profesional-programacion-produccion-fabricacion-mecanica\">Programaci\u00f3n de la Producci\u00f3n en fabricaci\u00f3n Mec\u00e1nica<\/a> en <a href=\"https:\/\/www.mondragon.edu\/es\/ciclos-formativos-grado-superior\/oferta-formacion-profesional\">Mondragon Goi Eskola Politeknikoa<\/a> (MGEP) permaneciendo los tres \u00faltimos meses en el extranjero.<\/em><\/p>\n<p><a href=\"https:\/\/live.staticflickr.com\/65535\/54518679744_82c1c0c11b_w.jpg\"><img loading=\"lazy\" class=\"aligncenter size-medium\" src=\"https:\/\/live.staticflickr.com\/65535\/54518679744_82c1c0c11b_w.jpg\" width=\"300\" height=\"400\" \/><\/a><\/p>\n<p><strong>\u00bfPor qu\u00e9 elegiste el ciclo? <\/strong><\/p>\n<p>Despu\u00e9s de terminar la ESO, me empez\u00f3 a interesar el mecanizado y el control num\u00e9rico y decid\u00ed hacer un ciclo superior porque combina la parte pr\u00e1ctica y t\u00e9cnica. Tambi\u00e9n es verdad que es un ciclo con una buena entrada en el mundo laboral y salarios bastante buenos.<\/p>\n<p>&nbsp;<\/p>\n<p><strong>\u00bfPor qu\u00e9 MGEP? <\/strong><\/p>\n<p>Eleg\u00ed MGEP por sus instalaciones modernas y por la estrecha relaci\u00f3n que tiene con las empresas de la cooperativa Mondrag\u00f3n. Esto ofrece m\u00e1s oportunidades para hacer pr\u00e1cticas y acceder directamente al mundo laboral.<\/p>\n<p>&nbsp;<\/p>\n<p><strong>\u00bfC\u00f3mo han ido los estudios? \u00bfC\u00f3mo ha sido la relaci\u00f3n con los compa\u00f1eros de aula y el grupo docente?<\/strong><\/p>\n<p>Al principio, me costaba organizarme, pero con el tiempo me he ido acostumbrando y mejorando mi forma de estudiar. Me llevo bien con los profesores, siempre me ayudan cuando lo necesito. Tambi\u00e9n hay buen ambiente entre los compa\u00f1eros; trabajamos bien en grupo y hemos formado un buen grupo de amigos.<\/p>\n<p>&nbsp;<\/p>\n<p><strong>\u00bfQu\u00e9 dir\u00edas en relaci\u00f3n a la metodolog\u00eda ETHAZI?<\/strong><\/p>\n<p>A trav\u00e9s de la metodolog\u00eda ETHAZI trabajamos retos reales en grupo, por ejemplo: dise\u00f1ar el proceso de producci\u00f3n de una pieza, con programaci\u00f3n CAM y configuraci\u00f3n de una m\u00e1quina CNC. Esto nos acerca a situaciones reales de trabajo. La experiencia est\u00e1 siendo muy positiva.<\/p>\n<p>&nbsp;<\/p>\n<p><strong>\u00bfPor qu\u00e9 decidiste participar en el programa Erasmus+?<\/strong><\/p>\n<p>Al comienzo del curso, cuando nos hablaron del programa ERASMUS+, me despert\u00f3 el inter\u00e9s. Una experiencia en el extranjero permite conocer otra cultura y obtener otra perspectiva en el \u00e1mbito laboral como as\u00ed est\u00e1 siendo, hice una buena elecci\u00f3n.<\/p>\n<p>&nbsp;<\/p>\n<p><strong>\u00bfD\u00f3nde estas trabajando? \u00bfd\u00f3nde vives?<\/strong><\/p>\n<p>Me fui en marzo de 2025 a Sof\u00eda, Bulgaria. He hecho pr\u00e1cticas en una empresa de mecanizado que se llama BRAIKO, y ha sido una experiencia muy enriquecedora. He convivido con otros estudiantes, y la vida diaria ha sido muy interesante y diferente, tambi\u00e9n he podido visitar otros pa\u00edses cercanos a Bulgaria.<\/p>\n<p><strong>\u00bfCu\u00e1l es la empresa en la que trabajas?<\/strong><\/p>\n<p>Hice mis pr\u00e1cticas en Braiko Ltd, una empresa que se dedica a fabricar piezas met\u00e1licas, como soportes y perfiles, principalmente para la construcci\u00f3n. Est\u00e1 ubicada en Sof\u00eda, Bulgaria.<\/p>\n<p>&nbsp;<\/p>\n<p><strong>\u00bfQu\u00e9 trabajos estas realizando en la empresa?<\/strong><\/p>\n<p>Me encargo de medir las piezas para asegurarme de que est\u00e9n bien hechas y tambi\u00e9n ayudo a mantener las m\u00e1quinas en buen estado. Tambi\u00e9n de cambiar piezas, en producci\u00f3n alimentando la m\u00e1quina, quitando rebabas\u2026<\/p>\n<p>&nbsp;<\/p>\n<p><strong>\u00bfQu\u00e9 te ha aportado esta experiencia laboral?<\/strong><\/p>\n<p>Responsabilidad personal: Mi trabajo importaba mucho, ya que, si algo sal\u00eda mal, afectaba a todo el equipo. Trabajo en equipo: Aunque cada uno ten\u00eda su tarea, depend\u00edamos de los dem\u00e1s para que todo saliera bien.<\/p>\n<p>&nbsp;<\/p>\n<p><strong>\u00bfTe ha servido de algo lo aprendido durante el ciclo?<\/strong><\/p>\n<p>Us\u00e9 lo que aprend\u00ed sobre el uso de m\u00e1quinas y c\u00f3mo controlar la calidad de las piezas.<\/p>\n<p>&nbsp;<\/p>\n<p><strong>\u00bfQu\u00e9 te ha aportado como persona esta experiencia?<\/strong><\/p>\n<p>Como persona he aprendido a ser m\u00e1s responsable y a trabajar mejor con los dem\u00e1s en mi formaci\u00f3n lo que aprend\u00ed en clase lo he podido usar de verdad en un trabajo real para mi futuro laboral ahora tengo experiencia pr\u00e1ctica que me ayudar\u00e1 mucho cuando busque trabajo.<\/p>\n<p>&nbsp;<\/p>\n<p><strong>\u00bfQu\u00e9 planes tienes de cara al futuro?<\/strong><\/p>\n<p>Mi idea es buscar un trabajo donde pueda seguir aprendiendo.<\/p>\n<p><a href=\"https:\/\/live.staticflickr.com\/65535\/54518495906_88a9b18997_w.jpg\"><img loading=\"lazy\" class=\"aligncenter size-medium\" src=\"https:\/\/live.staticflickr.com\/65535\/54518495906_88a9b18997_w.jpg\" width=\"300\" height=\"400\" \/><\/a><\/p>\n","protected":false},"excerpt":{"rendered":"<p>Julen Uraga, dentro del programa Erasmus+, est\u00e1 realizando el periodo de pr\u00e1cticas DUAL en Sof\u00eda (Bulgaria). Julen completar\u00e1 este a\u00f1o el ciclo superior de Programaci\u00f3n de la Producci\u00f3n en fabricaci\u00f3n Mec\u00e1nica en Mondragon Goi Eskola Politeknikoa (MGEP) permaneciendo los tres \u00faltimos meses en el extranjero. \u00bfPor qu\u00e9 elegiste el ciclo? Despu\u00e9s de terminar la ESO, me empez\u00f3 a interesar el mecanizado y el control num\u00e9rico y decid\u00ed hacer un ciclo superior porque combina la parte pr\u00e1ctica y t\u00e9cnica. Tambi\u00e9n es verdad que es un ciclo con una buena entrada en el mundo laboral y salarios bastante buenos. &nbsp; \u00bfPor qu\u00e9 MGEP? Eleg\u00ed MGEP por sus instalaciones modernas y por la estrecha relaci\u00f3n que tiene con las empresas de la cooperativa Mondrag\u00f3n. Esto ofrece m\u00e1s oportunidades para hacer pr\u00e1cticas y acceder directamente al mundo laboral. &nbsp; \u00bfC\u00f3mo han ido los estudios?&#8230;<\/p>\n","protected":false},"author":289,"featured_media":-1,"comment_status":"open","ping_status":"open","sticky":false,"template":"","format":"standard","meta":[],"categories":[270,300,114,169,97],"tags":[],"amp_enabled":true,"_links":{"self":[{"href":"https:\/\/mukom.mondragon.edu\/mondragonfp\/wp-json\/wp\/v2\/posts\/8449"}],"collection":[{"href":"https:\/\/mukom.mondragon.edu\/mondragonfp\/wp-json\/wp\/v2\/posts"}],"about":[{"href":"https:\/\/mukom.mondragon.edu\/mondragonfp\/wp-json\/wp\/v2\/types\/post"}],"author":[{"embeddable":true,"href":"https:\/\/mukom.mondragon.edu\/mondragonfp\/wp-json\/wp\/v2\/users\/289"}],"replies":[{"embeddable":true,"href":"https:\/\/mukom.mondragon.edu\/mondragonfp\/wp-json\/wp\/v2\/comments?post=8449"}],"version-history":[{"count":3,"href":"https:\/\/mukom.mondragon.edu\/mondragonfp\/wp-json\/wp\/v2\/posts\/8449\/revisions"}],"predecessor-version":[{"id":8504,"href":"https:\/\/mukom.mondragon.edu\/mondragonfp\/wp-json\/wp\/v2\/posts\/8449\/revisions\/8504"}],"wp:featuredmedia":[{"embeddable":true,"href":"https:\/\/mukom.mondragon.edu\/mondragonfp\/wp-json\/"}],"wp:attachment":[{"href":"https:\/\/mukom.mondragon.edu\/mondragonfp\/wp-json\/wp\/v2\/media?parent=8449"}],"wp:term":[{"taxonomy":"category","embeddable":true,"href":"https:\/\/mukom.mondragon.edu\/mondragonfp\/wp-json\/wp\/v2\/categories?post=8449"},{"taxonomy":"post_tag","embeddable":true,"href":"https:\/\/mukom.mondragon.edu\/mondragonfp\/wp-json\/wp\/v2\/tags?post=8449"}],"curies":[{"name":"wp","href":"https:\/\/api.w.org\/{rel}","templated":true}]}}