{"id":8454,"date":"2025-05-20T09:00:37","date_gmt":"2025-05-20T07:00:37","guid":{"rendered":"https:\/\/mukom.mondragon.edu\/mondragonfp\/?p=8454"},"modified":"2025-05-14T16:01:30","modified_gmt":"2025-05-14T14:01:30","slug":"mgep-dentro-del-foro-datorren-gazteria","status":"publish","type":"post","link":"https:\/\/mukom.mondragon.edu\/mondragonfp\/es\/2025\/05\/20\/mgep-dentro-del-foro-datorren-gazteria\/","title":{"rendered":"MGEP Dentro del foro &#8220;Datorren Gazteria&#8221;"},"content":{"rendered":"<p><strong>Gorka Aretxaga<\/strong>, Coordinador de <a href=\"https:\/\/www.mondragon.edu\/es\/ciclos-formativos-grado-superior\/oferta-formacion-profesional\">Ciclos Superiores de Formaci\u00f3n Profesional<\/a> de <a href=\"https:\/\/www.mondragon.edu\/es\/inicio\">Mondragon Goi Eskola Politeknikoa<\/a> (MGEP) particip\u00f3 el pasado lunes en el foro &#8220;Datorren Gazteria&#8221;, que tuvo lugar en la escuela de Armer\u00eda de Eibar.<\/p>\n<p><a href=\"https:\/\/live.staticflickr.com\/65535\/54517978892_7034c71933_w.jpg\"><img loading=\"lazy\" class=\"aligncenter size-medium\" src=\"https:\/\/live.staticflickr.com\/65535\/54517978892_7034c71933_w.jpg\" width=\"400\" height=\"225\" \/><\/a><\/p>\n<p>En este foro se habl\u00f3 de la <strong>capacidad profesional de los j\u00f3venes<\/strong> en la actualidad y de las <strong>necesidades que tienen las empresas<\/strong>, abordando el problema desde el \u00e1mbito de la Formaci\u00f3n Profesional.<\/p>\n<p>En l\u00ednea con cambio de paradigma que se est\u00e1 produciendo en los \u00faltimos a\u00f1os, se destac\u00f3 que <strong>las empresas buscan actitudes adecuadas por parte de los j\u00f3venes adem\u00e1s de los conocimientos acad\u00e9micos<\/strong>: &#8220;Los j\u00f3venes deber\u00edan aportar valor a\u00f1adido a la empresa, con una actitud adecuada e implicaci\u00f3n hacia el trabajo&#8221;<\/p>\n<p>Tambi\u00e9n se habl\u00f3 sobre la escasa presencia que tienen en la actualidad de las mujeres en los ciclos formativos. No obstante, <strong>se alabaron las altas capacidades de las pocas mujeres que eligen formarse en los ciclos de formaci\u00f3n profesional<\/strong> y que &#8220;<em>suelen tener las cosas muy claras<\/em>&#8220;.<\/p>\n<p><a href=\"https:\/\/live.staticflickr.com\/65535\/54519100318_ac86fc855f_w.jpg\"><img loading=\"lazy\" class=\"aligncenter size-medium\" src=\"https:\/\/live.staticflickr.com\/65535\/54519100318_ac86fc855f_w.jpg\" width=\"400\" height=\"225\" \/><\/a><\/p>\n<p>Noticia publicada en &#8220;Noticias de Gipuzkoa&#8221;:<\/p>\n<p><a href=\"https:\/\/www.noticiasdegipuzkoa.eus\/sociedad\/2025\/05\/12\/empresas-piden-expedientes-academicos-quieren-9623332.html\">https:\/\/www.noticiasdegipuzkoa.eus\/sociedad\/2025\/05\/12\/empresas-piden-expedientes-academicos-quieren-9623332.html<\/a><\/p>\n","protected":false},"excerpt":{"rendered":"<p>Gorka Aretxaga, Coordinador de Ciclos Superiores de Formaci\u00f3n Profesional de Mondragon Goi Eskola Politeknikoa (MGEP) particip\u00f3 el pasado lunes en el foro &#8220;Datorren Gazteria&#8221;, que tuvo lugar en la escuela de Armer\u00eda de Eibar. En este foro se habl\u00f3 de la capacidad profesional de los j\u00f3venes en la actualidad y de las necesidades que tienen las empresas, abordando el problema desde el \u00e1mbito de la Formaci\u00f3n Profesional. En l\u00ednea con cambio de paradigma que se est\u00e1 produciendo en los \u00faltimos a\u00f1os, se destac\u00f3 que las empresas buscan actitudes adecuadas por parte de los j\u00f3venes adem\u00e1s de los conocimientos acad\u00e9micos: &#8220;Los j\u00f3venes deber\u00edan aportar valor a\u00f1adido a la empresa, con una actitud adecuada e implicaci\u00f3n hacia el trabajo&#8221; Tambi\u00e9n se habl\u00f3 sobre la escasa presencia que tienen en la actualidad de las mujeres en los ciclos formativos. No obstante, se alabaron&#8230;<\/p>\n","protected":false},"author":289,"featured_media":-1,"comment_status":"open","ping_status":"open","sticky":false,"template":"","format":"standard","meta":[],"categories":[171,114,97],"tags":[],"amp_enabled":true,"_links":{"self":[{"href":"https:\/\/mukom.mondragon.edu\/mondragonfp\/wp-json\/wp\/v2\/posts\/8454"}],"collection":[{"href":"https:\/\/mukom.mondragon.edu\/mondragonfp\/wp-json\/wp\/v2\/posts"}],"about":[{"href":"https:\/\/mukom.mondragon.edu\/mondragonfp\/wp-json\/wp\/v2\/types\/post"}],"author":[{"embeddable":true,"href":"https:\/\/mukom.mondragon.edu\/mondragonfp\/wp-json\/wp\/v2\/users\/289"}],"replies":[{"embeddable":true,"href":"https:\/\/mukom.mondragon.edu\/mondragonfp\/wp-json\/wp\/v2\/comments?post=8454"}],"version-history":[{"count":3,"href":"https:\/\/mukom.mondragon.edu\/mondragonfp\/wp-json\/wp\/v2\/posts\/8454\/revisions"}],"predecessor-version":[{"id":8460,"href":"https:\/\/mukom.mondragon.edu\/mondragonfp\/wp-json\/wp\/v2\/posts\/8454\/revisions\/8460"}],"wp:featuredmedia":[{"embeddable":true,"href":"https:\/\/mukom.mondragon.edu\/mondragonfp\/wp-json\/"}],"wp:attachment":[{"href":"https:\/\/mukom.mondragon.edu\/mondragonfp\/wp-json\/wp\/v2\/media?parent=8454"}],"wp:term":[{"taxonomy":"category","embeddable":true,"href":"https:\/\/mukom.mondragon.edu\/mondragonfp\/wp-json\/wp\/v2\/categories?post=8454"},{"taxonomy":"post_tag","embeddable":true,"href":"https:\/\/mukom.mondragon.edu\/mondragonfp\/wp-json\/wp\/v2\/tags?post=8454"}],"curies":[{"name":"wp","href":"https:\/\/api.w.org\/{rel}","templated":true}]}}