{"id":8567,"date":"2025-11-07T12:24:38","date_gmt":"2025-11-07T11:24:38","guid":{"rendered":"https:\/\/mukom.mondragon.edu\/mondragonfp\/?p=8567"},"modified":"2025-11-07T12:24:38","modified_gmt":"2025-11-07T11:24:38","slug":"mgep-amazon-una-alianza-estrategica-para-el-programa-de-formacion-profesional-dual-del-futuro","status":"publish","type":"post","link":"https:\/\/mukom.mondragon.edu\/mondragonfp\/es\/2025\/11\/07\/mgep-amazon-una-alianza-estrategica-para-el-programa-de-formacion-profesional-dual-del-futuro\/","title":{"rendered":"MGEP-Amazon: Una alianza estrat\u00e9gica para el programa de Formaci\u00f3n Profesional DUAL del futuro"},"content":{"rendered":"<p>El pasado jueves, 30 de octubre, se celebr\u00f3 el acto de entrega de diplomas para la primera promoci\u00f3n del <em><a href=\"https:\/\/aprendeconamazon.es\/\">programa aprendices<\/a> <\/em>de Amazon en las instalaciones de <a href=\"https:\/\/www.mondragon.edu\/es\/ciclos-formativos-grado-superior\/oferta-formacion-profesional\">Mondragon Goi Eskola Politeknikoa<\/a> (MGEP). Esta primera promoci\u00f3n ha sido impulsada por la viceconsejer\u00eda de formaci\u00f3n profesional del gobierno vasco y <strong>los 20 alumnos<\/strong> que han participado y superado el curso <strong>han obtenido una titulaci\u00f3n del ciclo superior de <a href=\"https:\/\/www.mondragon.edu\/es\/formacion-profesional-mecatronica-industrial\">mecatr\u00f3nica industrial<\/a><\/strong>, siguiendo un <strong>programa DUAL<\/strong> y flexible, adaptado a las necesidades formativa del programa aprendices de Amazon.<\/p>\n<p><img loading=\"lazy\" class=\" aligncenter\" src=\"https:\/\/live.staticflickr.com\/65535\/54907672069_dc55a3e721_c.jpg\" width=\"601\" height=\"401\" \/><\/p>\n<p>Los 20 alumnos pertenecen a distintas \u00e1reas geogr\u00e1ficas de Espa\u00f1a y han tenido un rango de edades comprendido entre los 20 y 50 a\u00f1os. Esta variedad ha permitido realizar un programa inclusivo y diverso, lo que ha favorecido los procesos de aprendizaje y la experiencia positiva del alumnado. La promoci\u00f3n, se ha adaptado muy bien a los exigentes requisitos del <strong>programa acad\u00e9mico<\/strong> (que se ha desarrollado en MGEP) y de la <strong>parte pr\u00e1ctica<\/strong> (que se ha desarrollado en diferentes centros de log\u00edstica de Amazon en el territorio nacional), obteniendo muy buenas calificaciones, destac\u00e1ndose como una de las mejores promociones que ha pasado por Mondragon Goi Eskola Politeknikoa.<\/p>\n<p><img loading=\"lazy\" class=\" aligncenter\" src=\"https:\/\/live.staticflickr.com\/65535\/54907734610_db4ea08c45_c.jpg\" width=\"600\" height=\"407\" \/><\/p>\n<p>El programa aprendices de Amazon ha sido un primer hito y referente para la formaci\u00f3n profesional y a d\u00eda de hoy otras 2 promociones (130 alumnos y alumnas) cursan sus estudios <strong>en modalidad DUAL<\/strong> en Mondragon Goi Eskola Politeknikoa.<\/p>\n<p><img loading=\"lazy\" class=\"aligncenter\" src=\"https:\/\/live.staticflickr.com\/65535\/54907672074_6fd38bbee4_c.jpg\" width=\"596\" height=\"419\" \/><\/p>\n<p>Queremos felicitar a todas las personas que han participado en esta primera promoci\u00f3n de este programa pionero: Al grupo docente, al grupo de tutores de los centros log\u00edsticos, diferentes coordinadores del ciclo, y en especial, a los 20 alumnos de la promoci\u00f3n que han obtenido la titulaci\u00f3n.<\/p>\n<p><img loading=\"lazy\" class=\" aligncenter\" src=\"https:\/\/live.staticflickr.com\/65535\/54907734620_a10a187f83_c.jpg\" width=\"649\" height=\"324\" \/><\/p>\n","protected":false},"excerpt":{"rendered":"<p>El pasado jueves, 30 de octubre, se celebr\u00f3 el acto de entrega de diplomas para la primera promoci\u00f3n del programa aprendices de Amazon en las instalaciones de Mondragon Goi Eskola Politeknikoa (MGEP). Esta primera promoci\u00f3n ha sido impulsada por la viceconsejer\u00eda de formaci\u00f3n profesional del gobierno vasco y los 20 alumnos que han participado y superado el curso han obtenido una titulaci\u00f3n del ciclo superior de mecatr\u00f3nica industrial, siguiendo un programa DUAL y flexible, adaptado a las necesidades formativa del programa aprendices de Amazon. Los 20 alumnos pertenecen a distintas \u00e1reas geogr\u00e1ficas de Espa\u00f1a y han tenido un rango de edades comprendido entre los 20 y 50 a\u00f1os. Esta variedad ha permitido realizar un programa inclusivo y diverso, lo que ha favorecido los procesos de aprendizaje y la experiencia positiva del alumnado. La promoci\u00f3n, se ha adaptado muy bien a&#8230;<\/p>\n","protected":false},"author":289,"featured_media":-1,"comment_status":"open","ping_status":"open","sticky":false,"template":"","format":"standard","meta":[],"categories":[314,223,114,97],"tags":[],"amp_enabled":true,"_links":{"self":[{"href":"https:\/\/mukom.mondragon.edu\/mondragonfp\/wp-json\/wp\/v2\/posts\/8567"}],"collection":[{"href":"https:\/\/mukom.mondragon.edu\/mondragonfp\/wp-json\/wp\/v2\/posts"}],"about":[{"href":"https:\/\/mukom.mondragon.edu\/mondragonfp\/wp-json\/wp\/v2\/types\/post"}],"author":[{"embeddable":true,"href":"https:\/\/mukom.mondragon.edu\/mondragonfp\/wp-json\/wp\/v2\/users\/289"}],"replies":[{"embeddable":true,"href":"https:\/\/mukom.mondragon.edu\/mondragonfp\/wp-json\/wp\/v2\/comments?post=8567"}],"version-history":[{"count":8,"href":"https:\/\/mukom.mondragon.edu\/mondragonfp\/wp-json\/wp\/v2\/posts\/8567\/revisions"}],"predecessor-version":[{"id":8584,"href":"https:\/\/mukom.mondragon.edu\/mondragonfp\/wp-json\/wp\/v2\/posts\/8567\/revisions\/8584"}],"wp:featuredmedia":[{"embeddable":true,"href":"https:\/\/mukom.mondragon.edu\/mondragonfp\/wp-json\/"}],"wp:attachment":[{"href":"https:\/\/mukom.mondragon.edu\/mondragonfp\/wp-json\/wp\/v2\/media?parent=8567"}],"wp:term":[{"taxonomy":"category","embeddable":true,"href":"https:\/\/mukom.mondragon.edu\/mondragonfp\/wp-json\/wp\/v2\/categories?post=8567"},{"taxonomy":"post_tag","embeddable":true,"href":"https:\/\/mukom.mondragon.edu\/mondragonfp\/wp-json\/wp\/v2\/tags?post=8567"}],"curies":[{"name":"wp","href":"https:\/\/api.w.org\/{rel}","templated":true}]}}