{"id":8590,"date":"2025-11-12T16:57:17","date_gmt":"2025-11-12T15:57:17","guid":{"rendered":"https:\/\/mukom.mondragon.edu\/mondragonfp\/?p=8590"},"modified":"2025-11-12T17:20:28","modified_gmt":"2025-11-12T16:20:28","slug":"mgep-erasmus-practicas-duales-en-cluj-napoca-rumania-entrevista-a-eneko-carrera-estudiante-de-mecatronica","status":"publish","type":"post","link":"https:\/\/mukom.mondragon.edu\/mondragonfp\/es\/2025\/11\/12\/mgep-erasmus-practicas-duales-en-cluj-napoca-rumania-entrevista-a-eneko-carrera-estudiante-de-mecatronica\/","title":{"rendered":"Pr\u00e1cticas DUAL en el extranjero: Cluj Napoca (Ruman\u00eda) &#8211; Entrevista a Eneko Carrero, estudiante de Mecatr\u00f3nica"},"content":{"rendered":"<p><em><strong>Eneko Carrero Garc\u00eda<\/strong>, dentro del programa <strong>DUAL<\/strong>, ha realizado parte de las pr\u00e1cticas en la ciudad de Cluj Napoca (Ruman\u00eda), mientras cursaba el ciclo superior de Mecatr\u00f3nica Industrial en <a href=\"https:\/\/www.mondragon.edu\/es\/ciclos-formativos-grado-superior\/oferta-formacion-profesional\">Mondragon Goi Eskola Politeknikoa<\/a> (MGEP). Os traemos el testimonio que hemos recogido:<\/em><\/p>\n<p><a href=\"https:\/\/live.staticflickr.com\/65535\/54919186751_873543c691_w.jpg\"><img loading=\"lazy\" class=\"aligncenter size-medium\" src=\"https:\/\/live.staticflickr.com\/65535\/54919186751_873543c691_w.jpg\" width=\"281\" height=\"400\" \/><\/a><\/p>\n<p>&nbsp;<\/p>\n<p><strong>\u00bfPor qu\u00e9 elegiste el ciclo superior de Mecatr\u00f3nica Industrial?<\/strong><\/p>\n<p>Eleg\u00ed el curso 2023-2025 para iniciar el <a href=\"https:\/\/www.mondragon.edu\/es\/formacion-profesional-mecatronica-industrial\">ciclo superior de Mecatr\u00f3nica Industrial<\/a>, ya que con anterioridad hab\u00eda cursado el <a href=\"https:\/\/www.mondragon.edu\/es\/formacion-profesional-automatizacion-robotica-industrial\">ciclo superior de Autom\u00e1tica y Rob\u00f3tica Industrial<\/a>. Ma apetec\u00eda seguir en la misma l\u00ednea de estudios, y adem\u00e1s, este ciclo formativo me ofrec\u00eda la posibilidad de completar el curr\u00edculum.<\/p>\n<p>&nbsp;<\/p>\n<p><strong>\u00bfPor qu\u00e9 MGEP?<\/strong><\/p>\n<p>Porque hice el ciclo superior anterior en MGEP y vi que ofrec\u00eda muchas salidas al mundo laboral. Adem\u00e1s de eso, los recursos que ofrec\u00eda la escuela me parecieron buenos y eso favoreci\u00f3 la elecci\u00f3n.<\/p>\n<p>&nbsp;<\/p>\n<p><strong>\u00bfC\u00f3mo fue el proceso de aprendizaje, tu relaci\u00f3n con profesores y compa\u00f1eros?<\/strong><\/p>\n<p>No he tenido problemas para estudiar, adquir\u00ed un h\u00e1bito de estudio diario y haciendo un poco cada d\u00eda vi que me era suficiente. La relaci\u00f3n con los profesores ha sido buena en todo momento y en cuanto al ambiente entre los alumnos, ha sido muy buena, hemos hecho varias cenas juntos.<\/p>\n<p>&nbsp;<\/p>\n<p><strong>En este ciclo formativo trabaj\u00e1is con la metodolog\u00eda activa ETHAZI, es decir, trabajando las funciones profesionales haciendo retos en el trabajo de equipo. \u00bfQu\u00e9 retos hab\u00e9is hecho? \u00bfC\u00f3mo valorar\u00eda esta experiencia?<\/strong><\/p>\n<p>En el primer curso hemos hecho dos grandes retos. En el primero, que hemos realizado junto a ULMA Packaging, hemos desmontado, montado y analizado varios subconjuntos de ULMA. El segundo ha sido el reto del ascensor, hemos tenido que hacer la estructura de un ascensor, el sistema de poleas y la secci\u00f3n de programaci\u00f3n.<\/p>\n<p>En segundo curso tambi\u00e9n hemos hecho dos retos principales. El primero ha estado relacionado con el taladro, donde hemos desmontado, comprendido y puesto mejoras a un taladro comercial. En el segundo reto nos hemos centrado en un reductor, donde hemos desmontado el reductor de una fresa, le hemos hecho el mantenimiento y lo hemos vuelto a montar.<\/p>\n<p>&nbsp;<\/p>\n<p><strong>\u00bfCu\u00e1ndo y c\u00f3mo se despert\u00f3 en ti el inter\u00e9s para tener una experiencia en el extranjero?<\/strong><\/p>\n<p>Cuando empec\u00e9 el ciclo formativo sab\u00eda que quer\u00eda hacer pr\u00e1cticas en el extranjero porque hab\u00eda elegido hacer DUAL avanzado en el ciclo formativo que curs\u00e9 con anterioridad (Automatizaci\u00f3n y rob\u00f3tica industrial) y este a\u00f1o buscaba una nueva experiencia.<\/p>\n<p>&nbsp;<\/p>\n<p><strong>\u00bfCu\u00e1ndo te fuiste? \u00bfD\u00f3nde has estado?<\/strong><\/p>\n<p>El 10 de marzo vine a Ruman\u00eda, concretamente estoy en una ciudad llamada Cluj Napoca. Vivo en un barrio llamado Gruia o en un peque\u00f1o, piso por mi cuenta.<\/p>\n<p>&nbsp;<\/p>\n<p><strong>\u00bfEn qu\u00e9 empresa est\u00e1s?<\/strong><\/p>\n<p>Durante este curso he estado en un programa DUAL avanzado en ULMA Packaging, y a finales de este periodo me han dado la oportunidad de trabajar en la planta rumana durante 2 meses dentro del programa DUAL.<\/p>\n<p>ULMA Packaging, como su nombre indica, pertenece al sector del Packaging, es decir, fabrican m\u00e1quinas para embalar comida y otros productos a nivel mundial.<\/p>\n<p><a href=\"https:\/\/live.staticflickr.com\/65535\/54919400988_f7aafac5d0_w.jpg\"><img loading=\"lazy\" class=\"aligncenter size-medium\" src=\"https:\/\/live.staticflickr.com\/65535\/54919400988_f7aafac5d0_w.jpg\" width=\"399\" height=\"313\" \/><\/a><\/p>\n<p style=\"text-align: center\"><em>producto fabricado por ULMA Packaging<\/em><\/p>\n<p>&nbsp;<\/p>\n<p><strong>\u00bfCu\u00e1les han sido tus principales tareas en la planta de Ruman\u00eda?<\/strong><\/p>\n<p>En Ruman\u00eda he tenido dos tipos de tareas diferentes: una montando m\u00e1quinas en la LEAN y otra montando subconjuntos para m\u00e1quinas.<\/p>\n<p>Mi trabajo ha tenido mucha importancia porque las m\u00e1quinas que hago se env\u00edan despu\u00e9s a la planta de O\u00f1ati para despu\u00e9s venderlas desde all\u00ed. Los subconjuntos que hago son importantes porque para montar las m\u00e1quinas es necesario que los subconjuntos est\u00e9n montados previamente.<\/p>\n<p>&nbsp;<\/p>\n<p><strong>\u00bfQu\u00e9 has aprendido en los meses que ha estado en la empresa?<\/strong><\/p>\n<p>He podido comprobar que el grupo ULMA es un grupo con mucha presencia internacional, que es conocido en muchos mercados diferentes y que influye en el d\u00eda a d\u00eda de las personas. Tambi\u00e9n he podido comprobar que la importancia de la planta de Ruman\u00eda es muy alta, ya que muchos de los subconjuntos que se utilizan para montar m\u00e1quinas se env\u00edan desde esta planta.<\/p>\n<p>&nbsp;<\/p>\n<p><strong>En tu trabajo en esta empresa, \u00bfha utilizado lo aprendido en el ciclo?<\/strong><\/p>\n<p>Durante el primer curso del ciclo de mecatr\u00f3nica estudiamos dos materias llamadas Elementos de M\u00e1quinas y Sistemas El\u00e9ctricos, y eso es a lo que me he dedicado en Ruman\u00eda, al montaje el\u00e9ctrico y mec\u00e1nico.<\/p>\n<p>&nbsp;<\/p>\n<p><strong>\u00bfQu\u00e9 te ha aportado esta experiencia a nivel personal? <\/strong><\/p>\n<p>Como persona dir\u00eda que en esta experiencia me he probado a m\u00ed mismo en muchas situaciones diferentes y me ha dado la posibilidad de poder vivir de manera independiente.<\/p>\n<p>Tambi\u00e9n he aprendido que se puede llegar al mismo punto a trav\u00e9s de diferentes caminos o metodolog\u00edas.<\/p>\n<p>&nbsp;<\/p>\n<p><strong>\u00bfQu\u00e9 planes tiene para el futuro?<\/strong><\/p>\n<p>Tras esta experiencia, seguir\u00e9 trabajando en la planta de ULMA en O\u00f1ati hasta la finalizaci\u00f3n del contrato del programa Dual Avanzado, y a la finalizaci\u00f3n de \u00e9ste, me han ofrecido la posibilidad para continuar trabajando en ULMA Packaging. Estoy muy contento.<\/p>\n","protected":false},"excerpt":{"rendered":"<p>Eneko Carrero Garc\u00eda, dentro del programa DUAL, ha realizado parte de las pr\u00e1cticas en la ciudad de Cluj Napoca (Ruman\u00eda), mientras cursaba el ciclo superior de Mecatr\u00f3nica Industrial en Mondragon Goi Eskola Politeknikoa (MGEP). Os traemos el testimonio que hemos recogido: &nbsp; \u00bfPor qu\u00e9 elegiste el ciclo superior de Mecatr\u00f3nica Industrial? Eleg\u00ed el curso 2023-2025 para iniciar el ciclo superior de Mecatr\u00f3nica Industrial, ya que con anterioridad hab\u00eda cursado el ciclo superior de Autom\u00e1tica y Rob\u00f3tica Industrial. Ma apetec\u00eda seguir en la misma l\u00ednea de estudios, y adem\u00e1s, este ciclo formativo me ofrec\u00eda la posibilidad de completar el curr\u00edculum. &nbsp; \u00bfPor qu\u00e9 MGEP? Porque hice el ciclo superior anterior en MGEP y vi que ofrec\u00eda muchas salidas al mundo laboral. Adem\u00e1s de eso, los recursos que ofrec\u00eda la escuela me parecieron buenos y eso favoreci\u00f3 la elecci\u00f3n. &nbsp; \u00bfC\u00f3mo fue&#8230;<\/p>\n","protected":false},"author":289,"featured_media":-1,"comment_status":"open","ping_status":"open","sticky":false,"template":"","format":"standard","meta":[],"categories":[223,300,114],"tags":[],"amp_enabled":true,"_links":{"self":[{"href":"https:\/\/mukom.mondragon.edu\/mondragonfp\/wp-json\/wp\/v2\/posts\/8590"}],"collection":[{"href":"https:\/\/mukom.mondragon.edu\/mondragonfp\/wp-json\/wp\/v2\/posts"}],"about":[{"href":"https:\/\/mukom.mondragon.edu\/mondragonfp\/wp-json\/wp\/v2\/types\/post"}],"author":[{"embeddable":true,"href":"https:\/\/mukom.mondragon.edu\/mondragonfp\/wp-json\/wp\/v2\/users\/289"}],"replies":[{"embeddable":true,"href":"https:\/\/mukom.mondragon.edu\/mondragonfp\/wp-json\/wp\/v2\/comments?post=8590"}],"version-history":[{"count":6,"href":"https:\/\/mukom.mondragon.edu\/mondragonfp\/wp-json\/wp\/v2\/posts\/8590\/revisions"}],"predecessor-version":[{"id":8604,"href":"https:\/\/mukom.mondragon.edu\/mondragonfp\/wp-json\/wp\/v2\/posts\/8590\/revisions\/8604"}],"wp:featuredmedia":[{"embeddable":true,"href":"https:\/\/mukom.mondragon.edu\/mondragonfp\/wp-json\/"}],"wp:attachment":[{"href":"https:\/\/mukom.mondragon.edu\/mondragonfp\/wp-json\/wp\/v2\/media?parent=8590"}],"wp:term":[{"taxonomy":"category","embeddable":true,"href":"https:\/\/mukom.mondragon.edu\/mondragonfp\/wp-json\/wp\/v2\/categories?post=8590"},{"taxonomy":"post_tag","embeddable":true,"href":"https:\/\/mukom.mondragon.edu\/mondragonfp\/wp-json\/wp\/v2\/tags?post=8590"}],"curies":[{"name":"wp","href":"https:\/\/api.w.org\/{rel}","templated":true}]}}