{"id":8609,"date":"2025-11-27T10:21:14","date_gmt":"2025-11-27T09:21:14","guid":{"rendered":"https:\/\/mukom.mondragon.edu\/mondragonfp\/?p=8609"},"modified":"2025-11-27T10:21:14","modified_gmt":"2025-11-27T09:21:14","slug":"mgep-participa-en-el-32a-acto-empresa-vasca-y-fp-por-una-formacion-profesional-dual","status":"publish","type":"post","link":"https:\/\/mukom.mondragon.edu\/mondragonfp\/es\/2025\/11\/27\/mgep-participa-en-el-32a-acto-empresa-vasca-y-fp-por-una-formacion-profesional-dual\/","title":{"rendered":"MGEP participa en el 32\u00aa acto Empresa Vasca y FP. Por una Formaci\u00f3n Profesional DUAL."},"content":{"rendered":"<p>El pasado 19 de noviembre, se celebrro la 32\u00ba edici\u00f3n del acto <a href=\"https:\/\/www.confebask.eus\/saladeprensa\/noticias\/fp-vasca-excelente-via-competitividad-y-talento.html?q=saladeprensa\/noticias\/fp-vasca-excelente-via-competitividad-y-talento.html\">Empresa Vasca &amp; FP<\/a> organizado por Confebask. El objetivo principal del evento fue ensalzar la <strong>s\u00f3lida y fruct\u00edfera relaci\u00f3n entre la empresa y la Formaci\u00f3n Profesional<\/strong> que se viene dando en Euskadi en los \u00faltimos a\u00f1os.<\/p>\n<p>Durante todos estos a\u00f1os, esta relaci\u00f3n entre la empresa y la Formaci\u00f3n Profesional ha supuesto grandes beneficios tanto para los alumnos como para las empresas participantes, y puede ser considerada como un ejemplo de colaboraci\u00f3n fruct\u00edfera, tanto a nivel nacional como europeo.<\/p>\n<p><a href=\"https:\/\/www.mondragon.edu\/es\/ciclos-formativos-grado-superior\/oferta-formacion-profesional\">Mondragon Goi Eskola Politeknikoa<\/a> (MGEP) tambi\u00e9n particip\u00f3 en el acto que tuvo lugar en el palacio euskalduna, reafirmando su firme compromiso con una formaci\u00f3n profesional DUAL.<\/p>\n<p><strong>En el futuro, en MGEP seguiremos apostando por una Formaci\u00f3n Profesional DUAL, como nuestro principal valor a\u00f1adido, y por el beneficio de estudiantes y empresas.<\/strong><\/p>\n<p><a href=\"https:\/\/live.staticflickr.com\/65535\/54949342281_289c72b1e3_6k.jpg\"><img loading=\"lazy\" class=\"aligncenter size-medium\" src=\"https:\/\/live.staticflickr.com\/65535\/54949342281_289c72b1e3_6k.jpg\" width=\"6144\" height=\"4098\" \/><\/a><\/p>\n","protected":false},"excerpt":{"rendered":"<p>El pasado 19 de noviembre, se celebrro la 32\u00ba edici\u00f3n del acto Empresa Vasca &amp; FP organizado por Confebask. El objetivo principal del evento fue ensalzar la s\u00f3lida y fruct\u00edfera relaci\u00f3n entre la empresa y la Formaci\u00f3n Profesional que se viene dando en Euskadi en los \u00faltimos a\u00f1os. Durante todos estos a\u00f1os, esta relaci\u00f3n entre la empresa y la Formaci\u00f3n Profesional ha supuesto grandes beneficios tanto para los alumnos como para las empresas participantes, y puede ser considerada como un ejemplo de colaboraci\u00f3n fruct\u00edfera, tanto a nivel nacional como europeo. Mondragon Goi Eskola Politeknikoa (MGEP) tambi\u00e9n particip\u00f3 en el acto que tuvo lugar en el palacio euskalduna, reafirmando su firme compromiso con una formaci\u00f3n profesional DUAL. En el futuro, en MGEP seguiremos apostando por una Formaci\u00f3n Profesional DUAL, como nuestro principal valor a\u00f1adido, y por el beneficio de estudiantes y&#8230;<\/p>\n","protected":false},"author":289,"featured_media":-1,"comment_status":"open","ping_status":"open","sticky":false,"template":"","format":"standard","meta":[],"categories":[326,300,114],"tags":[],"amp_enabled":true,"_links":{"self":[{"href":"https:\/\/mukom.mondragon.edu\/mondragonfp\/wp-json\/wp\/v2\/posts\/8609"}],"collection":[{"href":"https:\/\/mukom.mondragon.edu\/mondragonfp\/wp-json\/wp\/v2\/posts"}],"about":[{"href":"https:\/\/mukom.mondragon.edu\/mondragonfp\/wp-json\/wp\/v2\/types\/post"}],"author":[{"embeddable":true,"href":"https:\/\/mukom.mondragon.edu\/mondragonfp\/wp-json\/wp\/v2\/users\/289"}],"replies":[{"embeddable":true,"href":"https:\/\/mukom.mondragon.edu\/mondragonfp\/wp-json\/wp\/v2\/comments?post=8609"}],"version-history":[{"count":5,"href":"https:\/\/mukom.mondragon.edu\/mondragonfp\/wp-json\/wp\/v2\/posts\/8609\/revisions"}],"predecessor-version":[{"id":8614,"href":"https:\/\/mukom.mondragon.edu\/mondragonfp\/wp-json\/wp\/v2\/posts\/8609\/revisions\/8614"}],"wp:featuredmedia":[{"embeddable":true,"href":"https:\/\/mukom.mondragon.edu\/mondragonfp\/wp-json\/"}],"wp:attachment":[{"href":"https:\/\/mukom.mondragon.edu\/mondragonfp\/wp-json\/wp\/v2\/media?parent=8609"}],"wp:term":[{"taxonomy":"category","embeddable":true,"href":"https:\/\/mukom.mondragon.edu\/mondragonfp\/wp-json\/wp\/v2\/categories?post=8609"},{"taxonomy":"post_tag","embeddable":true,"href":"https:\/\/mukom.mondragon.edu\/mondragonfp\/wp-json\/wp\/v2\/tags?post=8609"}],"curies":[{"name":"wp","href":"https:\/\/api.w.org\/{rel}","templated":true}]}}