{"id":8674,"date":"2026-02-11T09:00:59","date_gmt":"2026-02-11T08:00:59","guid":{"rendered":"https:\/\/mukom.mondragon.edu\/mondragonfp\/?p=8674"},"modified":"2026-02-06T09:03:32","modified_gmt":"2026-02-06T08:03:32","slug":"administracion-de-sistemas-informaticos-en-red-el-dual-me-ha-permitido-profundizar-en-algunos-conocimientos-adquiridos-en-aula","status":"publish","type":"post","link":"https:\/\/mukom.mondragon.edu\/mondragonfp\/es\/2026\/02\/11\/administracion-de-sistemas-informaticos-en-red-el-dual-me-ha-permitido-profundizar-en-algunos-conocimientos-adquiridos-en-aula\/","title":{"rendered":"Administraci\u00f3n de Sistemas Inform\u00e1ticos en Red: \u201cEl DUAL me ha permitido profundizar en algunos conocimientos adquiridos en aula\u201d"},"content":{"rendered":"<p><em>Entrevistamos a <strong>Lucas Da Silva Morerira<\/strong>, estudiante de <a href=\"https:\/\/www.mondragon.edu\/es\/ciclos-formativos-grado-superior\/oferta-formacion-profesional\">Mondragon Goi Eskola Politeknikoa<\/a> (MGEP). Lucas, se encuentra en segundo curso del ciclo superior de <a href=\"https:\/\/www.mondragon.edu\/es\/formacion-profesional-administracion-sistemas-informaticos-red\">Administraci\u00f3n de Sistemas Inform\u00e1ticos en Red (ASIR)<\/a> realizando los estudios en la modalidad DUAL intensivo.<\/em><\/p>\n<p><a href=\"https:\/\/live.staticflickr.com\/65535\/55079464038_ddddb1d06c_z.jpg\"><img loading=\"lazy\" class=\"aligncenter size-medium\" src=\"https:\/\/live.staticflickr.com\/65535\/55079464038_ddddb1d06c_z.jpg\" width=\"640\" height=\"492\" \/><\/a><\/p>\n<p><strong>Estas cursando el ciclo superior de Administraci\u00f3n de Sistemas Inform\u00e1ticos en Red, \u00bfPor qu\u00e9 escogiste este ciclo?<\/strong><\/p>\n<p>Antes de realizar este ciclo superior estudi\u00e9 un ciclo medio relacionado con la inform\u00e1tica en Arizmendi. Mientras cursaba este ciclo pude inscribirme en el programa Erasmus y tuve la oportunidad de realizar las pr\u00e1cticas en Lisboa. Fue una experiencia muy buena y como ve\u00eda que me gustaba los temas relacionados con la inform\u00e1tica decid\u00ed venir a MGEP, a cursar un ciclo superior.<\/p>\n<p><strong>\u00bfQu\u00e9 te ha parecido el ciclo? \u00bfC\u00f3mo ha sido la experiencia?<\/strong><\/p>\n<p>Cuando inici\u00e9 el ciclo ten\u00eda claro que algunas asignaturas me iban a resultar m\u00e1s sencillas porque ten\u00eda conocimientos previos adquiridos en el ciclo medio. Otras asignaturas eran completamente nuevas para m\u00ed y me impon\u00edan m\u00e1s respeto. Durante el ciclo, la relaci\u00f3n con el grupo docente ha sido muy buena, he trabajado constantemente y he podido obtener muy buenas calificaciones. La experiencia ha sido muy positiva, creo que me ha servido mucho de cara al futuro.<\/p>\n<p><strong>Has realizado tus estudios en formato DUAL intensivo \u00bfQu\u00e9 destacar\u00edas de este aspecto?<\/strong><\/p>\n<p>S\u00ed, el programa DUAL me ha permitido trabajar en la empresa Kiro Grifols. Cuando comenc\u00e9, en junio de 2025, tuve que aprender muchas cosas nuevas para poder situarme en la empresa, fue un periodo bastante exigente. Una vez que me he familiarizado con el entorno industrial todo ha resultado m\u00e1s sencillo. Lo m\u00e1s positivo de esta experiencia ha sido que el trabajo realizado me ha permitido profundizar en algunos aspectos que hab\u00edamos visto de forma m\u00e1s general en clase. Me he especializado en algunos temas y esto ha sido muy positivo y enriquecedor. Por otra parte, gracias al DUAL intensivo he podido percibir un salario, y creo que esto es muy importante para que la gente joven pueda tener m\u00e1s autonom\u00eda.<\/p>\n<p><strong>\u00bfTe ha costado compaginar los estudios y el trabajo?<\/strong><\/p>\n<p>La verdad es que no. Suelo venir a clase por la ma\u00f1ana y despu\u00e9s trabajo otras 3 horas por la tarde. Intento estar atento en clase y llevar las materias al d\u00eda. De esta forma puedo centrarme en mi trabajo cuando voy a la empresa. Los resultados acad\u00e9micos han sido muy buenos.<\/p>\n<p><strong>\u00bfQu\u00e9 planes tienes para el futuro?<\/strong><\/p>\n<p>A\u00fan no lo tengo claro, estoy barajando dos opciones. Por un lado, estoy pensando en realizar un curso de especializaci\u00f3n en ciberseguridad IT. Por otro lado, me gustar\u00eda participar en un programa \u201cGlobal Training\u201d que ofrece becas para trabajar en el extranjero<\/p>\n","protected":false},"excerpt":{"rendered":"<p>Entrevistamos a Lucas Da Silva Morerira, estudiante de Mondragon Goi Eskola Politeknikoa (MGEP). Lucas, se encuentra en segundo curso del ciclo superior de Administraci\u00f3n de Sistemas Inform\u00e1ticos en Red (ASIR) realizando los estudios en la modalidad DUAL intensivo. Estas cursando el ciclo superior de Administraci\u00f3n de Sistemas Inform\u00e1ticos en Red, \u00bfPor qu\u00e9 escogiste este ciclo? Antes de realizar este ciclo superior estudi\u00e9 un ciclo medio relacionado con la inform\u00e1tica en Arizmendi. Mientras cursaba este ciclo pude inscribirme en el programa Erasmus y tuve la oportunidad de realizar las pr\u00e1cticas en Lisboa. Fue una experiencia muy buena y como ve\u00eda que me gustaba los temas relacionados con la inform\u00e1tica decid\u00ed venir a MGEP, a cursar un ciclo superior. \u00bfQu\u00e9 te ha parecido el ciclo? \u00bfC\u00f3mo ha sido la experiencia? Cuando inici\u00e9 el ciclo ten\u00eda claro que algunas asignaturas me iban a&#8230;<\/p>\n","protected":false},"author":289,"featured_media":-1,"comment_status":"open","ping_status":"open","sticky":false,"template":"","format":"standard","meta":[],"categories":[142,300,114,97],"tags":[],"amp_enabled":true,"_links":{"self":[{"href":"https:\/\/mukom.mondragon.edu\/mondragonfp\/wp-json\/wp\/v2\/posts\/8674"}],"collection":[{"href":"https:\/\/mukom.mondragon.edu\/mondragonfp\/wp-json\/wp\/v2\/posts"}],"about":[{"href":"https:\/\/mukom.mondragon.edu\/mondragonfp\/wp-json\/wp\/v2\/types\/post"}],"author":[{"embeddable":true,"href":"https:\/\/mukom.mondragon.edu\/mondragonfp\/wp-json\/wp\/v2\/users\/289"}],"replies":[{"embeddable":true,"href":"https:\/\/mukom.mondragon.edu\/mondragonfp\/wp-json\/wp\/v2\/comments?post=8674"}],"version-history":[{"count":1,"href":"https:\/\/mukom.mondragon.edu\/mondragonfp\/wp-json\/wp\/v2\/posts\/8674\/revisions"}],"predecessor-version":[{"id":8675,"href":"https:\/\/mukom.mondragon.edu\/mondragonfp\/wp-json\/wp\/v2\/posts\/8674\/revisions\/8675"}],"wp:featuredmedia":[{"embeddable":true,"href":"https:\/\/mukom.mondragon.edu\/mondragonfp\/wp-json\/"}],"wp:attachment":[{"href":"https:\/\/mukom.mondragon.edu\/mondragonfp\/wp-json\/wp\/v2\/media?parent=8674"}],"wp:term":[{"taxonomy":"category","embeddable":true,"href":"https:\/\/mukom.mondragon.edu\/mondragonfp\/wp-json\/wp\/v2\/categories?post=8674"},{"taxonomy":"post_tag","embeddable":true,"href":"https:\/\/mukom.mondragon.edu\/mondragonfp\/wp-json\/wp\/v2\/tags?post=8674"}],"curies":[{"name":"wp","href":"https:\/\/api.w.org\/{rel}","templated":true}]}}