{"id":8683,"date":"2026-02-18T09:00:09","date_gmt":"2026-02-18T08:00:09","guid":{"rendered":"https:\/\/mukom.mondragon.edu\/mondragonfp\/?p=8683"},"modified":"2026-02-06T13:06:41","modified_gmt":"2026-02-06T12:06:41","slug":"programacion-de-la-produccion-en-fabricacion-mecanica-cuando-uno-quiere-algo-si-se-esfuerza-puede-conseguirlo","status":"publish","type":"post","link":"https:\/\/mukom.mondragon.edu\/mondragonfp\/es\/2026\/02\/18\/programacion-de-la-produccion-en-fabricacion-mecanica-cuando-uno-quiere-algo-si-se-esfuerza-puede-conseguirlo\/","title":{"rendered":"Programaci\u00f3n de la producci\u00f3n en fabricaci\u00f3n mec\u00e1nica: \u201cCuando uno quiere algo, si se esfuerza puede conseguirlo\u201d"},"content":{"rendered":"<p><em>Os traemos el testimonio de <strong>Yohan Toro Giraldo<\/strong>, alumno de <a href=\"https:\/\/www.mondragon.edu\/es\/ciclos-formativos-grado-superior\/oferta-formacion-profesional\">Mondragon Goi Eskola Politeknikoa<\/a> (MGEP). Yohan, est\u00e1 cursando actualmente el segundo curso del ciclo superior de <a href=\"https:\/\/www.mondragon.edu\/es\/formacion-profesional-programacion-produccion-fabricacion-mecanica\">Programaci\u00f3n de la Producci\u00f3n en Fabricaci\u00f3n Mec\u00e1nica<\/a>, compaginando sus estudios con el trabajo que realiza en la empresa COPRECI, en modalidad DUAL intensivo.<\/em><\/p>\n<p><a href=\"https:\/\/live.staticflickr.com\/65535\/55080113292_b71bf1af55_z.jpg\"><img loading=\"lazy\" class=\"aligncenter size-medium\" src=\"https:\/\/live.staticflickr.com\/65535\/55080113292_b71bf1af55_z.jpg\" width=\"640\" height=\"481\" \/><\/a><\/p>\n<p><strong>Est\u00e1s acabando los estudios correspondientes al ciclo superior de programaci\u00f3n de la producci\u00f3n en fabricaci\u00f3n mec\u00e1nica, \u00bfPor qu\u00e9 elegiste MGEP?<\/strong><\/p>\n<p>Hace 8 a\u00f1os vine a vivir a Euskadi desde Colombia, mi pa\u00eds de origen. Al comienzo estuve trabajando en una empresa de log\u00edstica de Vitoria, pero debido a la crisis que se origin\u00f3 tras el Covid, perd\u00ed mi empleo. Estando en el paro tuve el primer contacto con MGEP, cuando realic\u00e9 un curso de mecanizado promovido por Lanbide. Pude comprobar que el \u00e1mbito del mecanizado me gustaba, me sent\u00eda c\u00f3modo estudiando y adem\u00e1s ofrec\u00eda grandes oportunidades laborales. As\u00ed que tras hablar con varios docentes de Eskola decid\u00ed inscribirme en el ciclo formativo superior.<\/p>\n<p><strong>\u00bfC\u00f3mo te ha resultado el regreso a las aulas?<\/strong><\/p>\n<p>Al principio fue duro, hac\u00eda 20 a\u00f1os que hab\u00eda finalizado mi etapa de estudiante y me ha costado adaptarme a los nuevos h\u00e1bitos y rutinas. Para m\u00ed ha supuesto todo un reto, pero lo he afrontado con ilusi\u00f3n. Me he esforzado y he podido superar todas las asignaturas con buenas calificaciones. Estoy muy satisfecho. Me he sentido apoyado en todo momento por el grupo docente, siempre han tenido un trato cercano y accesible y eso ha supuesto una ayuda importante. Tras dos a\u00f1os estudiando, me he dado cuenta de que cuando uno quiere algo, si se esfuerza puede conseguirlo.<\/p>\n<p><strong>\u00bfQu\u00e9 tal en el programa DUAL intensivo? \u00bfTe ha resultado sencillo compaginar el trabajo en la empresa con las horas lectivas del aula?<\/strong><\/p>\n<p>Este aspecto tambi\u00e9n has supuesto un peque\u00f1o reto ya que tengo que conciliar todo esto con mi vida familiar. El DUAL intensivo requiere sobre todo organizaci\u00f3n. Por las ma\u00f1anas suelo venir a clase a Eskola de 8:00 a 13:00. Despu\u00e9s suelo ir a trabajar a Copreci otras tres horas. Sin embargo, las ventajas que ofrece el programa DUAL son importantes. Te permite complementar el aprendizaje en el aula con una experiencia real en la empresa. Ahora siento que estoy m\u00e1s preparado de cara a mi futuro profesional.<\/p>\n<p><strong>\u00bfQu\u00e9 planes tiene de cara al futuro?<\/strong><\/p>\n<p>Lo primero ser\u00eda acabar el ciclo formativo. Creo que esto me dar\u00e1 una oportunidad para consolidar mi empleo, bien en Copreci, donde realizo el programa DUAL, bien en otra empresa. Esta es mi principal prioridad en este momento.<\/p>\n","protected":false},"excerpt":{"rendered":"<p>Os traemos el testimonio de Yohan Toro Giraldo, alumno de Mondragon Goi Eskola Politeknikoa (MGEP). Yohan, est\u00e1 cursando actualmente el segundo curso del ciclo superior de Programaci\u00f3n de la Producci\u00f3n en Fabricaci\u00f3n Mec\u00e1nica, compaginando sus estudios con el trabajo que realiza en la empresa COPRECI, en modalidad DUAL intensivo. Est\u00e1s acabando los estudios correspondientes al ciclo superior de programaci\u00f3n de la producci\u00f3n en fabricaci\u00f3n mec\u00e1nica, \u00bfPor qu\u00e9 elegiste MGEP? Hace 8 a\u00f1os vine a vivir a Euskadi desde Colombia, mi pa\u00eds de origen. Al comienzo estuve trabajando en una empresa de log\u00edstica de Vitoria, pero debido a la crisis que se origin\u00f3 tras el Covid, perd\u00ed mi empleo. Estando en el paro tuve el primer contacto con MGEP, cuando realic\u00e9 un curso de mecanizado promovido por Lanbide. Pude comprobar que el \u00e1mbito del mecanizado me gustaba, me sent\u00eda c\u00f3modo estudiando&#8230;<\/p>\n","protected":false},"author":289,"featured_media":-1,"comment_status":"open","ping_status":"open","sticky":false,"template":"","format":"standard","meta":[],"categories":[300,114,169],"tags":[],"amp_enabled":true,"_links":{"self":[{"href":"https:\/\/mukom.mondragon.edu\/mondragonfp\/wp-json\/wp\/v2\/posts\/8683"}],"collection":[{"href":"https:\/\/mukom.mondragon.edu\/mondragonfp\/wp-json\/wp\/v2\/posts"}],"about":[{"href":"https:\/\/mukom.mondragon.edu\/mondragonfp\/wp-json\/wp\/v2\/types\/post"}],"author":[{"embeddable":true,"href":"https:\/\/mukom.mondragon.edu\/mondragonfp\/wp-json\/wp\/v2\/users\/289"}],"replies":[{"embeddable":true,"href":"https:\/\/mukom.mondragon.edu\/mondragonfp\/wp-json\/wp\/v2\/comments?post=8683"}],"version-history":[{"count":2,"href":"https:\/\/mukom.mondragon.edu\/mondragonfp\/wp-json\/wp\/v2\/posts\/8683\/revisions"}],"predecessor-version":[{"id":8688,"href":"https:\/\/mukom.mondragon.edu\/mondragonfp\/wp-json\/wp\/v2\/posts\/8683\/revisions\/8688"}],"wp:featuredmedia":[{"embeddable":true,"href":"https:\/\/mukom.mondragon.edu\/mondragonfp\/wp-json\/"}],"wp:attachment":[{"href":"https:\/\/mukom.mondragon.edu\/mondragonfp\/wp-json\/wp\/v2\/media?parent=8683"}],"wp:term":[{"taxonomy":"category","embeddable":true,"href":"https:\/\/mukom.mondragon.edu\/mondragonfp\/wp-json\/wp\/v2\/categories?post=8683"},{"taxonomy":"post_tag","embeddable":true,"href":"https:\/\/mukom.mondragon.edu\/mondragonfp\/wp-json\/wp\/v2\/tags?post=8683"}],"curies":[{"name":"wp","href":"https:\/\/api.w.org\/{rel}","templated":true}]}}