{"id":8699,"date":"2026-02-16T09:00:39","date_gmt":"2026-02-16T08:00:39","guid":{"rendered":"https:\/\/mukom.mondragon.edu\/mondragonfp\/?p=8699"},"modified":"2026-02-10T11:58:11","modified_gmt":"2026-02-10T10:58:11","slug":"de-mgep-al-extranjero-en-marcha-el-programa-erasmus-de-formacion-profesional","status":"publish","type":"post","link":"https:\/\/mukom.mondragon.edu\/mondragonfp\/es\/2026\/02\/16\/de-mgep-al-extranjero-en-marcha-el-programa-erasmus-de-formacion-profesional\/","title":{"rendered":"De MGEP al extranjero, en marcha el programa Erasmus+ de Formaci\u00f3n Profesional."},"content":{"rendered":"<p><a href=\"https:\/\/live.staticflickr.com\/65535\/55087302462_413459bc97_z.jpg\"><img loading=\"lazy\" class=\"aligncenter size-medium\" src=\"https:\/\/live.staticflickr.com\/65535\/55087302462_413459bc97_z.jpg\" width=\"640\" height=\"480\" \/><\/a><\/p>\n<p><strong>Cinco alumnos<\/strong> de <a href=\"https:\/\/www.mondragon.edu\/es\/ciclos-formativos-grado-superior\/oferta-formacion-profesional\">Mondragon Goi Eskola Politeknikoa<\/a> (MGEP) podr\u00e1n participar en el <strong>programa Erasmus+<\/strong> correspondiente al curso 2025-2026. Estos alumnos podr\u00e1n realizar las pr\u00e1cticas DUAL asociadas al Ciclo Superior de Formaci\u00f3n Profesional en diferentes pa\u00edses de la Uni\u00f3n Europea: <strong>En Mil\u00e1n (Italia), Barsobia (Polonia) y Sof\u00eda (Bulgaria)<\/strong>.<\/p>\n<p>El programa Erasmus+ permitir\u00e1 a estos alumnos conocer diferentes empresas y culturas de otros pa\u00edses. Esperamos que disfruten su estancia y les deseamos suerte para este nuevo periodo al que dar\u00e1n comienzo en breve.<\/p>\n<p><a href=\"https:\/\/live.staticflickr.com\/65535\/55087302412_96e2dcf3d0_z.jpg\"><img loading=\"lazy\" class=\"aligncenter size-medium\" src=\"https:\/\/live.staticflickr.com\/65535\/55087302412_96e2dcf3d0_z.jpg\" width=\"640\" height=\"480\" \/><\/a><\/p>\n","protected":false},"excerpt":{"rendered":"<p>Cinco alumnos de Mondragon Goi Eskola Politeknikoa (MGEP) podr\u00e1n participar en el programa Erasmus+ correspondiente al curso 2025-2026. Estos alumnos podr\u00e1n realizar las pr\u00e1cticas DUAL asociadas al Ciclo Superior de Formaci\u00f3n Profesional en diferentes pa\u00edses de la Uni\u00f3n Europea: En Mil\u00e1n (Italia), Barsobia (Polonia) y Sof\u00eda (Bulgaria). El programa Erasmus+ permitir\u00e1 a estos alumnos conocer diferentes empresas y culturas de otros pa\u00edses. Esperamos que disfruten su estancia y les deseamos suerte para este nuevo periodo al que dar\u00e1n comienzo en breve.<\/p>\n","protected":false},"author":289,"featured_media":-1,"comment_status":"open","ping_status":"open","sticky":false,"template":"","format":"standard","meta":[],"categories":[171,270,114],"tags":[],"amp_enabled":true,"_links":{"self":[{"href":"https:\/\/mukom.mondragon.edu\/mondragonfp\/wp-json\/wp\/v2\/posts\/8699"}],"collection":[{"href":"https:\/\/mukom.mondragon.edu\/mondragonfp\/wp-json\/wp\/v2\/posts"}],"about":[{"href":"https:\/\/mukom.mondragon.edu\/mondragonfp\/wp-json\/wp\/v2\/types\/post"}],"author":[{"embeddable":true,"href":"https:\/\/mukom.mondragon.edu\/mondragonfp\/wp-json\/wp\/v2\/users\/289"}],"replies":[{"embeddable":true,"href":"https:\/\/mukom.mondragon.edu\/mondragonfp\/wp-json\/wp\/v2\/comments?post=8699"}],"version-history":[{"count":3,"href":"https:\/\/mukom.mondragon.edu\/mondragonfp\/wp-json\/wp\/v2\/posts\/8699\/revisions"}],"predecessor-version":[{"id":8702,"href":"https:\/\/mukom.mondragon.edu\/mondragonfp\/wp-json\/wp\/v2\/posts\/8699\/revisions\/8702"}],"wp:featuredmedia":[{"embeddable":true,"href":"https:\/\/mukom.mondragon.edu\/mondragonfp\/wp-json\/"}],"wp:attachment":[{"href":"https:\/\/mukom.mondragon.edu\/mondragonfp\/wp-json\/wp\/v2\/media?parent=8699"}],"wp:term":[{"taxonomy":"category","embeddable":true,"href":"https:\/\/mukom.mondragon.edu\/mondragonfp\/wp-json\/wp\/v2\/categories?post=8699"},{"taxonomy":"post_tag","embeddable":true,"href":"https:\/\/mukom.mondragon.edu\/mondragonfp\/wp-json\/wp\/v2\/tags?post=8699"}],"curies":[{"name":"wp","href":"https:\/\/api.w.org\/{rel}","templated":true}]}}