{"id":8712,"date":"2026-04-01T09:00:54","date_gmt":"2026-04-01T07:00:54","guid":{"rendered":"https:\/\/mukom.mondragon.edu\/mondragonfp\/?p=8712"},"modified":"2026-02-12T09:42:49","modified_gmt":"2026-02-12T08:42:49","slug":"programacion-de-la-produccion-en-fabricacion-mecanica-en-mgep-se-tiene-en-cuenta-el-aspecto-humano-del-proceso-de-aprendizaje","status":"publish","type":"post","link":"https:\/\/mukom.mondragon.edu\/mondragonfp\/es\/2026\/04\/01\/programacion-de-la-produccion-en-fabricacion-mecanica-en-mgep-se-tiene-en-cuenta-el-aspecto-humano-del-proceso-de-aprendizaje\/","title":{"rendered":"Programaci\u00f3n de la producci\u00f3n en fabricaci\u00f3n mec\u00e1nica: \u201cEn MGEP se tiene en cuenta el aspecto humano del proceso de aprendizaje\u201d"},"content":{"rendered":"<p>Os traemos el testimonio de <strong>Denisse Garc\u00eda Carpio<\/strong>, alumna de <a href=\"https:\/\/www.mondragon.edu\/es\/ciclos-formativos-grado-superior\/oferta-formacion-profesional\">Mondragon Goi Eskola Politeknikoa<\/a> (MGEP). Denisse, est\u00e1 cursando actualmente el primer curso del ciclo superior de <a href=\"https:\/\/www.mondragon.edu\/es\/formacion-profesional-programacion-produccion-fabricacion-mecanica\">Programaci\u00f3n de la Producci\u00f3n en Fabricaci\u00f3n Mec\u00e1nica<\/a>.<\/p>\n<p><a href=\"https:\/\/live.staticflickr.com\/65535\/55090598617_f76f3670e8_5k.jpg\"><img loading=\"lazy\" class=\"aligncenter size-medium\" src=\"https:\/\/live.staticflickr.com\/65535\/55090598617_f76f3670e8_5k.jpg\" width=\"4960\" height=\"3668\" \/><\/a><\/p>\n<p><strong>Este a\u00f1o has comenzado los estudios correspondientes al ciclo superior de programaci\u00f3n de la producci\u00f3n en fabricaci\u00f3n mec\u00e1nica, \u00bfPor qu\u00e9 elegiste cursar este ciclo?<\/strong><\/p>\n<p>Con 16 a\u00f1os vine a vivir a Euskadi desde Per\u00fa, mi pa\u00eds de origen. En seguida tuve claro que para poder encontrar un empleo deb\u00eda cursar estudios, as\u00ed que me inscrib\u00ed en un ciclo medio de Est\u00e9tica y belleza. Tras realizar este ciclo, y tras hablar con varios amigos, me llam\u00f3 la atenci\u00f3n el mundo del mecanizado. No tiene nada que ver con la est\u00e9tica, pero yo sent\u00eda curiosidad, as\u00ed que decid\u00ed informarme y pregunt\u00e9 en MGEP. Aqu\u00ed me hablaron del ciclo superior de Programaci\u00f3n de la Producci\u00f3n en Fabricaci\u00f3n Mec\u00e1nica, pude visitar los talleres y las instalaciones de Eskola y como me gusto mucho lo que vi, tom\u00e9 la decisi\u00f3n de inscribirme en el ciclo superior.<\/p>\n<p><strong>\u00bfY c\u00f3mo fue el inici\u00f3 del curso? \u00bfTe cost\u00f3 familiarizarte con los aspectos t\u00e9cnicos relacionados con los procesos de mecanizado?<\/strong><\/p>\n<p>Al principio tuve bastante incertidumbre, no sab\u00eda si iba a poder ser capaz de aprobar las asignaturas, era un mundo completamente nuevo para m\u00ed. Pero poco a poco esas dudas se fueron disipando, empec\u00e9 a asistir a las clases y vi que me desenvolv\u00eda bien con las materias. He tenido un apoyo constante por parte del grupo docente, he sentido que se preocupaban por nosotros, no s\u00f3lo de impartir los contenidos did\u00e1cticos, sino tambi\u00e9n en el aspecto humano. Se han esforzado mucho en que nos sintamos c\u00f3modas en el aula. Y esto ha sido muy importante, me ha permitido estar tranquila y con confianza, centrarme en los estudios y obtener buenos resultados acad\u00e9micos. Estoy muy contenta, suelo venir a clase con muchas ganas e ilusi\u00f3n.<\/p>\n<p><strong>\u00bfC\u00f3mo ha sido la relaci\u00f3n con el resto de compa\u00f1eras y compa\u00f1eros de clase?<\/strong><\/p>\n<p>Muy buena, hemos formado un grupo muy cohesionado, tenemos muy buen ambiente y nos apoyamos unos a otros de forma constante. En clase estamos 8 chicas y 8 chicos, este hecho me sorprendi\u00f3, no esperaba encontrar a tantas compa\u00f1eras en clase. He podido ver que la presencia de mujeres en ciclos formativos superiores orientados al \u00e1mbito industrial est\u00e1 aumentando y animar\u00eda al resto de mujeres a inscribirse en este tipo de ciclos. Creo que las mujeres podemos aportar mucho al \u00e1mbito industrial.<\/p>\n<p><strong>\u00bfQu\u00e9 planes tienes para el futuro?<\/strong><\/p>\n<p>Lo primero es acabar este ciclo. Durante el pr\u00f3ximo curso me gustar\u00eda participar el programa DUAL intensivo. Me han dicho que en MGEP la mayor\u00eda del alumnado tiene la posibilidad de realizar parte de los estudios trabajando en una empresa. Tener contacto con el mundo real me ayuda mucho, me ayuda a consolidar lo aprendido a formar una buena base. Cuando estudi\u00e9 el ciclo de est\u00e9tica tuve la ocasi\u00f3n de realizar un DUAL intensivo y la experiencia me gust\u00f3 mucho.<\/p>\n<p>Por otra parte, me gustan las matem\u00e1ticas y me he sentido muy c\u00f3moda estudiando materias con contenidos t\u00e9cnicos. Los resultados acad\u00e9micos han sido muy buenos y estoy analizando la posibilidad de realizar un Grado, Ingenier\u00eda mecatr\u00f3nica, por ejemplo.<\/p>\n","protected":false},"excerpt":{"rendered":"<p>Os traemos el testimonio de Denisse Garc\u00eda Carpio, alumna de Mondragon Goi Eskola Politeknikoa (MGEP). Denisse, est\u00e1 cursando actualmente el primer curso del ciclo superior de Programaci\u00f3n de la Producci\u00f3n en Fabricaci\u00f3n Mec\u00e1nica. Este a\u00f1o has comenzado los estudios correspondientes al ciclo superior de programaci\u00f3n de la producci\u00f3n en fabricaci\u00f3n mec\u00e1nica, \u00bfPor qu\u00e9 elegiste cursar este ciclo? Con 16 a\u00f1os vine a vivir a Euskadi desde Per\u00fa, mi pa\u00eds de origen. En seguida tuve claro que para poder encontrar un empleo deb\u00eda cursar estudios, as\u00ed que me inscrib\u00ed en un ciclo medio de Est\u00e9tica y belleza. Tras realizar este ciclo, y tras hablar con varios amigos, me llam\u00f3 la atenci\u00f3n el mundo del mecanizado. No tiene nada que ver con la est\u00e9tica, pero yo sent\u00eda curiosidad, as\u00ed que decid\u00ed informarme y pregunt\u00e9 en MGEP. Aqu\u00ed me hablaron del ciclo superior&#8230;<\/p>\n","protected":false},"author":289,"featured_media":-1,"comment_status":"open","ping_status":"open","sticky":false,"template":"","format":"standard","meta":[],"categories":[114,341,169],"tags":[],"amp_enabled":true,"_links":{"self":[{"href":"https:\/\/mukom.mondragon.edu\/mondragonfp\/wp-json\/wp\/v2\/posts\/8712"}],"collection":[{"href":"https:\/\/mukom.mondragon.edu\/mondragonfp\/wp-json\/wp\/v2\/posts"}],"about":[{"href":"https:\/\/mukom.mondragon.edu\/mondragonfp\/wp-json\/wp\/v2\/types\/post"}],"author":[{"embeddable":true,"href":"https:\/\/mukom.mondragon.edu\/mondragonfp\/wp-json\/wp\/v2\/users\/289"}],"replies":[{"embeddable":true,"href":"https:\/\/mukom.mondragon.edu\/mondragonfp\/wp-json\/wp\/v2\/comments?post=8712"}],"version-history":[{"count":3,"href":"https:\/\/mukom.mondragon.edu\/mondragonfp\/wp-json\/wp\/v2\/posts\/8712\/revisions"}],"predecessor-version":[{"id":8722,"href":"https:\/\/mukom.mondragon.edu\/mondragonfp\/wp-json\/wp\/v2\/posts\/8712\/revisions\/8722"}],"wp:featuredmedia":[{"embeddable":true,"href":"https:\/\/mukom.mondragon.edu\/mondragonfp\/wp-json\/"}],"wp:attachment":[{"href":"https:\/\/mukom.mondragon.edu\/mondragonfp\/wp-json\/wp\/v2\/media?parent=8712"}],"wp:term":[{"taxonomy":"category","embeddable":true,"href":"https:\/\/mukom.mondragon.edu\/mondragonfp\/wp-json\/wp\/v2\/categories?post=8712"},{"taxonomy":"post_tag","embeddable":true,"href":"https:\/\/mukom.mondragon.edu\/mondragonfp\/wp-json\/wp\/v2\/tags?post=8712"}],"curies":[{"name":"wp","href":"https:\/\/api.w.org\/{rel}","templated":true}]}}