{"id":8762,"date":"2026-04-22T10:02:58","date_gmt":"2026-04-22T08:02:58","guid":{"rendered":"https:\/\/mukom.mondragon.edu\/mondragonfp\/?p=8762"},"modified":"2026-04-22T10:02:58","modified_gmt":"2026-04-22T08:02:58","slug":"mecatronica-industrial-programa-de-formacion-amazon-cuando-tras-mucho-intentarlo-encuentras-solucion-a-un-problema-lo-aprendido-ya-no-se-te-olvida","status":"publish","type":"post","link":"https:\/\/mukom.mondragon.edu\/mondragonfp\/es\/2026\/04\/22\/mecatronica-industrial-programa-de-formacion-amazon-cuando-tras-mucho-intentarlo-encuentras-solucion-a-un-problema-lo-aprendido-ya-no-se-te-olvida\/","title":{"rendered":"Mecatr\u00f3nica Industrial, programa de formaci\u00f3n Amazon: \u201cCuando, tras mucho intentarlo, encuentras soluci\u00f3n a un problema, lo aprendido ya no se te olvida\u201d"},"content":{"rendered":"<p><em>Os traemos el testimonio de <strong>Rodolfo Garc\u00eda N\u00fa\u00f1ez<\/strong> que pertenece a la segunda promoci\u00f3n del <a href=\"https:\/\/aprendeconamazon.es\/\">programa de formaci\u00f3n de AMAZON<\/a>. Rodolfo ha cursado durante dos a\u00f1os el <a href=\"https:\/\/www.mondragon.edu\/es\/formacion-profesional-mecatronica-industrial\">ciclo superior de Mecatr\u00f3nica Industrial<\/a> en <a href=\"https:\/\/www.mondragon.edu\/es\/ciclos-formativos-grado-superior\/oferta-formacion-profesional\">Mondragon Goi Eskola Politeknikoa<\/a> (MGEP).<\/em><\/p>\n<p><a href=\"https:\/\/live.staticflickr.com\/65535\/55223047446_e84a026ef2_z.jpg\"><img loading=\"lazy\" class=\"aligncenter size-medium\" src=\"https:\/\/live.staticflickr.com\/65535\/55223047446_e84a026ef2_z.jpg\" width=\"640\" height=\"480\" \/><\/a><\/p>\n<p><strong>\u00bfCu\u00e1l ha sido la raz\u00f3n que te llev\u00f3 a incorporarte a este programa? <\/strong><\/p>\n<p>Vine de Venezuela, mi pa\u00eds de origen, a Espa\u00f1a en 2021 y comenc\u00e9 a trabajar en Orange. Me hablaron del programa aprendices de Amazon y desde el primer momento tuve claro que quer\u00eda participar. Durante los dos primeros a\u00f1os me inscrib\u00ed para el centro de Barcelona, pero no tuve la suerte de ser escogido, al tercer a\u00f1o me inscrib\u00ed para el centro de Girona y esta vez s\u00ed, tuve la oportunidad de incorporarme al ciclo superior de mecatr\u00f3nica Industria que se imparte en MGEP.<\/p>\n<p><strong>\u00bfC\u00f3mo fueron los inicios?, \u00bfte ha resultado f\u00e1cil adaptarte a la nueva din\u00e1mica?, \u00bfQu\u00e9 requiere este programa?<\/strong><\/p>\n<p>La acogida en Eskola fue muy buena, tengo muy buen recuerdo de esos primeros d\u00edas. Los profesores hicieron un gran esfuerzo para que nos sinti\u00e9ramos integrados. Hasta ese momento impart\u00edan este ciclo en euskera y tuvieron que adaptarlo para poder ofrecer todas las asignaturas en castellano.<\/p>\n<p>Una vez que dimos inicio al curso fuimos conscientes de que los periodos que \u00edbamos a pasar en Eskola iban ser intensos ya que el contenido que normalmente se trata en 3 meses hab\u00eda que tratarlo en mes y medio, acudiendo 8 horas diarias a clase. Esto me ha ayudado mucho a aprender a organizarme, y esta ha sido la clave. Con una buena organizaci\u00f3n es bastante factible o asequible seguir el ritmo de las asignaturas y superar el curso.<\/p>\n<p><strong>\u00bfC\u00f3mo ha sido la experiencia en MGEP?, \u00bfQu\u00e9 factores positivos destacar\u00edas?<\/strong><\/p>\n<p>Por un lado, me gustar\u00eda destacar las instalaciones, los alumnos hemos tenido la oportunidad de tener acceso a m\u00e1quinas y maquetas de forma individual en lugar de hacerlo en grupo. Cuando hay una m\u00e1quina para cada alumno el proceso de aprendizaje mejora mucho, ya que manejas t\u00fa mismo la m\u00e1quina y no te queda m\u00e1s remedio que aprender a utilizarla. Las horas de aula han estado bien equilibradas, ha habido asignaturas m\u00e1s te\u00f3ricas y otras m\u00e1s pr\u00e1cticas pero visto desde un punto de vista general dir\u00eda que el ciclo est\u00e1 muy bien equilibrado, hemos pasado horas en clases te\u00f3ricas y otras muchas en el taller, realizando pr\u00e1cticas.<\/p>\n<p>Otro aspecto positivo han sido los retos. Los retos favorecen el trabajo en equipo, la interrelaci\u00f3n entre los compa\u00f1eros y tambi\u00e9n entre todos los grupos. En los retos hemos visto que el trabajo individual no sirve de mucho, es necesario coordinarse y proponer soluciones conjuntas de grupo. Esto nos viene muy bien de cara al futuro ya que en Amazon tendremos que integrarnos en grades equipos y coordinarnos. Por otra parte, en los retos se no han planteado problemas reales, y hemos estado intentando buscar soluciones reales. Este proceso de an\u00e1lisis prueba y error mejora en gran medida el proceso de aprendizaje y nos permite aplicarlo al entorno donde trabajamos. Cuando consigues algo, encuentras una soluci\u00f3n a un problema tras mucho esfuerzo, eso ya no se te olvida. Adem\u00e1s, te sientes satisfecho con el trabajo que has hecho y sobre todo orgulloso.<\/p>\n<p><strong>\u00bfQu\u00e9 planes tienes para el futuro?<\/strong><\/p>\n<p>Estoy deseando empezar a trabajar en Amazon e integrarme en un equipo de trabajo de mantenimiento para poder poner en pr\u00e1ctica lo aprendido en MGEP. Creo que tengo capacidad para poder aportar valor a las tareas que voy a realizar en Amazon.<\/p>\n<p>Por otra parte, y de cara a un futuro m\u00e1s lejano, no descarto seguir estudiando y form\u00e1ndome. No podr\u00eda decir que este ciclo haya sido f\u00e1cil pero tampoco me ha parecido muy complicado. Con trabajo diario y constante he podido obtener muy buenas calificaciones y creo que podr\u00eda dar el salto y realizar un Grado en Ingenier\u00eda mecatr\u00f3nica. Esto es algo que no descarto de cara al futuro, adem\u00e1s es algo que podr\u00eda estar alienado con mis expectativas en Amazon.<\/p>\n<p><a href=\"https:\/\/live.staticflickr.com\/65535\/55223293929_65bf6c317c_z.jpg\"><img loading=\"lazy\" class=\"aligncenter size-medium\" src=\"https:\/\/live.staticflickr.com\/65535\/55223293929_65bf6c317c_z.jpg\" width=\"640\" height=\"480\" \/><\/a><\/p>\n","protected":false},"excerpt":{"rendered":"<p>Os traemos el testimonio de Rodolfo Garc\u00eda N\u00fa\u00f1ez que pertenece a la segunda promoci\u00f3n del programa de formaci\u00f3n de AMAZON. Rodolfo ha cursado durante dos a\u00f1os el ciclo superior de Mecatr\u00f3nica Industrial en Mondragon Goi Eskola Politeknikoa (MGEP). \u00bfCu\u00e1l ha sido la raz\u00f3n que te llev\u00f3 a incorporarte a este programa? Vine de Venezuela, mi pa\u00eds de origen, a Espa\u00f1a en 2021 y comenc\u00e9 a trabajar en Orange. Me hablaron del programa aprendices de Amazon y desde el primer momento tuve claro que quer\u00eda participar. Durante los dos primeros a\u00f1os me inscrib\u00ed para el centro de Barcelona, pero no tuve la suerte de ser escogido, al tercer a\u00f1o me inscrib\u00ed para el centro de Girona y esta vez s\u00ed, tuve la oportunidad de incorporarme al ciclo superior de mecatr\u00f3nica Industria que se imparte en MGEP. \u00bfC\u00f3mo fueron los inicios?, \u00bfte&#8230;<\/p>\n","protected":false},"author":289,"featured_media":-1,"comment_status":"open","ping_status":"open","sticky":false,"template":"","format":"standard","meta":[],"categories":[223,114,359],"tags":[],"amp_enabled":true,"_links":{"self":[{"href":"https:\/\/mukom.mondragon.edu\/mondragonfp\/wp-json\/wp\/v2\/posts\/8762"}],"collection":[{"href":"https:\/\/mukom.mondragon.edu\/mondragonfp\/wp-json\/wp\/v2\/posts"}],"about":[{"href":"https:\/\/mukom.mondragon.edu\/mondragonfp\/wp-json\/wp\/v2\/types\/post"}],"author":[{"embeddable":true,"href":"https:\/\/mukom.mondragon.edu\/mondragonfp\/wp-json\/wp\/v2\/users\/289"}],"replies":[{"embeddable":true,"href":"https:\/\/mukom.mondragon.edu\/mondragonfp\/wp-json\/wp\/v2\/comments?post=8762"}],"version-history":[{"count":2,"href":"https:\/\/mukom.mondragon.edu\/mondragonfp\/wp-json\/wp\/v2\/posts\/8762\/revisions"}],"predecessor-version":[{"id":8764,"href":"https:\/\/mukom.mondragon.edu\/mondragonfp\/wp-json\/wp\/v2\/posts\/8762\/revisions\/8764"}],"wp:featuredmedia":[{"embeddable":true,"href":"https:\/\/mukom.mondragon.edu\/mondragonfp\/wp-json\/"}],"wp:attachment":[{"href":"https:\/\/mukom.mondragon.edu\/mondragonfp\/wp-json\/wp\/v2\/media?parent=8762"}],"wp:term":[{"taxonomy":"category","embeddable":true,"href":"https:\/\/mukom.mondragon.edu\/mondragonfp\/wp-json\/wp\/v2\/categories?post=8762"},{"taxonomy":"post_tag","embeddable":true,"href":"https:\/\/mukom.mondragon.edu\/mondragonfp\/wp-json\/wp\/v2\/tags?post=8762"}],"curies":[{"name":"wp","href":"https:\/\/api.w.org\/{rel}","templated":true}]}}