{"id":8770,"date":"2026-04-29T09:00:53","date_gmt":"2026-04-29T07:00:53","guid":{"rendered":"https:\/\/mukom.mondragon.edu\/mondragonfp\/?p=8770"},"modified":"2026-04-24T13:03:20","modified_gmt":"2026-04-24T11:03:20","slug":"mecatronica-industrial-programa-de-formacion-amazon-en-un-reto-tienes-responsabilidad-tanto-propia-como-de-grupo-y-esto-te-obliga-a-hacer-las-cosas-bien","status":"publish","type":"post","link":"https:\/\/mukom.mondragon.edu\/mondragonfp\/es\/2026\/04\/29\/mecatronica-industrial-programa-de-formacion-amazon-en-un-reto-tienes-responsabilidad-tanto-propia-como-de-grupo-y-esto-te-obliga-a-hacer-las-cosas-bien\/","title":{"rendered":"Mecatr\u00f3nica Industrial, programa de formaci\u00f3n Amazon: \u201cEn un reto tienes responsabilidad, tanto propia como de grupo, y esto te obliga a hacer las cosas bien\u201d"},"content":{"rendered":"<p><em>Os traemos el testimonio de <strong>Fran Robles Aparicio<\/strong> que pertenece a la segunda promoci\u00f3n del <a href=\"https:\/\/aprendeconamazon.es\/\">programa de formaci\u00f3n de AMAZON<\/a>. Fran ha cursado durante dos a\u00f1os el <a href=\"https:\/\/www.mondragon.edu\/es\/formacion-profesional-mecatronica-industrial\">ciclo superior de Mecatr\u00f3nica Industrial<\/a> en <a href=\"https:\/\/www.mondragon.edu\/es\/ciclos-formativos-grado-superior\/oferta-formacion-profesional\">Mondragon Goi Eskola Politeknikoa<\/a> (MGEP).<\/em><\/p>\n<p><a href=\"https:\/\/live.staticflickr.com\/65535\/55225480885_c8aa5d2098_z.jpg\"><img loading=\"lazy\" class=\"aligncenter size-medium\" src=\"https:\/\/live.staticflickr.com\/65535\/55225480885_c8aa5d2098_z.jpg\" width=\"640\" height=\"480\" \/><\/a><\/p>\n<p><strong>\u00bfCu\u00e1l ha sido la raz\u00f3n que te llev\u00f3 a incorporarte a este programa? <\/strong><\/p>\n<p>El primer contacto con Amazon lo tuve en el centro de Barcelona donde trabaj\u00e9 durante a\u00f1o y medio como empleado de almac\u00e9n. Despu\u00e9s volv\u00ed a Murcia, a Cartagena, a mi ciudad de origen y en 2023 pude incorporarme al centro de Amazon de all\u00ed. Desde un primer momento tuve claro que no me conformaba con trabajar en el almac\u00e9n, yo quer\u00eda ser un t\u00e9cnico de mantenimiento y empec\u00e9 a ver qu\u00e9 pasos deb\u00eda dar para conseguirlo. Mientras trabajaba en este centro pude conocer a Pedro, que hab\u00eda sido seleccionado para el programa de formaci\u00f3n de Amazon, nos dijo que se iba a Arrasate a estudiar un ciclo superior de mecatr\u00f3nica industrial que luego le permitir\u00eda acceder a puesto de t\u00e9cnico de mantenimiento. Desde ese momento vi claro lo que ten\u00eda que hacer, llam\u00e9 a todas las puertas, solicit\u00e9 entrevistas, no deje ninguna opci\u00f3n sin abordar. Se puede decir que no par\u00e9 hasta conseguir inscribirme en este programa.<\/p>\n<p><strong>\u00bfC\u00f3mo fueron los inicios?, \u00bfTe result\u00f3 f\u00e1cil adaptarte a la nueva din\u00e1mica?<\/strong><\/p>\n<p>Recuerdo muy bien el primer d\u00eda que llegamos a Arrasate \u00a1Hac\u00eda sol! Nos hab\u00edan dicho que en Euskadi siempre hac\u00eda mal tiempo, pero al llegar nos recibi\u00f3 el sol. Todo era diferente al lugar donde vivo, las monta\u00f1as, el paisaje verde, \u00a1hab\u00eda hasta un r\u00edo donde corr\u00eda agua!<\/p>\n<p>Una de las cosas positivas que ve\u00eda al hecho de inscribirme en este programa era que iba a conocer a mucha gente diferente, que ven\u00eda de regiones y pa\u00edses diferentes, de culturas diferentes, y eso me parec\u00eda muy enriquecedor. Esa primera semana estuvimos juntos los 60 alumnos del programa y nos fuimos conociendo poco a poco.<\/p>\n<p>La acogida por parte del grupo docente tambi\u00e9n fue muy buena. Mostraron un trato cercano desde un primer momento y esto era algo a lo que no estaba habituado. Siempre han mostrado una actitud positiva, queri\u00e9ndonos ayudar y apoyar en todo momento.<\/p>\n<p><a href=\"https:\/\/live.staticflickr.com\/65535\/55226380972_2bb4a7772b_z.jpg\"><img loading=\"lazy\" class=\"aligncenter size-medium\" src=\"https:\/\/live.staticflickr.com\/65535\/55226380972_2bb4a7772b_z.jpg\" width=\"482\" height=\"640\" \/><\/a><\/p>\n<p><strong>\u00bfC\u00f3mo ha sido la experiencia en MGEP durante estos dos a\u00f1os?, \u00bfQu\u00e9 factores positivos destacar\u00edas?<\/strong><\/p>\n<p>Lo que m\u00e1s me ha llamado la atenci\u00f3n es Eskola han sido las instalaciones industriales y la posibilidad de que cada alumno hayamos tenido acceso a nuestras propias m\u00e1quinas a la hora de realizar las pr\u00e1cticas en el taller. Tambi\u00e9n hemos tenido acceso a tecnolog\u00eda puntera, m\u00e1quinas de corte por l\u00e1ser, robots\u2026 Instalaciones que no son f\u00e1ciles de ver en el \u00e1mbito industrial y mucho menos en el acad\u00e9mico.<\/p>\n<p>Los retos que nos han planteado durante los dos cursos tambi\u00e9n han estado muy bien. Han sido problemas reales, a los que deb\u00edamos dar soluciones reales. Cada alumno ten\u00edamos que mecanizar una pieza en nuestra m\u00e1quina, pero el conjunto de piezas pertenec\u00eda a una cinta de transporte que luego ten\u00edamos que ensamblar y montar. Por tanto, uno sent\u00eda una doble responsabilidad, por un lado, la propia, ya que la nota individual depend\u00eda de la pieza que fabricase cada uno, pero tambi\u00e9n una responsabilidad de grupo, ya que esa pieza iba a servir para evaluar al grupo entero tras relazar el montaje. Esto te obliga a hacer las cosas bien y sirve para comprender la importancia del trabajo en grupo y la coordinaci\u00f3n entre los grupos, algo que en MGEP se le da mucha importancia.<\/p>\n<p>Tambi\u00e9n me gustar\u00eda destacar la profesionalidad del grupo docente. Algunos provienen del \u00e1mbito industrial y son capaces de aportar no solo conocimiento, sino tambi\u00e9n experiencias reales. Cuando alguien te explica los contenidos te\u00f3ricos, pero al mismo tiempo es capaz de contarte experiencias reales a la hora de aplicar esos conceptos en el mundo industrial real, muestras mucho m\u00e1s inter\u00e9s, porque ves que lo que aprendes luego sirve para algo.<\/p>\n<p>Por \u00faltimo, est\u00e1 la biblioteca, un lugar donde he pasado muchas horas. Sol\u00eda acudir a estudiar, pero tambi\u00e9n puedes reservas salas para realizar diferentes tipos de actividades. Hay muchos libros y algunos muy interesantes, no solo relacionados con contenidos propios de una escuela polit\u00e9cnica. Hay libros de historia, por ejemplo.<\/p>\n<p><a href=\"https:\/\/live.staticflickr.com\/65535\/55226380947_6a6e7762bc_z.jpg\"><img loading=\"lazy\" class=\"aligncenter size-medium\" src=\"https:\/\/live.staticflickr.com\/65535\/55226380947_6a6e7762bc_z.jpg\" width=\"480\" height=\"640\" \/><\/a><\/p>\n<p><strong>\u00bfQu\u00e9 planes tienes para el futuro?<\/strong><\/p>\n<p>Mi primer objetivo es el consolidar un puesto de t\u00e9cnico de mantenimiento en Amazon. Me he preparado para ello y creo que puedo aportar valor al puesto y a la empresa. Ahora que he vuelto al mundo acad\u00e9mico ya siendo adulto, he visto los procesos de aprendizaje de otra forma m\u00e1s serena, y me he dado cuenta que tengo capacidad para poder cursar estudios superiores. No podr\u00eda decir que el ciclo me ha resultado sencillo, pero tampoco ha sido complicado, y con trabajo y disciplina he podido obtener buenas calificaciones en todas las materias. Por tanto, en el futuro tengo claro que voy a seguir estudiando, adem\u00e1s creo que es algo que requiere la forma de vida actual.<\/p>\n<p><a href=\"https:\/\/live.staticflickr.com\/65535\/55225239413_2c10ceddb4_z.jpg\"><img loading=\"lazy\" class=\"aligncenter size-medium\" src=\"https:\/\/live.staticflickr.com\/65535\/55225239413_2c10ceddb4_z.jpg\" width=\"640\" height=\"480\" \/><\/a><\/p>\n","protected":false},"excerpt":{"rendered":"<p>Os traemos el testimonio de Fran Robles Aparicio que pertenece a la segunda promoci\u00f3n del programa de formaci\u00f3n de AMAZON. Fran ha cursado durante dos a\u00f1os el ciclo superior de Mecatr\u00f3nica Industrial en Mondragon Goi Eskola Politeknikoa (MGEP). \u00bfCu\u00e1l ha sido la raz\u00f3n que te llev\u00f3 a incorporarte a este programa? El primer contacto con Amazon lo tuve en el centro de Barcelona donde trabaj\u00e9 durante a\u00f1o y medio como empleado de almac\u00e9n. Despu\u00e9s volv\u00ed a Murcia, a Cartagena, a mi ciudad de origen y en 2023 pude incorporarme al centro de Amazon de all\u00ed. Desde un primer momento tuve claro que no me conformaba con trabajar en el almac\u00e9n, yo quer\u00eda ser un t\u00e9cnico de mantenimiento y empec\u00e9 a ver qu\u00e9 pasos deb\u00eda dar para conseguirlo. Mientras trabajaba en este centro pude conocer a Pedro, que hab\u00eda sido seleccionado&#8230;<\/p>\n","protected":false},"author":289,"featured_media":-1,"comment_status":"open","ping_status":"open","sticky":false,"template":"","format":"standard","meta":[],"categories":[223,114,359],"tags":[],"amp_enabled":true,"_links":{"self":[{"href":"https:\/\/mukom.mondragon.edu\/mondragonfp\/wp-json\/wp\/v2\/posts\/8770"}],"collection":[{"href":"https:\/\/mukom.mondragon.edu\/mondragonfp\/wp-json\/wp\/v2\/posts"}],"about":[{"href":"https:\/\/mukom.mondragon.edu\/mondragonfp\/wp-json\/wp\/v2\/types\/post"}],"author":[{"embeddable":true,"href":"https:\/\/mukom.mondragon.edu\/mondragonfp\/wp-json\/wp\/v2\/users\/289"}],"replies":[{"embeddable":true,"href":"https:\/\/mukom.mondragon.edu\/mondragonfp\/wp-json\/wp\/v2\/comments?post=8770"}],"version-history":[{"count":4,"href":"https:\/\/mukom.mondragon.edu\/mondragonfp\/wp-json\/wp\/v2\/posts\/8770\/revisions"}],"predecessor-version":[{"id":8785,"href":"https:\/\/mukom.mondragon.edu\/mondragonfp\/wp-json\/wp\/v2\/posts\/8770\/revisions\/8785"}],"wp:featuredmedia":[{"embeddable":true,"href":"https:\/\/mukom.mondragon.edu\/mondragonfp\/wp-json\/"}],"wp:attachment":[{"href":"https:\/\/mukom.mondragon.edu\/mondragonfp\/wp-json\/wp\/v2\/media?parent=8770"}],"wp:term":[{"taxonomy":"category","embeddable":true,"href":"https:\/\/mukom.mondragon.edu\/mondragonfp\/wp-json\/wp\/v2\/categories?post=8770"},{"taxonomy":"post_tag","embeddable":true,"href":"https:\/\/mukom.mondragon.edu\/mondragonfp\/wp-json\/wp\/v2\/tags?post=8770"}],"curies":[{"name":"wp","href":"https:\/\/api.w.org\/{rel}","templated":true}]}}